{"id":4693,"date":"2025-07-25T18:20:43","date_gmt":"2025-07-25T18:20:43","guid":{"rendered":"https:\/\/www.rengoenlanoticia.cl\/prensa\/?p=4693"},"modified":"2025-07-25T18:29:33","modified_gmt":"2025-07-25T18:29:33","slug":"atencion-vecinos-de-rengo","status":"publish","type":"post","link":"https:\/\/www.rengoenlanoticia.cl\/prensa\/2025\/07\/25\/atencion-vecinos-de-rengo\/","title":{"rendered":"\u00a1ATENCI\u00d3N VECINOS DE RENGO!"},"content":{"rendered":"\n<p>La diputada <strong>Natalia Romero<\/strong> ofrecer\u00e1 una charla informativa este martes 29 de julio, donde se abordar\u00e1 en detalle el <strong>Proyecto de Ley de Seguridad Municipal<\/strong>, iniciativa que busca fortalecer las capacidades de los municipios en la prevenci\u00f3n del delito y el resguardo del orden p\u00fablico.<\/p>\n\n\n\n<p>El encuentro est\u00e1 dirigido a dirigentes vecinales, estudiantes y ciudadan\u00eda en general interesada en conocer c\u00f3mo esta propuesta legislativa busca mejorar la seguridad en los barrios y entregar mayores herramientas a los municipios para actuar de forma m\u00e1s eficiente y coordinada.<\/p>\n\n\n\n<p>Esta actividad representa una instancia clave para resolver dudas, compartir opiniones y conocer de primera mano los alcances de esta importante propuesta.<\/p>\n\n\n\n<p>\u00a1Te esperamos!<\/p>\n","protected":false},"excerpt":{"rendered":"La diputada Natalia Romero ofrecer\u00e1 una charla informativa este martes 29 de julio, donde se abordar\u00e1 en detalle&hellip;\n","protected":false},"author":1,"featured_media":4697,"comment_status":"open","ping_status":"open","sticky":false,"template":"","format":"standard","meta":{"_monsterinsights_skip_tracking":false,"_monsterinsights_sitenote_active":false,"_monsterinsights_sitenote_note":"","_monsterinsights_sitenote_category":0,"footnotes":""},"categories":[8],"tags":[],"class_list":{"0":"post-4693","1":"post","2":"type-post","3":"status-publish","4":"format-standard","5":"has-post-thumbnail","7":"category-portada"},"aioseo_notices":[],"_links":{"self":[{"href":"https:\/\/www.rengoenlanoticia.cl\/prensa\/wp-json\/wp\/v2\/posts\/4693","targetHints":{"allow":["GET"]}}],"collection":[{"href":"https:\/\/www.rengoenlanoticia.cl\/prensa\/wp-json\/wp\/v2\/posts"}],"about":[{"href":"https:\/\/www.rengoenlanoticia.cl\/prensa\/wp-json\/wp\/v2\/types\/post"}],"author":[{"embeddable":true,"href":"https:\/\/www.rengoenlanoticia.cl\/prensa\/wp-json\/wp\/v2\/users\/1"}],"replies":[{"embeddable":true,"href":"https:\/\/www.rengoenlanoticia.cl\/prensa\/wp-json\/wp\/v2\/comments?post=4693"}],"version-history":[{"count":3,"href":"https:\/\/www.rengoenlanoticia.cl\/prensa\/wp-json\/wp\/v2\/posts\/4693\/revisions"}],"predecessor-version":[{"id":4701,"href":"https:\/\/www.rengoenlanoticia.cl\/prensa\/wp-json\/wp\/v2\/posts\/4693\/revisions\/4701"}],"wp:featuredmedia":[{"embeddable":true,"href":"https:\/\/www.rengoenlanoticia.cl\/prensa\/wp-json\/wp\/v2\/media\/4697"}],"wp:attachment":[{"href":"https:\/\/www.rengoenlanoticia.cl\/prensa\/wp-json\/wp\/v2\/media?parent=4693"}],"wp:term":[{"taxonomy":"category","embeddable":true,"href":"https:\/\/www.rengoenlanoticia.cl\/prensa\/wp-json\/wp\/v2\/categories?post=4693"},{"taxonomy":"post_tag","embeddable":true,"href":"https:\/\/www.rengoenlanoticia.cl\/prensa\/wp-json\/wp\/v2\/tags?post=4693"}],"curies":[{"name":"wp","href":"https:\/\/api.w.org\/{rel}","templated":true}]}}