{"id":4685,"date":"2025-07-25T02:15:17","date_gmt":"2025-07-25T02:15:17","guid":{"rendered":"https:\/\/www.rengoenlanoticia.cl\/prensa\/?p=4685"},"modified":"2025-07-25T02:15:19","modified_gmt":"2025-07-25T02:15:19","slug":"diputada-marta-gonzalez-y-agrupaciones-de-la-red-nacional-de-cuidados-encabezan-reunion-de-la-bancada-de-cuidados-en-el-congreso","status":"publish","type":"post","link":"https:\/\/www.rengoenlanoticia.cl\/prensa\/2025\/07\/25\/diputada-marta-gonzalez-y-agrupaciones-de-la-red-nacional-de-cuidados-encabezan-reunion-de-la-bancada-de-cuidados-en-el-congreso\/","title":{"rendered":"Diputada Marta Gonz\u00e1lez y agrupaciones de la Red Nacional de Cuidados encabezan reuni\u00f3n de la Bancada de Cuidados en el Congreso"},"content":{"rendered":"\n<p>La Diputada de la Regi\u00f3n de O\u2019Higgins, Marta Gonz\u00e1lez, junto a agrupaciones de la Red Nacional de Cuidados, encabez\u00f3 en el Congreso Nacional la primera sesi\u00f3n de la Bancada por los Cuidados, la Conciliaci\u00f3n y la Corresponsabilidad Social.<\/p>\n\n\n\n<p>Esta iniciativa, impulsada por la parlamentaria en conjunto con organizaciones sociales, busca avanzar en una agenda legislativa que ponga en el centro a las familias, los ni\u00f1os y el reconocimiento del trabajo de cuidados.<\/p>\n\n\n\n<p>\u201cLo que buscamos como bancada es que todas estas voluntades del apoyo a los cuidados, a las madres y a las familias, se traduzcan en acciones concretas y en proyectos de ley que le hagan sentido a la ciudadan\u00eda y que organizaciones de la sociedad civil han venido trabajando hace mucho tiempo\u201d, Marta Gonz\u00e1lez.<\/p>\n\n\n\n<p>Entre las agrupaciones participantes estuvieron representantes del Movimiento de Mujeres del Sector P\u00fablico (MOMUSEP), Fundaci\u00f3n Ronda, la Asociaci\u00f3n de Profesionales Colombianos en Chile (ASOPROCOL), la Fundaci\u00f3n para Postrados y Cuidadores y Cuidadoras (APOS), Postnatal de Emergencia y la abogada Alexandra Pardo, conocida como \u201cMam\u00e1 Legal\u201d.<\/p>\n\n\n\n<p>Mar\u00eda Jos\u00e9 Escudero, directora de Fundaci\u00f3n Ronda, destac\u00f3 que durante la jornada se abordaron temas fundamentales como el Sistema Nacional de Apoyos y Cuidados, el teletrabajo en el sector p\u00fablico, la propuesta de Sala Cuna Universal, la Ley TEA, Mejor Ni\u00f1ez y el Postnatal de un A\u00f1o.<\/p>\n\n\n\n<p>La Diputada Gonz\u00e1lez insisti\u00f3 en que \u201ccuando decimos que los ni\u00f1os y las familias est\u00e1n primero, cuando hablamos de corresponsabilidad social, es fundamental que esto se traduzca en acciones concretas y para eso necesitamos el apoyo de todas las bancadas, y desde la sociedad civil nos han emplazado para que los diputados y diputadas nos comprometamos con este trabajo\u201d.<\/p>\n\n\n\n<p>\u201cEsperamos concretar avances de aqu\u00ed a diciembre. Este ser\u00e1 un trabajo profundamente colaborativo y agradecemos esta instancia, sobre todo a los presidentes y presidentas de comisiones que impulsar\u00e1n estos proyectos\u201d, cerr\u00f3 Mar\u00eda Jos\u00e9 Escudero.<\/p>\n","protected":false},"excerpt":{"rendered":"La Diputada de la Regi\u00f3n de O\u2019Higgins, Marta Gonz\u00e1lez, junto a agrupaciones de la Red Nacional de Cuidados,&hellip;\n","protected":false},"author":1,"featured_media":4686,"comment_status":"open","ping_status":"open","sticky":false,"template":"","format":"standard","meta":{"_monsterinsights_skip_tracking":false,"_monsterinsights_sitenote_active":false,"_monsterinsights_sitenote_note":"","_monsterinsights_sitenote_category":0,"footnotes":""},"categories":[11,8],"tags":[],"class_list":{"0":"post-4685","1":"post","2":"type-post","3":"status-publish","4":"format-standard","5":"has-post-thumbnail","7":"category-politica","8":"category-portada"},"aioseo_notices":[],"_links":{"self":[{"href":"https:\/\/www.rengoenlanoticia.cl\/prensa\/wp-json\/wp\/v2\/posts\/4685","targetHints":{"allow":["GET"]}}],"collection":[{"href":"https:\/\/www.rengoenlanoticia.cl\/prensa\/wp-json\/wp\/v2\/posts"}],"about":[{"href":"https:\/\/www.rengoenlanoticia.cl\/prensa\/wp-json\/wp\/v2\/types\/post"}],"author":[{"embeddable":true,"href":"https:\/\/www.rengoenlanoticia.cl\/prensa\/wp-json\/wp\/v2\/users\/1"}],"replies":[{"embeddable":true,"href":"https:\/\/www.rengoenlanoticia.cl\/prensa\/wp-json\/wp\/v2\/comments?post=4685"}],"version-history":[{"count":4,"href":"https:\/\/www.rengoenlanoticia.cl\/prensa\/wp-json\/wp\/v2\/posts\/4685\/revisions"}],"predecessor-version":[{"id":4691,"href":"https:\/\/www.rengoenlanoticia.cl\/prensa\/wp-json\/wp\/v2\/posts\/4685\/revisions\/4691"}],"wp:featuredmedia":[{"embeddable":true,"href":"https:\/\/www.rengoenlanoticia.cl\/prensa\/wp-json\/wp\/v2\/media\/4686"}],"wp:attachment":[{"href":"https:\/\/www.rengoenlanoticia.cl\/prensa\/wp-json\/wp\/v2\/media?parent=4685"}],"wp:term":[{"taxonomy":"category","embeddable":true,"href":"https:\/\/www.rengoenlanoticia.cl\/prensa\/wp-json\/wp\/v2\/categories?post=4685"},{"taxonomy":"post_tag","embeddable":true,"href":"https:\/\/www.rengoenlanoticia.cl\/prensa\/wp-json\/wp\/v2\/tags?post=4685"}],"curies":[{"name":"wp","href":"https:\/\/api.w.org\/{rel}","templated":true}]}}