{"id":4661,"date":"2025-07-25T01:36:48","date_gmt":"2025-07-25T01:36:48","guid":{"rendered":"https:\/\/www.rengoenlanoticia.cl\/prensa\/?p=4661"},"modified":"2025-07-25T01:39:47","modified_gmt":"2025-07-25T01:39:47","slug":"anuncian-importantes-medidas-de-seguridad-y-acceso-para-partido-de-alta-convocatoria-en-san-fernando","status":"publish","type":"post","link":"https:\/\/www.rengoenlanoticia.cl\/prensa\/2025\/07\/25\/anuncian-importantes-medidas-de-seguridad-y-acceso-para-partido-de-alta-convocatoria-en-san-fernando\/","title":{"rendered":"Anuncian Importantes Medidas de Seguridad y Acceso para Partido de Alta Convocatoria en San Fernando"},"content":{"rendered":"\n<p>Ante el pr\u00f3ximo partido de f\u00fatbol que se disputar\u00e1 en la ciudad de San Fernando, la organizaci\u00f3n del evento y las autoridades locales han informado a la comunidad sobre el exhaustivo plan de seguridad y las modalidades de acceso que se implementar\u00e1n para garantizar el correcto desarrollo del encuentro y la seguridad de todos los asistentes.<\/p>\n\n\n\n<p>Al respecto, la Delegada Presidencial Provincial, Marta Pizarro, destac\u00f3 el trabajo coordinado entre las distintas instituciones para asegurar un ambiente tranquilo y familiar.<\/p>\n\n\n\n<figure class=\"wp-block-image size-large\"><img loading=\"lazy\" decoding=\"async\" width=\"1024\" height=\"682\" src=\"https:\/\/www.rengoenlanoticia.cl\/prensa\/wp-content\/uploads\/2025\/07\/WhatsApp-Image-2025-07-24-at-20.55.48-1-1024x682.jpeg\" alt=\"\" class=\"wp-image-4663\" srcset=\"https:\/\/www.rengoenlanoticia.cl\/prensa\/wp-content\/uploads\/2025\/07\/WhatsApp-Image-2025-07-24-at-20.55.48-1-1024x682.jpeg 1024w, https:\/\/www.rengoenlanoticia.cl\/prensa\/wp-content\/uploads\/2025\/07\/WhatsApp-Image-2025-07-24-at-20.55.48-1-300x200.jpeg 300w, https:\/\/www.rengoenlanoticia.cl\/prensa\/wp-content\/uploads\/2025\/07\/WhatsApp-Image-2025-07-24-at-20.55.48-1-768x512.jpeg 768w, https:\/\/www.rengoenlanoticia.cl\/prensa\/wp-content\/uploads\/2025\/07\/WhatsApp-Image-2025-07-24-at-20.55.48-1-1536x1023.jpeg 1536w, https:\/\/www.rengoenlanoticia.cl\/prensa\/wp-content\/uploads\/2025\/07\/WhatsApp-Image-2025-07-24-at-20.55.48-1-110x73.jpeg 110w, https:\/\/www.rengoenlanoticia.cl\/prensa\/wp-content\/uploads\/2025\/07\/WhatsApp-Image-2025-07-24-at-20.55.48-1-200x133.jpeg 200w, https:\/\/www.rengoenlanoticia.cl\/prensa\/wp-content\/uploads\/2025\/07\/WhatsApp-Image-2025-07-24-at-20.55.48-1-380x253.jpeg 380w, https:\/\/www.rengoenlanoticia.cl\/prensa\/wp-content\/uploads\/2025\/07\/WhatsApp-Image-2025-07-24-at-20.55.48-1-255x170.jpeg 255w, https:\/\/www.rengoenlanoticia.cl\/prensa\/wp-content\/uploads\/2025\/07\/WhatsApp-Image-2025-07-24-at-20.55.48-1-550x366.jpeg 550w, https:\/\/www.rengoenlanoticia.cl\/prensa\/wp-content\/uploads\/2025\/07\/WhatsApp-Image-2025-07-24-at-20.55.48-1-800x533.jpeg 800w, https:\/\/www.rengoenlanoticia.cl\/prensa\/wp-content\/uploads\/2025\/07\/WhatsApp-Image-2025-07-24-at-20.55.48-1-1160x773.jpeg 1160w, https:\/\/www.rengoenlanoticia.cl\/prensa\/wp-content\/uploads\/2025\/07\/WhatsApp-Image-2025-07-24-at-20.55.48-1.jpeg 1600w\" sizes=\"auto, (max-width: 1024px) 100vw, 1024px\" \/><\/figure>\n\n\n\n<p><strong>\u201cEst\u00e1 todo preparado, dispuesto y coordinado, como nos ha pedido el Presidente de la Rep\u00fablica, Gabriel Boric, para que el evento deportivo del d\u00eda domingo sea un evento seguro y familiar. La Municipalidad de San Fernando, junto a todos los servicios p\u00fablicos convocados, ha realizado las acciones y coordinaciones necesarias para que este evento deportivo se desarrolle de manera segura y en un ambiente de tranquilidad para los asistentes\u201d<\/strong>, se\u00f1al\u00f3 la Delegada.<\/p>\n\n\n\n<p><strong>Medidas dispuestas<\/strong><\/p>\n\n\n\n<p><strong>Aforo y Acceso Prioritario<\/strong><\/p>\n\n\n\n<p>El aforo m\u00e1ximo autorizado para este evento ser\u00e1 de 4.000 espectadores. En esta oportunidad, se ha dispuesto que el ingreso ser\u00e1 restringido exclusivamente para p\u00fablico local.<\/p>\n\n\n\n<p>Se dar\u00e1 prioridad de acceso a aquellos hinchas de O&#8217;Higgins que hayan registrado asistencia permanente a todos los partidos que el club ha disputado en San Fernando durante la temporada 2025.<\/p>\n\n\n\n<p><strong><br>Horarios de Ingreso<\/strong><\/p>\n\n\n\n<ul class=\"wp-block-list\">\n<li><strong>Inicio del partido:<\/strong> 12:30 horas.<\/li>\n\n\n\n<li><strong>Apertura de puertas:<\/strong> 10:30 horas.<\/li>\n<\/ul>\n\n\n\n<p>Se recomienda a los asistentes llegar con antelaci\u00f3n para facilitar un ingreso expedito y ordenado a trav\u00e9s de los distintos filtros de seguridad.<\/p>\n\n\n\n<p><strong>Estrictas Medidas de Seguridad<\/strong><\/p>\n\n\n\n<p>El encuentro ha sido clasificado como <strong>Categor\u00eda B<\/strong>, lo que implica la aplicaci\u00f3n de un riguroso protocolo de seguridad:<\/p>\n\n\n\n<ul class=\"wp-block-list\">\n<li><strong>Prohibici\u00f3n de venta de alcohol:<\/strong> Queda estrictamente prohibida la venta y distribuci\u00f3n de bebidas alcoh\u00f3licas en un radio de cinco cuadras alrededor del estadio antes, durante y despu\u00e9s del partido.<\/li>\n\n\n\n<li><strong>Anillos de seguridad:<\/strong> Se establecer\u00e1 un per\u00edmetro de seguridad en torno al recinto, que contar\u00e1 con <strong>tres filtros de control<\/strong> para la revisi\u00f3n de entradas y el cumplimiento de las normativas de acceso.<\/li>\n\n\n\n<li><strong>Contingente de seguridad:<\/strong> El resguardo del orden estar\u00e1 a cargo de un equipo de <strong>100 guardias de seguridad privados<\/strong>, apoyados por un importante contingente de <strong>Carabineros de Chile<\/strong> que se desplegar\u00e1 en los accesos y en el per\u00edmetro del estadio.<\/li>\n<\/ul>\n\n\n\n<p>Se hace un llamado a la colaboraci\u00f3n y al buen comportamiento de todos los asistentes, a respetar las indicaciones del personal de seguridad y a contribuir para que este evento deportivo sea una fiesta segura para toda la comunidad.<\/p>\n","protected":false},"excerpt":{"rendered":"Ante el pr\u00f3ximo partido de f\u00fatbol que se disputar\u00e1 en la ciudad de San Fernando, la organizaci\u00f3n del&hellip;\n","protected":false},"author":2,"featured_media":4664,"comment_status":"open","ping_status":"open","sticky":false,"template":"","format":"standard","meta":{"_monsterinsights_skip_tracking":false,"_monsterinsights_sitenote_active":false,"_monsterinsights_sitenote_note":"","_monsterinsights_sitenote_category":0,"footnotes":""},"categories":[5,8],"tags":[],"class_list":{"0":"post-4661","1":"post","2":"type-post","3":"status-publish","4":"format-standard","5":"has-post-thumbnail","7":"category-policial","8":"category-portada"},"aioseo_notices":[],"_links":{"self":[{"href":"https:\/\/www.rengoenlanoticia.cl\/prensa\/wp-json\/wp\/v2\/posts\/4661","targetHints":{"allow":["GET"]}}],"collection":[{"href":"https:\/\/www.rengoenlanoticia.cl\/prensa\/wp-json\/wp\/v2\/posts"}],"about":[{"href":"https:\/\/www.rengoenlanoticia.cl\/prensa\/wp-json\/wp\/v2\/types\/post"}],"author":[{"embeddable":true,"href":"https:\/\/www.rengoenlanoticia.cl\/prensa\/wp-json\/wp\/v2\/users\/2"}],"replies":[{"embeddable":true,"href":"https:\/\/www.rengoenlanoticia.cl\/prensa\/wp-json\/wp\/v2\/comments?post=4661"}],"version-history":[{"count":3,"href":"https:\/\/www.rengoenlanoticia.cl\/prensa\/wp-json\/wp\/v2\/posts\/4661\/revisions"}],"predecessor-version":[{"id":4668,"href":"https:\/\/www.rengoenlanoticia.cl\/prensa\/wp-json\/wp\/v2\/posts\/4661\/revisions\/4668"}],"wp:featuredmedia":[{"embeddable":true,"href":"https:\/\/www.rengoenlanoticia.cl\/prensa\/wp-json\/wp\/v2\/media\/4664"}],"wp:attachment":[{"href":"https:\/\/www.rengoenlanoticia.cl\/prensa\/wp-json\/wp\/v2\/media?parent=4661"}],"wp:term":[{"taxonomy":"category","embeddable":true,"href":"https:\/\/www.rengoenlanoticia.cl\/prensa\/wp-json\/wp\/v2\/categories?post=4661"},{"taxonomy":"post_tag","embeddable":true,"href":"https:\/\/www.rengoenlanoticia.cl\/prensa\/wp-json\/wp\/v2\/tags?post=4661"}],"curies":[{"name":"wp","href":"https:\/\/api.w.org\/{rel}","templated":true}]}}