{"id":4654,"date":"2025-07-25T00:44:15","date_gmt":"2025-07-25T00:44:15","guid":{"rendered":"https:\/\/www.rengoenlanoticia.cl\/prensa\/?p=4654"},"modified":"2025-07-25T00:44:39","modified_gmt":"2025-07-25T00:44:39","slug":"lignum-crucis-visito-el-hospital-de-graneros-en-el-marco-del-centenario-de-la-diocesis-de-rancagua","status":"publish","type":"post","link":"https:\/\/www.rengoenlanoticia.cl\/prensa\/2025\/07\/25\/lignum-crucis-visito-el-hospital-de-graneros-en-el-marco-del-centenario-de-la-diocesis-de-rancagua\/","title":{"rendered":"Lignum Crucis visit\u00f3 el Hospital de Graneros en el marco del centenario de la Di\u00f3cesis de Rancagua"},"content":{"rendered":"\n<p>\u00b7&nbsp;&nbsp;&nbsp;&nbsp;&nbsp;&nbsp;&nbsp;&nbsp;&nbsp;&nbsp;Con una ceremonia emotiva, la comunidad hospitalaria se sum\u00f3 a este hito espiritual en la regi\u00f3n.<\/p>\n\n\n\n<p>Graneros, 24 de julio de 2025.- En un ambiente de reconocimiento y profunda fe, funcionarios y usuarios del Hospital de Graneros participaron en una ceremonia religiosa realizada en el recinto asistencial, encabezada por el padre Alejandro Jorquera Soto, de la Parroquia Nuestra Se\u00f1ora del Carmen, en el marco de la visita de la Reliquia de la Santa Cruz a la regi\u00f3n de O&#8217;Higgins.<\/p>\n\n\n\n<p>La actividad fue organizada por la Di\u00f3cesis de Rancagua y forma parte del calendario conmemorativo por el centenario de su creaci\u00f3n. La presencia de esta reliquia, conocida como&nbsp;<em>Lignum Crucis<\/em>&nbsp;, reviste una especial relevancia para la Iglesia Cat\u00f3lica, ya que contiene un fragmento de la cruz en la que, seg\u00fan la tradici\u00f3n cristiana, muri\u00f3 Jesucristo, siendo considerada una reliquia de primer orden.<\/p>\n\n\n\n<figure class=\"wp-block-image size-full is-resized\"><img loading=\"lazy\" decoding=\"async\" width=\"336\" height=\"419\" src=\"https:\/\/www.rengoenlanoticia.cl\/prensa\/wp-content\/uploads\/2025\/07\/cruz-1.png\" alt=\"\" class=\"wp-image-4656\" style=\"width:680px;height:auto\" srcset=\"https:\/\/www.rengoenlanoticia.cl\/prensa\/wp-content\/uploads\/2025\/07\/cruz-1.png 336w, https:\/\/www.rengoenlanoticia.cl\/prensa\/wp-content\/uploads\/2025\/07\/cruz-1-241x300.png 241w, https:\/\/www.rengoenlanoticia.cl\/prensa\/wp-content\/uploads\/2025\/07\/cruz-1-110x137.png 110w, https:\/\/www.rengoenlanoticia.cl\/prensa\/wp-content\/uploads\/2025\/07\/cruz-1-200x250.png 200w, https:\/\/www.rengoenlanoticia.cl\/prensa\/wp-content\/uploads\/2025\/07\/cruz-1-255x318.png 255w, https:\/\/www.rengoenlanoticia.cl\/prensa\/wp-content\/uploads\/2025\/07\/cruz-1-300x375.png 300w\" sizes=\"auto, (max-width: 336px) 100vw, 336px\" \/><\/figure>\n\n\n\n<p>Para los asistentes, la ceremonia fue una instancia de encuentro espiritual, reflexi\u00f3n y fortalecimiento de la fe, en la que tambi\u00e9n pudieron orar por la salud y el bienestar de toda la comunidad.<\/p>\n\n\n\n<p>\u00abLa presencia del Lignum Crucis en nuestro hospital ha sido una bendici\u00f3n para todos. Como hospital, valoramos estos momentos de uni\u00f3n, esperanza y reconocimiento, que tambi\u00e9n nutren el alma de quienes se dedican a cuidar la vida\u00bb, se\u00f1al\u00f3 la subdirectora m\u00e9dica del recinto, Dra. Fernanda Anich.<\/p>\n\n\n\n<p>Cabe destacar que la Di\u00f3cesis de Rancagua contin\u00faa con la peregrinaci\u00f3n de la reliquia por distintas comunas de la regi\u00f3n, generando espacios de comuni\u00f3n y espiritualidad para todos los creyentes.<\/p>\n","protected":false},"excerpt":{"rendered":"\u00b7&nbsp;&nbsp;&nbsp;&nbsp;&nbsp;&nbsp;&nbsp;&nbsp;&nbsp;&nbsp;Con una ceremonia emotiva, la comunidad hospitalaria se sum\u00f3 a este hito espiritual en la regi\u00f3n. Graneros, 24&hellip;\n","protected":false},"author":2,"featured_media":4655,"comment_status":"open","ping_status":"open","sticky":false,"template":"","format":"standard","meta":{"_monsterinsights_skip_tracking":false,"_monsterinsights_sitenote_active":false,"_monsterinsights_sitenote_note":"","_monsterinsights_sitenote_category":0,"footnotes":""},"categories":[8],"tags":[],"class_list":{"0":"post-4654","1":"post","2":"type-post","3":"status-publish","4":"format-standard","5":"has-post-thumbnail","7":"category-portada"},"aioseo_notices":[],"_links":{"self":[{"href":"https:\/\/www.rengoenlanoticia.cl\/prensa\/wp-json\/wp\/v2\/posts\/4654","targetHints":{"allow":["GET"]}}],"collection":[{"href":"https:\/\/www.rengoenlanoticia.cl\/prensa\/wp-json\/wp\/v2\/posts"}],"about":[{"href":"https:\/\/www.rengoenlanoticia.cl\/prensa\/wp-json\/wp\/v2\/types\/post"}],"author":[{"embeddable":true,"href":"https:\/\/www.rengoenlanoticia.cl\/prensa\/wp-json\/wp\/v2\/users\/2"}],"replies":[{"embeddable":true,"href":"https:\/\/www.rengoenlanoticia.cl\/prensa\/wp-json\/wp\/v2\/comments?post=4654"}],"version-history":[{"count":2,"href":"https:\/\/www.rengoenlanoticia.cl\/prensa\/wp-json\/wp\/v2\/posts\/4654\/revisions"}],"predecessor-version":[{"id":4659,"href":"https:\/\/www.rengoenlanoticia.cl\/prensa\/wp-json\/wp\/v2\/posts\/4654\/revisions\/4659"}],"wp:featuredmedia":[{"embeddable":true,"href":"https:\/\/www.rengoenlanoticia.cl\/prensa\/wp-json\/wp\/v2\/media\/4655"}],"wp:attachment":[{"href":"https:\/\/www.rengoenlanoticia.cl\/prensa\/wp-json\/wp\/v2\/media?parent=4654"}],"wp:term":[{"taxonomy":"category","embeddable":true,"href":"https:\/\/www.rengoenlanoticia.cl\/prensa\/wp-json\/wp\/v2\/categories?post=4654"},{"taxonomy":"post_tag","embeddable":true,"href":"https:\/\/www.rengoenlanoticia.cl\/prensa\/wp-json\/wp\/v2\/tags?post=4654"}],"curies":[{"name":"wp","href":"https:\/\/api.w.org\/{rel}","templated":true}]}}