{"id":4651,"date":"2025-07-25T00:44:07","date_gmt":"2025-07-25T00:44:07","guid":{"rendered":"https:\/\/www.rengoenlanoticia.cl\/prensa\/?p=4651"},"modified":"2025-07-25T00:50:02","modified_gmt":"2025-07-25T00:50:02","slug":"carabineros-detiene-por-robo-a-individuo-que-mantenia-una-tobillera-electronica","status":"publish","type":"post","link":"https:\/\/www.rengoenlanoticia.cl\/prensa\/2025\/07\/25\/carabineros-detiene-por-robo-a-individuo-que-mantenia-una-tobillera-electronica\/","title":{"rendered":"Carabineros detiene por robo a individuo que manten\u00eda una tobillera electr\u00f3nica"},"content":{"rendered":"\n<p>El sujeto con antecedentes penales, mantiene una medida cautelar de reclusi\u00f3n nocturna.Carabineros de la Tenencia Coya detuvieron a un sujeto por el delito de robo en lugar no habitado, espec\u00edficamente desde una bodega perteneciente a la empresa Codelco \u2013Chile Divisi\u00f3n El Teniente.<br>El procedimiento se desarroll\u00f3 a eso de las 22:00 horas, cuando efectivos policiales realizaban un patrullaje preventivo en el sector del Patio de L\u00edneas, divisando una camioneta con ocupantes que transportaba en su parte posterior perfiles met\u00e1licos. Al intentar fiscalizar el veh\u00edculo, sus ocupantes emprendieron la fuga a pie por distintos sectores del lugar. Sin embargo, uno de ellos fue alcanzado y detenido por Carabineros.<br>El sujeto, identificado como F.A.V.A., de 47 a\u00f1os, con antecedentes penales por diversos delitos, portaba al momento de la detenci\u00f3n una tobillera electr\u00f3nica, debido a que se encuentra cumpliendo una medida cautelar de reclusi\u00f3n nocturna.<br>En poder del detenido se encontraron seis perfiles de acero galvanizado de seis metros de largo, avaluados en $300.000, los cuales fueron sustra\u00eddos desde la bodega de la estatal minera, ubicada en la intersecci\u00f3n de Variante Coya con calle San Mart\u00edn.<br>Por instrucci\u00f3n del fiscal de turno, fue puesto a disposici\u00f3n del Ministerio P\u00fablico para el respectivo control de detenci\u00f3n.<\/p>\n","protected":false},"excerpt":{"rendered":"El sujeto con antecedentes penales, mantiene una medida cautelar de reclusi\u00f3n nocturna.Carabineros de la Tenencia Coya detuvieron a&hellip;\n","protected":false},"author":2,"featured_media":4652,"comment_status":"open","ping_status":"open","sticky":false,"template":"","format":"standard","meta":{"_monsterinsights_skip_tracking":false,"_monsterinsights_sitenote_active":false,"_monsterinsights_sitenote_note":"","_monsterinsights_sitenote_category":0,"footnotes":""},"categories":[5,8],"tags":[],"class_list":{"0":"post-4651","1":"post","2":"type-post","3":"status-publish","4":"format-standard","5":"has-post-thumbnail","7":"category-policial","8":"category-portada"},"aioseo_notices":[],"_links":{"self":[{"href":"https:\/\/www.rengoenlanoticia.cl\/prensa\/wp-json\/wp\/v2\/posts\/4651","targetHints":{"allow":["GET"]}}],"collection":[{"href":"https:\/\/www.rengoenlanoticia.cl\/prensa\/wp-json\/wp\/v2\/posts"}],"about":[{"href":"https:\/\/www.rengoenlanoticia.cl\/prensa\/wp-json\/wp\/v2\/types\/post"}],"author":[{"embeddable":true,"href":"https:\/\/www.rengoenlanoticia.cl\/prensa\/wp-json\/wp\/v2\/users\/2"}],"replies":[{"embeddable":true,"href":"https:\/\/www.rengoenlanoticia.cl\/prensa\/wp-json\/wp\/v2\/comments?post=4651"}],"version-history":[{"count":3,"href":"https:\/\/www.rengoenlanoticia.cl\/prensa\/wp-json\/wp\/v2\/posts\/4651\/revisions"}],"predecessor-version":[{"id":4660,"href":"https:\/\/www.rengoenlanoticia.cl\/prensa\/wp-json\/wp\/v2\/posts\/4651\/revisions\/4660"}],"wp:featuredmedia":[{"embeddable":true,"href":"https:\/\/www.rengoenlanoticia.cl\/prensa\/wp-json\/wp\/v2\/media\/4652"}],"wp:attachment":[{"href":"https:\/\/www.rengoenlanoticia.cl\/prensa\/wp-json\/wp\/v2\/media?parent=4651"}],"wp:term":[{"taxonomy":"category","embeddable":true,"href":"https:\/\/www.rengoenlanoticia.cl\/prensa\/wp-json\/wp\/v2\/categories?post=4651"},{"taxonomy":"post_tag","embeddable":true,"href":"https:\/\/www.rengoenlanoticia.cl\/prensa\/wp-json\/wp\/v2\/tags?post=4651"}],"curies":[{"name":"wp","href":"https:\/\/api.w.org\/{rel}","templated":true}]}}