{"id":4642,"date":"2025-07-24T02:05:35","date_gmt":"2025-07-24T02:05:35","guid":{"rendered":"https:\/\/www.rengoenlanoticia.cl\/prensa\/?p=4642"},"modified":"2025-07-24T02:07:03","modified_gmt":"2025-07-24T02:07:03","slug":"diputada-marta-gonzalez-presenta-proyecto-para-que-funcionarios-de-las-ff-aa-y-carabineros-involucrados-en-traficos-de-drogas-y-armas-sean-procesados-por-la-justicia-ordinaria","status":"publish","type":"post","link":"https:\/\/www.rengoenlanoticia.cl\/prensa\/2025\/07\/24\/diputada-marta-gonzalez-presenta-proyecto-para-que-funcionarios-de-las-ff-aa-y-carabineros-involucrados-en-traficos-de-drogas-y-armas-sean-procesados-por-la-justicia-ordinaria\/","title":{"rendered":"Diputada Marta Gonz\u00e1lez presenta proyecto para que funcionarios de las FF.AA. y Carabineros involucrados en tr\u00e1ficos de drogas y armas sean procesados por la justicia ordinaria"},"content":{"rendered":"\n<p>La Diputada de la Regi\u00f3n de O\u2019Higgins, Marta Gonz\u00e1lez, junto al Diputado Jaime Araya, present\u00f3 un proyecto de ley que busca establecer que los funcionarios de las Fuerzas Armadas y de Carabineros que cometan delitos graves \u2014como tr\u00e1fico de drogas, de armas o participaci\u00f3n en asociaciones criminales\u2014 sean juzgados por la justicia ordinaria y no por tribunales militares.<\/p>\n\n\n\n<p>La iniciativa contempla, adem\u00e1s, un agravante que aumenta en un grado la pena aplicable cuando estos delitos sean cometidos por miembros de las Fuerzas Armadas, Carabineros, Polic\u00eda de Investigaciones (PDI) o la Direcci\u00f3n General de Aeron\u00e1utica Civil (DGAC).<\/p>\n\n\n\n<p>Este proyecto cobra especial relevancia tras el reciente caso de cinco exfuncionarios de la FACh detenidos por intentar trasladar ketamina en un vuelo institucional desde Iquique a Santiago, situaci\u00f3n que gener\u00f3 controversia ante la negativa inicial de la justicia militar a entregar los antecedentes al Ministerio P\u00fablico.<\/p>\n\n\n\n<p>Al respecto, la Diputada Gonz\u00e1lez apunt\u00f3 que \u201ces preocupante lo que ha pasado con las Fuerzas Armadas y las Fuerzas de Orden que se han visto involucradas en grav\u00edsimos hechos ligados al narcotr\u00e1fico y a las bandas de crimen organizado. Esta es una situaci\u00f3n alarmante de la cual hemos tenido antecedentes hace mucho tiempo\u201d.<\/p>\n\n\n\n<p>Sobre este \u00faltimo punto, Gonz\u00e1lez record\u00f3 una serie de casos que involucran a funcionarios de FF.AA. y Carabineros en delitos, como ventas de armas a bandas criminales y recientes episodios de p\u00e9rdidas de drogas como el fentanilo.<\/p>\n\n\n\n<figure class=\"wp-block-image size-large\"><img loading=\"lazy\" decoding=\"async\" width=\"1024\" height=\"682\" src=\"https:\/\/www.rengoenlanoticia.cl\/prensa\/wp-content\/uploads\/2025\/07\/WhatsApp-Image-2025-07-23-at-14.25.12-1024x682.jpeg\" alt=\"\" class=\"wp-image-4644\" srcset=\"https:\/\/www.rengoenlanoticia.cl\/prensa\/wp-content\/uploads\/2025\/07\/WhatsApp-Image-2025-07-23-at-14.25.12-1024x682.jpeg 1024w, https:\/\/www.rengoenlanoticia.cl\/prensa\/wp-content\/uploads\/2025\/07\/WhatsApp-Image-2025-07-23-at-14.25.12-300x200.jpeg 300w, https:\/\/www.rengoenlanoticia.cl\/prensa\/wp-content\/uploads\/2025\/07\/WhatsApp-Image-2025-07-23-at-14.25.12-768x512.jpeg 768w, https:\/\/www.rengoenlanoticia.cl\/prensa\/wp-content\/uploads\/2025\/07\/WhatsApp-Image-2025-07-23-at-14.25.12-1536x1023.jpeg 1536w, https:\/\/www.rengoenlanoticia.cl\/prensa\/wp-content\/uploads\/2025\/07\/WhatsApp-Image-2025-07-23-at-14.25.12-110x73.jpeg 110w, https:\/\/www.rengoenlanoticia.cl\/prensa\/wp-content\/uploads\/2025\/07\/WhatsApp-Image-2025-07-23-at-14.25.12-200x133.jpeg 200w, https:\/\/www.rengoenlanoticia.cl\/prensa\/wp-content\/uploads\/2025\/07\/WhatsApp-Image-2025-07-23-at-14.25.12-380x253.jpeg 380w, https:\/\/www.rengoenlanoticia.cl\/prensa\/wp-content\/uploads\/2025\/07\/WhatsApp-Image-2025-07-23-at-14.25.12-255x170.jpeg 255w, https:\/\/www.rengoenlanoticia.cl\/prensa\/wp-content\/uploads\/2025\/07\/WhatsApp-Image-2025-07-23-at-14.25.12-550x366.jpeg 550w, https:\/\/www.rengoenlanoticia.cl\/prensa\/wp-content\/uploads\/2025\/07\/WhatsApp-Image-2025-07-23-at-14.25.12-800x533.jpeg 800w, https:\/\/www.rengoenlanoticia.cl\/prensa\/wp-content\/uploads\/2025\/07\/WhatsApp-Image-2025-07-23-at-14.25.12-1160x773.jpeg 1160w, https:\/\/www.rengoenlanoticia.cl\/prensa\/wp-content\/uploads\/2025\/07\/WhatsApp-Image-2025-07-23-at-14.25.12.jpeg 1600w\" sizes=\"auto, (max-width: 1024px) 100vw, 1024px\" \/><\/figure>\n\n\n\n<p>A\u00f1adi\u00f3 que \u201cel siguiente escal\u00f3n de las bandas es corromper las instituciones, tanto del Poder Judicial como de las polic\u00edas. Sabemos c\u00f3mo operan en otros pa\u00edses, y sabemos adem\u00e1s que esa realidad ya ha llegado a nuestro pa\u00eds. Hoy d\u00eda debemos hacernos cargo con mucha fuerza de poder poner todos los controles, las fiscalizaciones y todos los resguardos para erradicar la corrupci\u00f3n al interior de estas instituciones\u201d.<\/p>\n\n\n\n<p>Finalmente, la parlamentaria acus\u00f3 que \u201clas distintas Fuerzas Armadas no pueden dudar al momento de entregar los antecedentes inmediatamente al Ministerio P\u00fablico. Esto no puede quedar al arbitrio de un comandante o de alguna otra autoridad. Queremos que esto quede tremendamente claro en un proyecto de ley. Y, por supuesto, un refuerzo al Ministerio P\u00fablico como ente especializado e independiente del mando militar. Necesitamos proteger a las instituciones y tambi\u00e9n a los funcionarios que hacen su trabajo de forma intachable, y que tambi\u00e9n se ven amenazados por funcionarios que integran estas bandas\u00bb.<\/p>\n","protected":false},"excerpt":{"rendered":"La Diputada de la Regi\u00f3n de O\u2019Higgins, Marta Gonz\u00e1lez, junto al Diputado Jaime Araya, present\u00f3 un proyecto de&hellip;\n","protected":false},"author":1,"featured_media":4643,"comment_status":"open","ping_status":"open","sticky":false,"template":"","format":"standard","meta":{"_monsterinsights_skip_tracking":false,"_monsterinsights_sitenote_active":false,"_monsterinsights_sitenote_note":"","_monsterinsights_sitenote_category":0,"footnotes":""},"categories":[11,8],"tags":[],"class_list":{"0":"post-4642","1":"post","2":"type-post","3":"status-publish","4":"format-standard","5":"has-post-thumbnail","7":"category-politica","8":"category-portada"},"aioseo_notices":[],"_links":{"self":[{"href":"https:\/\/www.rengoenlanoticia.cl\/prensa\/wp-json\/wp\/v2\/posts\/4642","targetHints":{"allow":["GET"]}}],"collection":[{"href":"https:\/\/www.rengoenlanoticia.cl\/prensa\/wp-json\/wp\/v2\/posts"}],"about":[{"href":"https:\/\/www.rengoenlanoticia.cl\/prensa\/wp-json\/wp\/v2\/types\/post"}],"author":[{"embeddable":true,"href":"https:\/\/www.rengoenlanoticia.cl\/prensa\/wp-json\/wp\/v2\/users\/1"}],"replies":[{"embeddable":true,"href":"https:\/\/www.rengoenlanoticia.cl\/prensa\/wp-json\/wp\/v2\/comments?post=4642"}],"version-history":[{"count":3,"href":"https:\/\/www.rengoenlanoticia.cl\/prensa\/wp-json\/wp\/v2\/posts\/4642\/revisions"}],"predecessor-version":[{"id":4649,"href":"https:\/\/www.rengoenlanoticia.cl\/prensa\/wp-json\/wp\/v2\/posts\/4642\/revisions\/4649"}],"wp:featuredmedia":[{"embeddable":true,"href":"https:\/\/www.rengoenlanoticia.cl\/prensa\/wp-json\/wp\/v2\/media\/4643"}],"wp:attachment":[{"href":"https:\/\/www.rengoenlanoticia.cl\/prensa\/wp-json\/wp\/v2\/media?parent=4642"}],"wp:term":[{"taxonomy":"category","embeddable":true,"href":"https:\/\/www.rengoenlanoticia.cl\/prensa\/wp-json\/wp\/v2\/categories?post=4642"},{"taxonomy":"post_tag","embeddable":true,"href":"https:\/\/www.rengoenlanoticia.cl\/prensa\/wp-json\/wp\/v2\/tags?post=4642"}],"curies":[{"name":"wp","href":"https:\/\/api.w.org\/{rel}","templated":true}]}}