{"id":4636,"date":"2025-07-24T02:04:33","date_gmt":"2025-07-24T02:04:33","guid":{"rendered":"https:\/\/www.rengoenlanoticia.cl\/prensa\/?p=4636"},"modified":"2025-07-24T02:08:48","modified_gmt":"2025-07-24T02:08:48","slug":"gran-impulso-a-los-barrios-municipalidad-de-rengo-entrega-record-de-mas-de-59-millones-a-juntas-de-vecinos","status":"publish","type":"post","link":"https:\/\/www.rengoenlanoticia.cl\/prensa\/2025\/07\/24\/gran-impulso-a-los-barrios-municipalidad-de-rengo-entrega-record-de-mas-de-59-millones-a-juntas-de-vecinos\/","title":{"rendered":"Gran impulso a los Barrios: Municipalidad de Rengo entrega r\u00e9cord de m\u00e1s de $59 millones a Juntas de Vecinos"},"content":{"rendered":"\n<p>Con una cifra sin precedentes en la comuna, se materializ\u00f3 la entrega del&nbsp;Fondo de Desarrollo Vecinal (FONDEVE 2025) en la Municipalidad de Rengo, iniciativa impulsada por el alcalde Enrique del Barrio y el Honorable Concejo Municipal, que este a\u00f1o benefici\u00f3 a&nbsp;43 Juntas de Vecinos con un total de 59.134.607 millones de pesos para proyectos comunitarios.<\/p>\n\n\n\n<figure class=\"wp-block-image size-full\"><img loading=\"lazy\" decoding=\"async\" width=\"1024\" height=\"595\" src=\"https:\/\/www.rengoenlanoticia.cl\/prensa\/wp-content\/uploads\/2025\/07\/IMG_2853.jpg\" alt=\"\" class=\"wp-image-4637\" srcset=\"https:\/\/www.rengoenlanoticia.cl\/prensa\/wp-content\/uploads\/2025\/07\/IMG_2853.jpg 1024w, https:\/\/www.rengoenlanoticia.cl\/prensa\/wp-content\/uploads\/2025\/07\/IMG_2853-300x174.jpg 300w, https:\/\/www.rengoenlanoticia.cl\/prensa\/wp-content\/uploads\/2025\/07\/IMG_2853-768x446.jpg 768w, https:\/\/www.rengoenlanoticia.cl\/prensa\/wp-content\/uploads\/2025\/07\/IMG_2853-110x64.jpg 110w, https:\/\/www.rengoenlanoticia.cl\/prensa\/wp-content\/uploads\/2025\/07\/IMG_2853-200x116.jpg 200w, https:\/\/www.rengoenlanoticia.cl\/prensa\/wp-content\/uploads\/2025\/07\/IMG_2853-380x221.jpg 380w, https:\/\/www.rengoenlanoticia.cl\/prensa\/wp-content\/uploads\/2025\/07\/IMG_2853-255x148.jpg 255w, https:\/\/www.rengoenlanoticia.cl\/prensa\/wp-content\/uploads\/2025\/07\/IMG_2853-550x320.jpg 550w, https:\/\/www.rengoenlanoticia.cl\/prensa\/wp-content\/uploads\/2025\/07\/IMG_2853-800x465.jpg 800w\" sizes=\"auto, (max-width: 1024px) 100vw, 1024px\" \/><\/figure>\n\n\n\n<p>El&nbsp;alcalde Enrique del Barrio&nbsp;Hern\u00e1ndez, destac\u00f3:&nbsp;\u201cEste es un paso clave para fortalecer nuestra comuna, mejorando la calidad de vida y la seguridad de nuestros vecinos. Con un aumento de 10 millones 500 mil pesos respecto al a\u00f1o pasado, estamos repartiendo de mejor forma los recursos para que lleguen a quienes m\u00e1s lo necesitan\u00bb.<\/p>\n\n\n\n<p>En la instancia estuvieron presentes los concejales; Jos\u00e9 D\u00edaz, Renato D\u00edaz, Juan Francisco Contreras, Marcelo Pino y Mar\u00eda Ang\u00e9lica Briones, quienes acompa\u00f1aron a decenas de vecinos emocionados. \u201cCon estos recursos, trabajaremos unidos para rescatar nuestros espacios p\u00fablicos y as\u00ed sentirnos m\u00e1s protegidos\u00bb, coment\u00f3 una dirigenta beneficiada.<\/p>\n\n\n\n<figure class=\"wp-block-image size-full\"><img loading=\"lazy\" decoding=\"async\" width=\"1024\" height=\"518\" src=\"https:\/\/www.rengoenlanoticia.cl\/prensa\/wp-content\/uploads\/2025\/07\/IMG_2997.jpg\" alt=\"\" class=\"wp-image-4638\" srcset=\"https:\/\/www.rengoenlanoticia.cl\/prensa\/wp-content\/uploads\/2025\/07\/IMG_2997.jpg 1024w, https:\/\/www.rengoenlanoticia.cl\/prensa\/wp-content\/uploads\/2025\/07\/IMG_2997-300x152.jpg 300w, https:\/\/www.rengoenlanoticia.cl\/prensa\/wp-content\/uploads\/2025\/07\/IMG_2997-768x389.jpg 768w, https:\/\/www.rengoenlanoticia.cl\/prensa\/wp-content\/uploads\/2025\/07\/IMG_2997-110x56.jpg 110w, https:\/\/www.rengoenlanoticia.cl\/prensa\/wp-content\/uploads\/2025\/07\/IMG_2997-200x101.jpg 200w, https:\/\/www.rengoenlanoticia.cl\/prensa\/wp-content\/uploads\/2025\/07\/IMG_2997-380x192.jpg 380w, https:\/\/www.rengoenlanoticia.cl\/prensa\/wp-content\/uploads\/2025\/07\/IMG_2997-255x129.jpg 255w, https:\/\/www.rengoenlanoticia.cl\/prensa\/wp-content\/uploads\/2025\/07\/IMG_2997-550x278.jpg 550w, https:\/\/www.rengoenlanoticia.cl\/prensa\/wp-content\/uploads\/2025\/07\/IMG_2997-800x405.jpg 800w\" sizes=\"auto, (max-width: 1024px) 100vw, 1024px\" \/><\/figure>\n\n\n\n<p>Estamos trabajando para que m\u00e1s Juntas de Vecinos de Rengo sean beneficiadas, y hoy el FONDEVE llega a distintos lugares de la comuna, quienes ganan son los vecinos, vamos a seguir impulsando estos recursos junto al Concejo Municipal para que siga siendo de la misma manera\u201d; apunto la m\u00e1xima autoridad comunal.<\/p>\n\n\n\n<p><strong>Proyectos que transforman:<\/strong><\/p>\n\n\n\n<p><br>Se trata de fondos 100% municipales que financiar\u00e1n iniciativas como; 18 proyectos de c\u00e1maras de televigilancia para que los vecinos puedan monitorear la seguridad barrial, instalaci\u00f3n de luminarias, mejoramiento de \u00e1reas verdes, adem\u00e1s de la compra de equipamiento comunitario y actividades sociales.<\/p>\n\n\n\n<p>El&nbsp;Fondo de Desarrollo Vecinal 2025&nbsp;favoreci\u00f3 en Rengo a sectores como; Chanqueahue, Lo de Lobo, Rinconada de Malambo, Apalta, el Romeral, el Naranjal Norte, Las Torres y Villa Las Am\u00e9ricas, entre otros, reflejando el compromiso de la administraci\u00f3n del alcalde Enrique de Barrio con la descentralizaci\u00f3n y el desarrollo participativo de la comuna. \u00abSeguiremos gestionando recursos para que Rengo crezca desde sus diferentes &nbsp;barrios\u00bb, cerr\u00f3 el edil.<\/p>\n","protected":false},"excerpt":{"rendered":"Con una cifra sin precedentes en la comuna, se materializ\u00f3 la entrega del&nbsp;Fondo de Desarrollo Vecinal (FONDEVE 2025)&hellip;\n","protected":false},"author":1,"featured_media":4639,"comment_status":"open","ping_status":"open","sticky":false,"template":"","format":"standard","meta":{"_monsterinsights_skip_tracking":false,"_monsterinsights_sitenote_active":false,"_monsterinsights_sitenote_note":"","_monsterinsights_sitenote_category":0,"footnotes":""},"categories":[8],"tags":[],"class_list":{"0":"post-4636","1":"post","2":"type-post","3":"status-publish","4":"format-standard","5":"has-post-thumbnail","7":"category-portada"},"aioseo_notices":[],"_links":{"self":[{"href":"https:\/\/www.rengoenlanoticia.cl\/prensa\/wp-json\/wp\/v2\/posts\/4636","targetHints":{"allow":["GET"]}}],"collection":[{"href":"https:\/\/www.rengoenlanoticia.cl\/prensa\/wp-json\/wp\/v2\/posts"}],"about":[{"href":"https:\/\/www.rengoenlanoticia.cl\/prensa\/wp-json\/wp\/v2\/types\/post"}],"author":[{"embeddable":true,"href":"https:\/\/www.rengoenlanoticia.cl\/prensa\/wp-json\/wp\/v2\/users\/1"}],"replies":[{"embeddable":true,"href":"https:\/\/www.rengoenlanoticia.cl\/prensa\/wp-json\/wp\/v2\/comments?post=4636"}],"version-history":[{"count":3,"href":"https:\/\/www.rengoenlanoticia.cl\/prensa\/wp-json\/wp\/v2\/posts\/4636\/revisions"}],"predecessor-version":[{"id":4650,"href":"https:\/\/www.rengoenlanoticia.cl\/prensa\/wp-json\/wp\/v2\/posts\/4636\/revisions\/4650"}],"wp:featuredmedia":[{"embeddable":true,"href":"https:\/\/www.rengoenlanoticia.cl\/prensa\/wp-json\/wp\/v2\/media\/4639"}],"wp:attachment":[{"href":"https:\/\/www.rengoenlanoticia.cl\/prensa\/wp-json\/wp\/v2\/media?parent=4636"}],"wp:term":[{"taxonomy":"category","embeddable":true,"href":"https:\/\/www.rengoenlanoticia.cl\/prensa\/wp-json\/wp\/v2\/categories?post=4636"},{"taxonomy":"post_tag","embeddable":true,"href":"https:\/\/www.rengoenlanoticia.cl\/prensa\/wp-json\/wp\/v2\/tags?post=4636"}],"curies":[{"name":"wp","href":"https:\/\/api.w.org\/{rel}","templated":true}]}}