{"id":4626,"date":"2025-07-24T01:43:09","date_gmt":"2025-07-24T01:43:09","guid":{"rendered":"https:\/\/www.rengoenlanoticia.cl\/prensa\/?p=4626"},"modified":"2025-07-24T01:43:15","modified_gmt":"2025-07-24T01:43:15","slug":"programa-de-educacion-ambiental-seamos-solucion-renueva-su-compromiso-en-escuelas-de-colchagua-y-rancagua","status":"publish","type":"post","link":"https:\/\/www.rengoenlanoticia.cl\/prensa\/2025\/07\/24\/programa-de-educacion-ambiental-seamos-solucion-renueva-su-compromiso-en-escuelas-de-colchagua-y-rancagua\/","title":{"rendered":"Programa de educaci\u00f3n ambiental \u201cSeamos Soluci\u00f3n\u201d renueva su compromiso en escuelas de Colchagua y Rancagua"},"content":{"rendered":"\n<p>Con el objetivo de promover la conciencia ambiental desde la ni\u00f1ez, Corporaci\u00f3n Pro O\u2019Higgins y Tinguiririca Energ\u00eda presentaron la continuidad del programa <strong>\u201cSeamos Soluci\u00f3n\u201d<\/strong>, una iniciativa de educaci\u00f3n ambiental que se ha ejecutado durante 4 a\u00f1os fortaleciendo el compromiso de las comunidades escolares con el cuidado del entorno y la sostenibilidad.<\/p>\n\n\n\n<p>El hito de lanzamiento 2025 se realiz\u00f3 en la escuela San Jos\u00e9 de Los Lingues de la comuna de San Fernando.<\/p>\n\n\n\n<p>Este programa, que cuenta con el apoyo del Servicio Local de Educaci\u00f3n P\u00fablica (SLEP) Colchagua, se implementar\u00e1 en <strong>12 establecimientos educacionales<\/strong> de las comunas de <strong>San Fernando, Nancagua, Placilla y Rancagua<\/strong>, beneficiando a m\u00e1s de 700 estudiantes de <strong>5\u00ba, 6\u00ba y 7\u00ba b\u00e1sico<\/strong> con contenidos adaptados a su nivel y realidad local.<\/p>\n\n\n\n<p>A trav\u00e9s de una metodolog\u00eda l\u00fadica y participativa, los ni\u00f1os y ni\u00f1as trabajar\u00e1n en temas como compostaje, huerto y nutrici\u00f3n para una alimentaci\u00f3n saludable, fomentando actitudes responsables y el desarrollo de soluciones pr\u00e1cticas desde su entorno escolar y familiar.<\/p>\n\n\n\n<p>\u201cComo Corporaci\u00f3n Pro O\u2019Higgins, estamos convencidos de que el cambio comienza desde la educaci\u00f3n. Con \u2018Seamos Soluci\u00f3n\u2019, queremos formar agentes de cambio que desde sus escuelas y comunidades contribuyan activamente a un futuro m\u00e1s sostenible, que es posible, trabajando juntos desde la conciencia y la colaboratividad\u201d, destac\u00f3 <strong>Aracelly Tapia Aravena<\/strong>, representante de la Corporaci\u00f3n Pro O\u2019Higgins.<\/p>\n\n\n\n<p>Por su parte, Tinguiririca Energ\u00eda reafirma su compromiso con el desarrollo sostenible del territorio donde opera, impulsando este tipo de programas que fortalecen la educaci\u00f3n ambiental y el v\u00ednculo con las comunidades escolares.<\/p>\n\n\n\n<p>Roberto Leiva, <strong>Subgerente de Medio Ambiente de Tinguiririca Energ\u00eda, <\/strong>asegur\u00f3 que, \u201ceste programa hace foco en la soluci\u00f3n y cada una de las inversiones que realizamos, sabemos que est\u00e1 muy bien destinada porque es en los ni\u00f1os y ni\u00f1as de los 12 establecimientos. Quiz\u00e1 en algunos a\u00f1os vamos a tener muchos l\u00edderes que van a llevar estas soluciones al resto del pa\u00eds\u201d, expres\u00f3.<\/p>\n\n\n\n<p>Desde el Servicio Local de Educaci\u00f3n Colchagua, el subdirector Camilo Serra, indic\u00f3 que, \u201ceste tipo de proyectos busca que ustedes (ni\u00f1os y ni\u00f1as) se conviertan en las personas que hacen que las cosas pasen. Van a ser agente de cambio del presente y del futuro. Es muy importante la alianza con Tinguiririca Energ\u00eda y Corporaci\u00f3n Pro O\u2019Higgins porque busca dar herramientas para un mundo que es cambiante y complejo\u201d.<\/p>\n\n\n\n<p>El director de una de las escuelas participantes, la de San Jos\u00e9 de Los Lingues, Jorge Esteban Rodr\u00edguez, resalt\u00f3 la oportunidad de ser parte de esta experiencia.<\/p>\n\n\n\n<p>\u201cEs muy importante para nosotros vincularnos en estas tem\u00e1ticas fundamentales para el desarrollo del ser humano a trav\u00e9s de un mensaje que llega a las familias tambi\u00e9n como el cuidado, preservaci\u00f3n del medio ambiente y que, adem\u00e1s, invita a valorar la identidad propia de nuestras costumbres de San Jos\u00e9 de Los Lingues\u201d, subray\u00f3 el director de la escuela.<\/p>\n\n\n\n<figure class=\"wp-block-image size-full\"><img loading=\"lazy\" decoding=\"async\" width=\"1024\" height=\"461\" src=\"https:\/\/www.rengoenlanoticia.cl\/prensa\/wp-content\/uploads\/2025\/07\/Compostaje.jpeg\" alt=\"\" class=\"wp-image-4630\" srcset=\"https:\/\/www.rengoenlanoticia.cl\/prensa\/wp-content\/uploads\/2025\/07\/Compostaje.jpeg 1024w, https:\/\/www.rengoenlanoticia.cl\/prensa\/wp-content\/uploads\/2025\/07\/Compostaje-300x135.jpeg 300w, https:\/\/www.rengoenlanoticia.cl\/prensa\/wp-content\/uploads\/2025\/07\/Compostaje-768x346.jpeg 768w, https:\/\/www.rengoenlanoticia.cl\/prensa\/wp-content\/uploads\/2025\/07\/Compostaje-110x50.jpeg 110w, https:\/\/www.rengoenlanoticia.cl\/prensa\/wp-content\/uploads\/2025\/07\/Compostaje-200x90.jpeg 200w, https:\/\/www.rengoenlanoticia.cl\/prensa\/wp-content\/uploads\/2025\/07\/Compostaje-380x171.jpeg 380w, https:\/\/www.rengoenlanoticia.cl\/prensa\/wp-content\/uploads\/2025\/07\/Compostaje-255x115.jpeg 255w, https:\/\/www.rengoenlanoticia.cl\/prensa\/wp-content\/uploads\/2025\/07\/Compostaje-550x248.jpeg 550w, https:\/\/www.rengoenlanoticia.cl\/prensa\/wp-content\/uploads\/2025\/07\/Compostaje-800x360.jpeg 800w\" sizes=\"auto, (max-width: 1024px) 100vw, 1024px\" \/><\/figure>\n\n\n\n<p>El programa se desarrollar\u00e1 durante el segundo semestre del a\u00f1o, e incluye talleres pr\u00e1cticos, actividades de aula y un cierre con una jornada multideportiva en el mes de noviembre que se llevar\u00e1 a cabo en el Estadio municipal de la comuna de San Fernando.<\/p>\n","protected":false},"excerpt":{"rendered":"Con el objetivo de promover la conciencia ambiental desde la ni\u00f1ez, Corporaci\u00f3n Pro O\u2019Higgins y Tinguiririca Energ\u00eda presentaron&hellip;\n","protected":false},"author":2,"featured_media":4631,"comment_status":"open","ping_status":"open","sticky":false,"template":"","format":"standard","meta":{"_monsterinsights_skip_tracking":false,"_monsterinsights_sitenote_active":false,"_monsterinsights_sitenote_note":"","_monsterinsights_sitenote_category":0,"footnotes":""},"categories":[8],"tags":[],"class_list":{"0":"post-4626","1":"post","2":"type-post","3":"status-publish","4":"format-standard","5":"has-post-thumbnail","7":"category-portada"},"aioseo_notices":[],"_links":{"self":[{"href":"https:\/\/www.rengoenlanoticia.cl\/prensa\/wp-json\/wp\/v2\/posts\/4626","targetHints":{"allow":["GET"]}}],"collection":[{"href":"https:\/\/www.rengoenlanoticia.cl\/prensa\/wp-json\/wp\/v2\/posts"}],"about":[{"href":"https:\/\/www.rengoenlanoticia.cl\/prensa\/wp-json\/wp\/v2\/types\/post"}],"author":[{"embeddable":true,"href":"https:\/\/www.rengoenlanoticia.cl\/prensa\/wp-json\/wp\/v2\/users\/2"}],"replies":[{"embeddable":true,"href":"https:\/\/www.rengoenlanoticia.cl\/prensa\/wp-json\/wp\/v2\/comments?post=4626"}],"version-history":[{"count":3,"href":"https:\/\/www.rengoenlanoticia.cl\/prensa\/wp-json\/wp\/v2\/posts\/4626\/revisions"}],"predecessor-version":[{"id":4635,"href":"https:\/\/www.rengoenlanoticia.cl\/prensa\/wp-json\/wp\/v2\/posts\/4626\/revisions\/4635"}],"wp:featuredmedia":[{"embeddable":true,"href":"https:\/\/www.rengoenlanoticia.cl\/prensa\/wp-json\/wp\/v2\/media\/4631"}],"wp:attachment":[{"href":"https:\/\/www.rengoenlanoticia.cl\/prensa\/wp-json\/wp\/v2\/media?parent=4626"}],"wp:term":[{"taxonomy":"category","embeddable":true,"href":"https:\/\/www.rengoenlanoticia.cl\/prensa\/wp-json\/wp\/v2\/categories?post=4626"},{"taxonomy":"post_tag","embeddable":true,"href":"https:\/\/www.rengoenlanoticia.cl\/prensa\/wp-json\/wp\/v2\/tags?post=4626"}],"curies":[{"name":"wp","href":"https:\/\/api.w.org\/{rel}","templated":true}]}}