{"id":4625,"date":"2025-07-24T01:42:55","date_gmt":"2025-07-24T01:42:55","guid":{"rendered":"https:\/\/www.rengoenlanoticia.cl\/prensa\/?p=4625"},"modified":"2025-07-24T01:42:58","modified_gmt":"2025-07-24T01:42:58","slug":"hospital-de-santa-cruz-y-consejo-de-salud-local-de-chepica-fortalecen-vinculos-comunitarios","status":"publish","type":"post","link":"https:\/\/www.rengoenlanoticia.cl\/prensa\/2025\/07\/24\/hospital-de-santa-cruz-y-consejo-de-salud-local-de-chepica-fortalecen-vinculos-comunitarios\/","title":{"rendered":"Hospital de Santa Cruz y Consejo de Salud Local de Ch\u00e9pica fortalecen v\u00ednculos comunitarios"},"content":{"rendered":"\n<p>En una jornada marcada por el di\u00e1logo y la colaboraci\u00f3n, el director del Hospital de Santa Cruz, Dr. Sebasti\u00e1n Urz\u00faa, sostuvo una importante reuni\u00f3n con el Consejo de Salud Local de la comuna de Ch\u00e9pica, desarrollada en las dependencias de la municipalidad.<\/p>\n\n\n\n<p>El encuentro cont\u00f3 con la participaci\u00f3n de l\u00edderes de la sociedad civil, representantes de la comunidad organizada y autoridades locales, quienes abordaron de forma conjunta temas prioritarios como el buen trato usuaria\/o, el manejo de datos cl\u00ednicos y los avances en la lista de espera del recinto asistencial.<\/p>\n\n\n\n<p>\u201cFue una reuni\u00f3n muy provechosa y enriquecedora. Estas instancias nos permiten no solo escuchar las necesidades del territorio, sino tambi\u00e9n avanzar en propuestas concretas que mejoren la calidad de atenci\u00f3n y fortalezcan la confianza entre la comunidad y el hospital\u201d, se\u00f1al\u00f3 el Dr. Urz\u00faa, valorando el compromiso de los y las participantes.<\/p>\n\n\n\n<p>Durante la jornada se compartieron ideas orientadas a mejorar los canales de informaci\u00f3n, fortalecer la atenci\u00f3n humanizada y continuar acercando los servicios de salud a los distintos sectores de la comuna.<\/p>\n\n\n\n<p>Por su parte, el director de salud municipal de Ch\u00e9pica, Jos\u00e9 Parraguez Olmedo, destac\u00f3 la relevancia del encuentro, resaltando la disposici\u00f3n del hospital para escuchar a la comunidad y en especial de los funcionarios y dirigentes de su comuna. \u201cEn Ch\u00e9pica seguimos trabajando con fuerza para acercar la salud a nuestras familias -se\u00f1al\u00f3 Parraguez- con un enfoque m\u00e1s humano y oportuno. El trabajo conjunto con el director del Hospital de Santa Cruz, Dr. Sebasti\u00e1n Urz\u00faa, ha sido clave para avanzar en esta tarea\u201d.<\/p>\n\n\n\n<p>Parraguez a\u00f1adi\u00f3 que \u201cvaloramos profundamente el compromiso de nuestras dirigentas y dirigentes del Consejo de Desarrollo Local, quienes nos conectan con las necesidades reales del territorio. Y, por supuesto, agradezco el esfuerzo incansable del equipo del CESFAM, postas, estaci\u00f3n m\u00e9dico-rural y servicio de urgencia rural. Cuando comunidad, autoridades y equipos de salud trabajamos unidos, todo se vuelve posible. Sigamos construyendo una salud m\u00e1s digna y cercana para todas y todos.\u201d<\/p>\n\n\n\n<p>Al igual que la autoridad, las dirigentas Rosa D\u00edaz, Isabel Oteiza y Patricia Rodr\u00edguez valoraron lo fundamental que es que las decisiones se tomen considerando la realidad de los territorios, por lo que instaron a mantener y fortalecer estos espacios de di\u00e1logo.<\/p>\n\n\n\n<p>Esta instancia forma parte del trabajo colaborativo que impulsa el Hospital de Santa Cruz con los territorios de su red de influencia, reafirmando su compromiso con una salud m\u00e1s inclusiva, oportuna y centrada en las personas.<\/p>\n","protected":false},"excerpt":{"rendered":"En una jornada marcada por el di\u00e1logo y la colaboraci\u00f3n, el director del Hospital de Santa Cruz, Dr.&hellip;\n","protected":false},"author":1,"featured_media":4627,"comment_status":"open","ping_status":"open","sticky":false,"template":"","format":"standard","meta":{"_monsterinsights_skip_tracking":false,"_monsterinsights_sitenote_active":false,"_monsterinsights_sitenote_note":"","_monsterinsights_sitenote_category":0,"footnotes":""},"categories":[8],"tags":[],"class_list":{"0":"post-4625","1":"post","2":"type-post","3":"status-publish","4":"format-standard","5":"has-post-thumbnail","7":"category-portada"},"aioseo_notices":[],"_links":{"self":[{"href":"https:\/\/www.rengoenlanoticia.cl\/prensa\/wp-json\/wp\/v2\/posts\/4625","targetHints":{"allow":["GET"]}}],"collection":[{"href":"https:\/\/www.rengoenlanoticia.cl\/prensa\/wp-json\/wp\/v2\/posts"}],"about":[{"href":"https:\/\/www.rengoenlanoticia.cl\/prensa\/wp-json\/wp\/v2\/types\/post"}],"author":[{"embeddable":true,"href":"https:\/\/www.rengoenlanoticia.cl\/prensa\/wp-json\/wp\/v2\/users\/1"}],"replies":[{"embeddable":true,"href":"https:\/\/www.rengoenlanoticia.cl\/prensa\/wp-json\/wp\/v2\/comments?post=4625"}],"version-history":[{"count":2,"href":"https:\/\/www.rengoenlanoticia.cl\/prensa\/wp-json\/wp\/v2\/posts\/4625\/revisions"}],"predecessor-version":[{"id":4633,"href":"https:\/\/www.rengoenlanoticia.cl\/prensa\/wp-json\/wp\/v2\/posts\/4625\/revisions\/4633"}],"wp:featuredmedia":[{"embeddable":true,"href":"https:\/\/www.rengoenlanoticia.cl\/prensa\/wp-json\/wp\/v2\/media\/4627"}],"wp:attachment":[{"href":"https:\/\/www.rengoenlanoticia.cl\/prensa\/wp-json\/wp\/v2\/media?parent=4625"}],"wp:term":[{"taxonomy":"category","embeddable":true,"href":"https:\/\/www.rengoenlanoticia.cl\/prensa\/wp-json\/wp\/v2\/categories?post=4625"},{"taxonomy":"post_tag","embeddable":true,"href":"https:\/\/www.rengoenlanoticia.cl\/prensa\/wp-json\/wp\/v2\/tags?post=4625"}],"curies":[{"name":"wp","href":"https:\/\/api.w.org\/{rel}","templated":true}]}}