{"id":4621,"date":"2025-07-23T07:02:05","date_gmt":"2025-07-23T07:02:05","guid":{"rendered":"https:\/\/www.rengoenlanoticia.cl\/prensa\/?p=4621"},"modified":"2025-07-23T07:02:26","modified_gmt":"2025-07-23T07:02:26","slug":"medida-centralista-diputada-romero-oficia-al-sernac-por-fin-del-pase-diario-y-pide-al-gobierno-ingresar-proyecto-para-restituir-permiso-a-usuarios-de-regiones","status":"publish","type":"post","link":"https:\/\/www.rengoenlanoticia.cl\/prensa\/2025\/07\/23\/medida-centralista-diputada-romero-oficia-al-sernac-por-fin-del-pase-diario-y-pide-al-gobierno-ingresar-proyecto-para-restituir-permiso-a-usuarios-de-regiones\/","title":{"rendered":"\u201cMedida centralista\u201d: Diputada Romero oficia al Sernac por fin del \u201cPase Diario\u201d y pide al Gobierno ingresar proyecto para restituir permiso a usuarios de regiones"},"content":{"rendered":"\n<p><em>La legisladora de O\u2019Higgins acus\u00f3 que la decisi\u00f3n de terminar con el permiso \u201cperjudicar\u00e1 especialmente\u201d a quienes viven fuera de Santiago, puesto que ahora deber\u00e1n optar entre arrendar mensualmente un tag o pagar el doble del valor de cada p\u00f3rtico por el que circulen.<\/em><\/p>\n\n\n\n<p>La diputada por la Regi\u00f3n de O\u2019Higgins e integrante de la comisi\u00f3n de la Familia de la C\u00e1mara Baja, Natalia Romero, anunci\u00f3 que a principios de mes ofici\u00f3 al Servicio Nacional del Consumidor (Sernac) a ra\u00edz de la pol\u00e9mica decisi\u00f3n que tom\u00f3 la Direcci\u00f3n de Concesiones del Ministerio de Obras P\u00fablicas (MOP) de poner fin -a contar del pasado 1 de julio- al Pase Diario \u00danico Interoperable, que permit\u00eda a los veh\u00edculos sin tag circular por las distintas autopistas concesionadas de la Regi\u00f3n Metropolitana.<\/p>\n\n\n\n<p>Al respecto, cabe recordar que la decisi\u00f3n de terminar con el permiso -que ten\u00eda un costo de $12.720 diarios- fue anunciada en junio por el MOP, donde justificaron que su eliminaci\u00f3n ten\u00eda por objetivo \u201cque los usuarios tuvieran un cobro proporcional\u201d, as\u00ed como evitar el mal uso que se le estaba dando.<\/p>\n\n\n\n<p>En concreto, las autoridades apuntaron tanto a los veh\u00edculos -sobre todo las motos- que transitaban permanentemente por las autopistas de Santiago y que para evitar un cobro mayor prefer\u00edan comprar el pase diario en vez de contratar un tag, as\u00ed como tambi\u00e9n a un n\u00famero importante de usuarios de regiones que deb\u00edan pagar dicho monto a pesar de transitar s\u00f3lo por algunos p\u00f3rticos.<\/p>\n\n\n\n<p>Sin embargo, junto con su eliminaci\u00f3n, desde la Direcci\u00f3n de Concesiones tambi\u00e9n informaron que todos los veh\u00edculos que a contar del 1 de julio circulen sin tag por las autopistas concesionadas se les cobrar\u00e1 el doble del valor de cada p\u00f3rtico por el que transiten, lo que a juicio de la diputada Romero \u201cterminar\u00e1 perjudicando especialmente y de manera grave\u201d a los habitantes de regiones.<\/p>\n\n\n\n<p>\u201cSi bien el MOP puede tener raz\u00f3n en cuanto al mal uso que muchos usuarios de Santiago estaban haciendo del pase diario, sobre todo quienes transitan frecuentemente y lo hacen sin tag, es absolutamente innecesario que aqu\u00ed terminen pagando justos por pecadores. Todos sabemos que las autopistas concesionadas cobran un arriendo mensual por este dispositivo, que si bien puede ser un monto considerado como bajo, es injusto que los habitantes de regiones tengan que pagarlo si no tienen la necesidad de viajar todos los meses a Santiago\u201d, critic\u00f3 la parlamentaria, quien insisti\u00f3 en que la decisi\u00f3n es \u201ccompletamente centralista\u201d, puesto a que su juicio \u201cuna vez m\u00e1s no se pens\u00f3 en los chilenos que vivimos en regiones, sino que s\u00f3lo en los habitantes de la Regi\u00f3n Metropolitana\u201d.<\/p>\n\n\n\n<p>Por lo mismo, la diputada Natalia Romero ofici\u00f3 al Sernac para que el organismo eval\u00fae si pueden iniciar acciones ante dicha decisi\u00f3n, asegurando que \u201cpodemos estar ante una vulneraci\u00f3n de los derechos del consumidor que debe investigarse\u201d, agregando que \u201cel mal uso que se le pudo haber dado&nbsp;a&nbsp;esta norma no deber\u00eda solucionarse a costa de los habitantes de regiones, sino de&nbsp;otra&nbsp;forma\u201d.<\/p>\n\n\n\n<p>Pero adem\u00e1s, la representante de O\u2019Higgins llam\u00f3 al Gobierno a evaluar la presentaci\u00f3n de un proyecto de ley para restituir dicho pase para los veh\u00edculos que est\u00e1n inscritos en regiones y cuyos propietarios tambi\u00e9n tengan domicilio fuera de la capital, sin la necesidad de que por no tener contratado un tag los usuarios tengan que pagar el doble del valor de cada p\u00f3rtico en el que circulen.<\/p>\n\n\n\n<p>\u201cEsperamos que el Sernac pueda actuar en esta materia y que el Gobierno se abra a restituir este pase, para as\u00ed ofrecer una alternativa real para los veh\u00edculos que son de regiones\u201d, insisti\u00f3 Romero.<\/p>\n","protected":false},"excerpt":{"rendered":"La legisladora de O\u2019Higgins acus\u00f3 que la decisi\u00f3n de terminar con el permiso \u201cperjudicar\u00e1 especialmente\u201d a quienes viven&hellip;\n","protected":false},"author":1,"featured_media":4622,"comment_status":"open","ping_status":"open","sticky":false,"template":"","format":"standard","meta":{"_monsterinsights_skip_tracking":false,"_monsterinsights_sitenote_active":false,"_monsterinsights_sitenote_note":"","_monsterinsights_sitenote_category":0,"footnotes":""},"categories":[11,8],"tags":[],"class_list":{"0":"post-4621","1":"post","2":"type-post","3":"status-publish","4":"format-standard","5":"has-post-thumbnail","7":"category-politica","8":"category-portada"},"aioseo_notices":[],"_links":{"self":[{"href":"https:\/\/www.rengoenlanoticia.cl\/prensa\/wp-json\/wp\/v2\/posts\/4621","targetHints":{"allow":["GET"]}}],"collection":[{"href":"https:\/\/www.rengoenlanoticia.cl\/prensa\/wp-json\/wp\/v2\/posts"}],"about":[{"href":"https:\/\/www.rengoenlanoticia.cl\/prensa\/wp-json\/wp\/v2\/types\/post"}],"author":[{"embeddable":true,"href":"https:\/\/www.rengoenlanoticia.cl\/prensa\/wp-json\/wp\/v2\/users\/1"}],"replies":[{"embeddable":true,"href":"https:\/\/www.rengoenlanoticia.cl\/prensa\/wp-json\/wp\/v2\/comments?post=4621"}],"version-history":[{"count":2,"href":"https:\/\/www.rengoenlanoticia.cl\/prensa\/wp-json\/wp\/v2\/posts\/4621\/revisions"}],"predecessor-version":[{"id":4624,"href":"https:\/\/www.rengoenlanoticia.cl\/prensa\/wp-json\/wp\/v2\/posts\/4621\/revisions\/4624"}],"wp:featuredmedia":[{"embeddable":true,"href":"https:\/\/www.rengoenlanoticia.cl\/prensa\/wp-json\/wp\/v2\/media\/4622"}],"wp:attachment":[{"href":"https:\/\/www.rengoenlanoticia.cl\/prensa\/wp-json\/wp\/v2\/media?parent=4621"}],"wp:term":[{"taxonomy":"category","embeddable":true,"href":"https:\/\/www.rengoenlanoticia.cl\/prensa\/wp-json\/wp\/v2\/categories?post=4621"},{"taxonomy":"post_tag","embeddable":true,"href":"https:\/\/www.rengoenlanoticia.cl\/prensa\/wp-json\/wp\/v2\/tags?post=4621"}],"curies":[{"name":"wp","href":"https:\/\/api.w.org\/{rel}","templated":true}]}}