{"id":4517,"date":"2025-07-18T18:13:15","date_gmt":"2025-07-18T18:13:15","guid":{"rendered":"https:\/\/www.rengoenlanoticia.cl\/prensa\/?p=4517"},"modified":"2025-07-19T09:34:49","modified_gmt":"2025-07-19T09:34:49","slug":"centro-de-seguimiento-de-medidas-de-proteccion-de-nna-de-rancagua-realiza-capacitacion-a-funcionarios-del-cesfam-dr-eduardo-de-geyter","status":"publish","type":"post","link":"https:\/\/www.rengoenlanoticia.cl\/prensa\/2025\/07\/18\/centro-de-seguimiento-de-medidas-de-proteccion-de-nna-de-rancagua-realiza-capacitacion-a-funcionarios-del-cesfam-dr-eduardo-de-geyter\/","title":{"rendered":"Centro de Seguimiento de Medidas de Protecci\u00f3n de NNA de Rancagua realiza capacitaci\u00f3n a funcionarios del Cesfam Dr. Eduardo De Geyter"},"content":{"rendered":"\n<p>Centro de Seguimiento de Medidas de Protecci\u00f3n de NNA de Rancagua realiza capacitaci\u00f3n a funcionarios del Cesfam Dr. Eduardo De GeyterEl Centro de Seguimiento de Medidas de Protecci\u00f3n de Rancagua efectu\u00f3 una capacitaci\u00f3n al personal del Cesfam N\u00b02 de Rancagua Dr. Eduardo De Geyter.<\/p>\n\n\n\n<p>En instancia participaron la supervisora del centro dependiente de la Corte de Apelaciones de Rancagua, Sol Madrid, y las integrantes de la unidad, quienes expusieron ante el director del establecimiento, Alejandro Cerda, y funcionarias de la repartici\u00f3n.<\/p>\n\n\n\n<p>Se analiz\u00f3 c\u00f3mo abordar e ingresar una medida de protecci\u00f3n al sistema en casos de que se detecten vulneraciones de derechos de ni\u00f1os, ni\u00f1as y adolescentes.<\/p>\n\n\n\n<p>\u201cEsta instancia surge de la necesidad de que quienes integran los equipos de los cesfam sepan c\u00f3mo abordar una medida de protecci\u00f3n en caso de que est\u00e9n en presencia de una vulneraci\u00f3n de derechos de los ni\u00f1os, ni\u00f1as y adolescentes, como por ejemplo, abuso sexual o deficiencia en el cuidado de su salud. Apuntamos a que tengan las herramientas para ingresarlas al sistema, as\u00ed como tambi\u00e9n la creaci\u00f3n de un perfil institucional\u201d, se\u00f1al\u00f3 la supervisora Sol Madrid.<\/p>\n\n\n\n<figure class=\"wp-block-image size-large\"><img loading=\"lazy\" decoding=\"async\" width=\"1024\" height=\"682\" src=\"https:\/\/www.rengoenlanoticia.cl\/prensa\/wp-content\/uploads\/2025\/07\/WhatsApp-Image-2025-07-18-at-09.15.52-1024x682.jpeg\" alt=\"\" class=\"wp-image-4519\" srcset=\"https:\/\/www.rengoenlanoticia.cl\/prensa\/wp-content\/uploads\/2025\/07\/WhatsApp-Image-2025-07-18-at-09.15.52-1024x682.jpeg 1024w, https:\/\/www.rengoenlanoticia.cl\/prensa\/wp-content\/uploads\/2025\/07\/WhatsApp-Image-2025-07-18-at-09.15.52-300x200.jpeg 300w, https:\/\/www.rengoenlanoticia.cl\/prensa\/wp-content\/uploads\/2025\/07\/WhatsApp-Image-2025-07-18-at-09.15.52-768x512.jpeg 768w, https:\/\/www.rengoenlanoticia.cl\/prensa\/wp-content\/uploads\/2025\/07\/WhatsApp-Image-2025-07-18-at-09.15.52-1536x1023.jpeg 1536w, https:\/\/www.rengoenlanoticia.cl\/prensa\/wp-content\/uploads\/2025\/07\/WhatsApp-Image-2025-07-18-at-09.15.52-110x73.jpeg 110w, https:\/\/www.rengoenlanoticia.cl\/prensa\/wp-content\/uploads\/2025\/07\/WhatsApp-Image-2025-07-18-at-09.15.52-200x133.jpeg 200w, https:\/\/www.rengoenlanoticia.cl\/prensa\/wp-content\/uploads\/2025\/07\/WhatsApp-Image-2025-07-18-at-09.15.52-380x253.jpeg 380w, https:\/\/www.rengoenlanoticia.cl\/prensa\/wp-content\/uploads\/2025\/07\/WhatsApp-Image-2025-07-18-at-09.15.52-255x170.jpeg 255w, https:\/\/www.rengoenlanoticia.cl\/prensa\/wp-content\/uploads\/2025\/07\/WhatsApp-Image-2025-07-18-at-09.15.52-550x366.jpeg 550w, https:\/\/www.rengoenlanoticia.cl\/prensa\/wp-content\/uploads\/2025\/07\/WhatsApp-Image-2025-07-18-at-09.15.52-800x533.jpeg 800w, https:\/\/www.rengoenlanoticia.cl\/prensa\/wp-content\/uploads\/2025\/07\/WhatsApp-Image-2025-07-18-at-09.15.52-1160x773.jpeg 1160w, https:\/\/www.rengoenlanoticia.cl\/prensa\/wp-content\/uploads\/2025\/07\/WhatsApp-Image-2025-07-18-at-09.15.52.jpeg 1600w\" sizes=\"auto, (max-width: 1024px) 100vw, 1024px\" \/><\/figure>\n\n\n\n<p>\u201cEsta capacitaci\u00f3n tiene como objetivo reforzar el uso del manejo de la plataforma del Poder Judicial, en relaci\u00f3n al seguimiento de las medidas de protecci\u00f3n efectuadas por el mismo equipo de salud. Esto nos permite crear una clave institucional de acceso para tener mayor resguardo de la informaci\u00f3n y confidencialidad\u201d, se\u00f1al\u00f3 el director del Cesfam N\u00b02, Alejandro Cerda.<\/p>\n","protected":false},"excerpt":{"rendered":"Centro de Seguimiento de Medidas de Protecci\u00f3n de NNA de Rancagua realiza capacitaci\u00f3n a funcionarios del Cesfam Dr.&hellip;\n","protected":false},"author":1,"featured_media":4518,"comment_status":"open","ping_status":"open","sticky":false,"template":"","format":"standard","meta":{"_monsterinsights_skip_tracking":false,"_monsterinsights_sitenote_active":false,"_monsterinsights_sitenote_note":"","_monsterinsights_sitenote_category":0,"footnotes":""},"categories":[8],"tags":[],"class_list":{"0":"post-4517","1":"post","2":"type-post","3":"status-publish","4":"format-standard","5":"has-post-thumbnail","7":"category-portada"},"aioseo_notices":[],"_links":{"self":[{"href":"https:\/\/www.rengoenlanoticia.cl\/prensa\/wp-json\/wp\/v2\/posts\/4517","targetHints":{"allow":["GET"]}}],"collection":[{"href":"https:\/\/www.rengoenlanoticia.cl\/prensa\/wp-json\/wp\/v2\/posts"}],"about":[{"href":"https:\/\/www.rengoenlanoticia.cl\/prensa\/wp-json\/wp\/v2\/types\/post"}],"author":[{"embeddable":true,"href":"https:\/\/www.rengoenlanoticia.cl\/prensa\/wp-json\/wp\/v2\/users\/1"}],"replies":[{"embeddable":true,"href":"https:\/\/www.rengoenlanoticia.cl\/prensa\/wp-json\/wp\/v2\/comments?post=4517"}],"version-history":[{"count":2,"href":"https:\/\/www.rengoenlanoticia.cl\/prensa\/wp-json\/wp\/v2\/posts\/4517\/revisions"}],"predecessor-version":[{"id":4521,"href":"https:\/\/www.rengoenlanoticia.cl\/prensa\/wp-json\/wp\/v2\/posts\/4517\/revisions\/4521"}],"wp:featuredmedia":[{"embeddable":true,"href":"https:\/\/www.rengoenlanoticia.cl\/prensa\/wp-json\/wp\/v2\/media\/4518"}],"wp:attachment":[{"href":"https:\/\/www.rengoenlanoticia.cl\/prensa\/wp-json\/wp\/v2\/media?parent=4517"}],"wp:term":[{"taxonomy":"category","embeddable":true,"href":"https:\/\/www.rengoenlanoticia.cl\/prensa\/wp-json\/wp\/v2\/categories?post=4517"},{"taxonomy":"post_tag","embeddable":true,"href":"https:\/\/www.rengoenlanoticia.cl\/prensa\/wp-json\/wp\/v2\/tags?post=4517"}],"curies":[{"name":"wp","href":"https:\/\/api.w.org\/{rel}","templated":true}]}}