{"id":4512,"date":"2025-07-18T16:26:17","date_gmt":"2025-07-18T16:26:17","guid":{"rendered":"https:\/\/www.rengoenlanoticia.cl\/prensa\/?p=4512"},"modified":"2025-07-18T16:26:43","modified_gmt":"2025-07-18T16:26:43","slug":"diputada-natalia-romero-presenta-proyecto-que-otorga-derecho-preferente-en-el-pago-de-licencias-medicas-a-pacientes-con-cancer","status":"publish","type":"post","link":"https:\/\/www.rengoenlanoticia.cl\/prensa\/2025\/07\/18\/diputada-natalia-romero-presenta-proyecto-que-otorga-derecho-preferente-en-el-pago-de-licencias-medicas-a-pacientes-con-cancer\/","title":{"rendered":"Diputada Natalia Romero presenta proyecto que otorga derecho preferente en el pago de licencias m\u00e9dicas a pacientes con c\u00e1ncer"},"content":{"rendered":"\n<p>En un nuevo avance legislativo que busca garantizar un trato m\u00e1s digno para quienes enfrentan enfermedades graves, la diputada Natalia Romero anunci\u00f3 la presentaci\u00f3n de un proyecto de ley que establece el derecho preferente en el pago de licencias m\u00e9dicas para los pacientes diagnosticados con c\u00e1ncer.<\/p>\n\n\n\n<p>La iniciativa, presentada en la C\u00e1mara, busca priorizar la tramitaci\u00f3n y el pago de estos subsidios, considerando que se trata de personas que no solo atraviesan un complejo proceso de salud, sino que tambi\u00e9n deben enfrentar altos costos asociados a sus tratamientos y largos periodos de recuperaci\u00f3n.<\/p>\n\n\n\n<p>\u00abNos parece de toda justicia que quienes est\u00e1n librando una batalla tan dura como el c\u00e1ncer no tengan que esperar meses para que se les pague una licencia m\u00e9dica. No solo estamos hablando de su derecho a la salud, sino tambi\u00e9n de su derecho a una vida digna y sin agobios econ\u00f3micos mientras se recuperan\u00bb, se\u00f1al\u00f3 la diputada Romero.<\/p>\n\n\n\n<p>La parlamentaria agreg\u00f3 que muchas veces las demoras en los pagos generan un c\u00edrculo de estr\u00e9s y dificultades econ\u00f3micas que afectan tanto al paciente como a sus familias.<\/p>\n\n\n\n<p>Cabe destacar que esta iniciativa fue presentada por la diputada Natalia Romero, quien actualmente integra la Comisi\u00f3n de Familia y la Comisi\u00f3n de Mujeres de la C\u00e1mara, y el diputado Henry Leal, iniciativa con la que refuerzan su compromiso con la protecci\u00f3n de las personas m\u00e1s vulnerables del pa\u00eds.<\/p>\n","protected":false},"excerpt":{"rendered":"En un nuevo avance legislativo que busca garantizar un trato m\u00e1s digno para quienes enfrentan enfermedades graves, la&hellip;\n","protected":false},"author":1,"featured_media":4513,"comment_status":"open","ping_status":"open","sticky":false,"template":"","format":"standard","meta":{"_monsterinsights_skip_tracking":false,"_monsterinsights_sitenote_active":false,"_monsterinsights_sitenote_note":"","_monsterinsights_sitenote_category":0,"footnotes":""},"categories":[11,8],"tags":[],"class_list":{"0":"post-4512","1":"post","2":"type-post","3":"status-publish","4":"format-standard","5":"has-post-thumbnail","7":"category-politica","8":"category-portada"},"aioseo_notices":[],"_links":{"self":[{"href":"https:\/\/www.rengoenlanoticia.cl\/prensa\/wp-json\/wp\/v2\/posts\/4512","targetHints":{"allow":["GET"]}}],"collection":[{"href":"https:\/\/www.rengoenlanoticia.cl\/prensa\/wp-json\/wp\/v2\/posts"}],"about":[{"href":"https:\/\/www.rengoenlanoticia.cl\/prensa\/wp-json\/wp\/v2\/types\/post"}],"author":[{"embeddable":true,"href":"https:\/\/www.rengoenlanoticia.cl\/prensa\/wp-json\/wp\/v2\/users\/1"}],"replies":[{"embeddable":true,"href":"https:\/\/www.rengoenlanoticia.cl\/prensa\/wp-json\/wp\/v2\/comments?post=4512"}],"version-history":[{"count":2,"href":"https:\/\/www.rengoenlanoticia.cl\/prensa\/wp-json\/wp\/v2\/posts\/4512\/revisions"}],"predecessor-version":[{"id":4515,"href":"https:\/\/www.rengoenlanoticia.cl\/prensa\/wp-json\/wp\/v2\/posts\/4512\/revisions\/4515"}],"wp:featuredmedia":[{"embeddable":true,"href":"https:\/\/www.rengoenlanoticia.cl\/prensa\/wp-json\/wp\/v2\/media\/4513"}],"wp:attachment":[{"href":"https:\/\/www.rengoenlanoticia.cl\/prensa\/wp-json\/wp\/v2\/media?parent=4512"}],"wp:term":[{"taxonomy":"category","embeddable":true,"href":"https:\/\/www.rengoenlanoticia.cl\/prensa\/wp-json\/wp\/v2\/categories?post=4512"},{"taxonomy":"post_tag","embeddable":true,"href":"https:\/\/www.rengoenlanoticia.cl\/prensa\/wp-json\/wp\/v2\/tags?post=4512"}],"curies":[{"name":"wp","href":"https:\/\/api.w.org\/{rel}","templated":true}]}}