{"id":4502,"date":"2025-07-18T01:16:52","date_gmt":"2025-07-18T01:16:52","guid":{"rendered":"https:\/\/www.rengoenlanoticia.cl\/prensa\/?p=4502"},"modified":"2025-07-18T01:18:26","modified_gmt":"2025-07-18T01:18:26","slug":"carabineros-detiene-a-8-personas-en-ronda-focalizada-en-el-sector-oriente-de-rancagua","status":"publish","type":"post","link":"https:\/\/www.rengoenlanoticia.cl\/prensa\/2025\/07\/18\/carabineros-detiene-a-8-personas-en-ronda-focalizada-en-el-sector-oriente-de-rancagua\/","title":{"rendered":"Carabineros detiene a  8 personas en ronda focalizada en el sector oriente de Rancagua"},"content":{"rendered":"\n<p>Siete de los aprehendidos registran \u00f3rdenes de aprehensi\u00f3n vigentes por diferentes delitos.<\/p>\n\n\n\n<p>Con el objetivo de controlar y fiscalizar posibles incivilidades en el sector oriente de Rancagua, tras las agresiones que se vivieron durante una fiscalizaci\u00f3n intersectorial a una chatarrer\u00eda el pasado martes, Carabineros de la Subcomisar\u00eda Diego Portales, con apoyo de la Secci\u00f3n de Investigaci\u00f3n Policial (SIP) de la Unidad y 7\u00b0 Comisar\u00eda COP desarroll\u00f3 una ronda focalizada, logrando la detenci\u00f3n de 8 personas.<\/p>\n\n\n\n<figure class=\"wp-block-image size-large\"><img loading=\"lazy\" decoding=\"async\" width=\"1024\" height=\"605\" src=\"https:\/\/www.rengoenlanoticia.cl\/prensa\/wp-content\/uploads\/2025\/07\/WhatsApp-Image-2025-07-17-at-12.32.37-1024x605.jpeg\" alt=\"\" class=\"wp-image-4503\" srcset=\"https:\/\/www.rengoenlanoticia.cl\/prensa\/wp-content\/uploads\/2025\/07\/WhatsApp-Image-2025-07-17-at-12.32.37-1024x605.jpeg 1024w, https:\/\/www.rengoenlanoticia.cl\/prensa\/wp-content\/uploads\/2025\/07\/WhatsApp-Image-2025-07-17-at-12.32.37-300x177.jpeg 300w, https:\/\/www.rengoenlanoticia.cl\/prensa\/wp-content\/uploads\/2025\/07\/WhatsApp-Image-2025-07-17-at-12.32.37-768x454.jpeg 768w, https:\/\/www.rengoenlanoticia.cl\/prensa\/wp-content\/uploads\/2025\/07\/WhatsApp-Image-2025-07-17-at-12.32.37-110x65.jpeg 110w, https:\/\/www.rengoenlanoticia.cl\/prensa\/wp-content\/uploads\/2025\/07\/WhatsApp-Image-2025-07-17-at-12.32.37-200x118.jpeg 200w, https:\/\/www.rengoenlanoticia.cl\/prensa\/wp-content\/uploads\/2025\/07\/WhatsApp-Image-2025-07-17-at-12.32.37-380x224.jpeg 380w, https:\/\/www.rengoenlanoticia.cl\/prensa\/wp-content\/uploads\/2025\/07\/WhatsApp-Image-2025-07-17-at-12.32.37-255x151.jpeg 255w, https:\/\/www.rengoenlanoticia.cl\/prensa\/wp-content\/uploads\/2025\/07\/WhatsApp-Image-2025-07-17-at-12.32.37-550x325.jpeg 550w, https:\/\/www.rengoenlanoticia.cl\/prensa\/wp-content\/uploads\/2025\/07\/WhatsApp-Image-2025-07-17-at-12.32.37-800x473.jpeg 800w, https:\/\/www.rengoenlanoticia.cl\/prensa\/wp-content\/uploads\/2025\/07\/WhatsApp-Image-2025-07-17-at-12.32.37-1160x685.jpeg 1160w, https:\/\/www.rengoenlanoticia.cl\/prensa\/wp-content\/uploads\/2025\/07\/WhatsApp-Image-2025-07-17-at-12.32.37.jpeg 1280w\" sizes=\"auto, (max-width: 1024px) 100vw, 1024px\" \/><\/figure>\n\n\n\n<p><br>Durante la ronda se desarrollaron m\u00e1s de un centenar de controles de identidad y 65 controles vehiculares, los que permitieron identificar a los individuos que se manten\u00edan infringiendo la ley. Es as\u00ed como se detuvo a 6 personas que se encontraban en calidad de pr\u00f3fugos de la justicia por diferentes delitos. Adem\u00e1s se detuvo a otras dos personas por la receptaci\u00f3n de un veh\u00edculo, que manten\u00eda encargo por robo en Rancagua desde mayo de 2025 y microtr\u00e1fico, debido a que se les encontr\u00f3 droga y dinero en efectivo.<\/p>\n\n\n\n<figure class=\"wp-block-image size-full\"><img loading=\"lazy\" decoding=\"async\" width=\"1024\" height=\"768\" src=\"https:\/\/www.rengoenlanoticia.cl\/prensa\/wp-content\/uploads\/2025\/07\/WhatsApp-Image-2025-07-17-at-12.33.06.jpeg\" alt=\"\" class=\"wp-image-4505\" srcset=\"https:\/\/www.rengoenlanoticia.cl\/prensa\/wp-content\/uploads\/2025\/07\/WhatsApp-Image-2025-07-17-at-12.33.06.jpeg 1024w, https:\/\/www.rengoenlanoticia.cl\/prensa\/wp-content\/uploads\/2025\/07\/WhatsApp-Image-2025-07-17-at-12.33.06-300x225.jpeg 300w, https:\/\/www.rengoenlanoticia.cl\/prensa\/wp-content\/uploads\/2025\/07\/WhatsApp-Image-2025-07-17-at-12.33.06-768x576.jpeg 768w, https:\/\/www.rengoenlanoticia.cl\/prensa\/wp-content\/uploads\/2025\/07\/WhatsApp-Image-2025-07-17-at-12.33.06-110x83.jpeg 110w, https:\/\/www.rengoenlanoticia.cl\/prensa\/wp-content\/uploads\/2025\/07\/WhatsApp-Image-2025-07-17-at-12.33.06-200x150.jpeg 200w, https:\/\/www.rengoenlanoticia.cl\/prensa\/wp-content\/uploads\/2025\/07\/WhatsApp-Image-2025-07-17-at-12.33.06-380x285.jpeg 380w, https:\/\/www.rengoenlanoticia.cl\/prensa\/wp-content\/uploads\/2025\/07\/WhatsApp-Image-2025-07-17-at-12.33.06-255x191.jpeg 255w, https:\/\/www.rengoenlanoticia.cl\/prensa\/wp-content\/uploads\/2025\/07\/WhatsApp-Image-2025-07-17-at-12.33.06-550x413.jpeg 550w, https:\/\/www.rengoenlanoticia.cl\/prensa\/wp-content\/uploads\/2025\/07\/WhatsApp-Image-2025-07-17-at-12.33.06-800x600.jpeg 800w\" sizes=\"auto, (max-width: 1024px) 100vw, 1024px\" \/><\/figure>\n\n\n\n<p><br>En esa misma l\u00ednea, en el sector oriente de la capital regional, la Secci\u00f3n Centauro realiz\u00f3 una fiscalizaci\u00f3n en el sector El Pantano, donde tras controlar a una persona identificada como J.I.J.C., chileno, de 39 a\u00f1os, se verific\u00f3 que registraba una orden de aprehensi\u00f3n vigente, encontrando adem\u00e1s entre sus pertenencias una pistola adaptada para el disparo, siendo detenido y puesto a disposici\u00f3n del Ministerio P\u00fablico.<\/p>\n","protected":false},"excerpt":{"rendered":"Siete de los aprehendidos registran \u00f3rdenes de aprehensi\u00f3n vigentes por diferentes delitos. Con el objetivo de controlar y&hellip;\n","protected":false},"author":2,"featured_media":4504,"comment_status":"open","ping_status":"open","sticky":false,"template":"","format":"standard","meta":{"_monsterinsights_skip_tracking":false,"_monsterinsights_sitenote_active":false,"_monsterinsights_sitenote_note":"","_monsterinsights_sitenote_category":0,"footnotes":""},"categories":[5,8],"tags":[],"class_list":{"0":"post-4502","1":"post","2":"type-post","3":"status-publish","4":"format-standard","5":"has-post-thumbnail","7":"category-policial","8":"category-portada"},"aioseo_notices":[],"_links":{"self":[{"href":"https:\/\/www.rengoenlanoticia.cl\/prensa\/wp-json\/wp\/v2\/posts\/4502","targetHints":{"allow":["GET"]}}],"collection":[{"href":"https:\/\/www.rengoenlanoticia.cl\/prensa\/wp-json\/wp\/v2\/posts"}],"about":[{"href":"https:\/\/www.rengoenlanoticia.cl\/prensa\/wp-json\/wp\/v2\/types\/post"}],"author":[{"embeddable":true,"href":"https:\/\/www.rengoenlanoticia.cl\/prensa\/wp-json\/wp\/v2\/users\/2"}],"replies":[{"embeddable":true,"href":"https:\/\/www.rengoenlanoticia.cl\/prensa\/wp-json\/wp\/v2\/comments?post=4502"}],"version-history":[{"count":3,"href":"https:\/\/www.rengoenlanoticia.cl\/prensa\/wp-json\/wp\/v2\/posts\/4502\/revisions"}],"predecessor-version":[{"id":4510,"href":"https:\/\/www.rengoenlanoticia.cl\/prensa\/wp-json\/wp\/v2\/posts\/4502\/revisions\/4510"}],"wp:featuredmedia":[{"embeddable":true,"href":"https:\/\/www.rengoenlanoticia.cl\/prensa\/wp-json\/wp\/v2\/media\/4504"}],"wp:attachment":[{"href":"https:\/\/www.rengoenlanoticia.cl\/prensa\/wp-json\/wp\/v2\/media?parent=4502"}],"wp:term":[{"taxonomy":"category","embeddable":true,"href":"https:\/\/www.rengoenlanoticia.cl\/prensa\/wp-json\/wp\/v2\/categories?post=4502"},{"taxonomy":"post_tag","embeddable":true,"href":"https:\/\/www.rengoenlanoticia.cl\/prensa\/wp-json\/wp\/v2\/tags?post=4502"}],"curies":[{"name":"wp","href":"https:\/\/api.w.org\/{rel}","templated":true}]}}