{"id":4501,"date":"2025-07-18T01:18:37","date_gmt":"2025-07-18T01:18:37","guid":{"rendered":"https:\/\/www.rengoenlanoticia.cl\/prensa\/?p=4501"},"modified":"2025-07-18T01:22:18","modified_gmt":"2025-07-18T01:22:18","slug":"proyecto-para-que-rosario-sea-comuna-logra-historico-avance-a-etapa-3","status":"publish","type":"post","link":"https:\/\/www.rengoenlanoticia.cl\/prensa\/2025\/07\/18\/proyecto-para-que-rosario-sea-comuna-logra-historico-avance-a-etapa-3\/","title":{"rendered":"Proyecto para que Rosario sea Comuna logra hist\u00f3rico avance a etapa 3"},"content":{"rendered":"\n<p>En una reuni\u00f3n gestionada por el Diputado Ra\u00fal Soto, junto a la ONG Rosario Comuna al Progreso con la Subsecretar\u00eda de Desarrollo Regional y a la cual asisti\u00f3 tambi\u00e9n el CORE Alex Ram\u00edrez, se confirm\u00f3 que la iniciativa tras ser declarada admisible, ya est\u00e1 en condiciones de pasar a la etapa 3, donde se realizar\u00e1 un an\u00e1lisis territorial y financiero para su viabilidad y posterior socializaci\u00f3n con la comunidad.<\/p>\n\n\n\n<p>Todo ello se da luego de la reuni\u00f3n sostenida con el Ministro del Interior \u00c1lvaro Elizalde, qui\u00e9n comprometi\u00f3 su apoyo e impulso para la iniciativa, siendo actualmente la \u00fanica postulaci\u00f3n a nivel nacional que se encuentra con este nivel de avance y cumpliendo con la nueva normativa que rige en la materia, la cual ya fue publicada en el diario oficial.<\/p>\n\n\n\n<p>\u00abSe trata de una demanda hist\u00f3rica para los rosarinos y rosarinas y los seguiremos apoyando en cada una de las etapas hasta lograr el objetivo\u00bb se\u00f1al\u00f3 el Diputado Ra\u00fal Soto.<\/p>\n","protected":false},"excerpt":{"rendered":"En una reuni\u00f3n gestionada por el Diputado Ra\u00fal Soto, junto a la ONG Rosario Comuna al Progreso con&hellip;\n","protected":false},"author":1,"featured_media":4506,"comment_status":"open","ping_status":"open","sticky":false,"template":"","format":"standard","meta":{"_monsterinsights_skip_tracking":false,"_monsterinsights_sitenote_active":false,"_monsterinsights_sitenote_note":"","_monsterinsights_sitenote_category":0,"footnotes":""},"categories":[11,8],"tags":[],"class_list":{"0":"post-4501","1":"post","2":"type-post","3":"status-publish","4":"format-standard","5":"has-post-thumbnail","7":"category-politica","8":"category-portada"},"aioseo_notices":[],"_links":{"self":[{"href":"https:\/\/www.rengoenlanoticia.cl\/prensa\/wp-json\/wp\/v2\/posts\/4501","targetHints":{"allow":["GET"]}}],"collection":[{"href":"https:\/\/www.rengoenlanoticia.cl\/prensa\/wp-json\/wp\/v2\/posts"}],"about":[{"href":"https:\/\/www.rengoenlanoticia.cl\/prensa\/wp-json\/wp\/v2\/types\/post"}],"author":[{"embeddable":true,"href":"https:\/\/www.rengoenlanoticia.cl\/prensa\/wp-json\/wp\/v2\/users\/1"}],"replies":[{"embeddable":true,"href":"https:\/\/www.rengoenlanoticia.cl\/prensa\/wp-json\/wp\/v2\/comments?post=4501"}],"version-history":[{"count":2,"href":"https:\/\/www.rengoenlanoticia.cl\/prensa\/wp-json\/wp\/v2\/posts\/4501\/revisions"}],"predecessor-version":[{"id":4511,"href":"https:\/\/www.rengoenlanoticia.cl\/prensa\/wp-json\/wp\/v2\/posts\/4501\/revisions\/4511"}],"wp:featuredmedia":[{"embeddable":true,"href":"https:\/\/www.rengoenlanoticia.cl\/prensa\/wp-json\/wp\/v2\/media\/4506"}],"wp:attachment":[{"href":"https:\/\/www.rengoenlanoticia.cl\/prensa\/wp-json\/wp\/v2\/media?parent=4501"}],"wp:term":[{"taxonomy":"category","embeddable":true,"href":"https:\/\/www.rengoenlanoticia.cl\/prensa\/wp-json\/wp\/v2\/categories?post=4501"},{"taxonomy":"post_tag","embeddable":true,"href":"https:\/\/www.rengoenlanoticia.cl\/prensa\/wp-json\/wp\/v2\/tags?post=4501"}],"curies":[{"name":"wp","href":"https:\/\/api.w.org\/{rel}","templated":true}]}}