{"id":4493,"date":"2025-07-17T04:41:08","date_gmt":"2025-07-17T04:41:08","guid":{"rendered":"https:\/\/www.rengoenlanoticia.cl\/prensa\/?p=4493"},"modified":"2025-07-17T05:17:54","modified_gmt":"2025-07-17T05:17:54","slug":"en-pirque-fueron-detenidos-sujetos-que-secuestraron-y-abandonaron-a-ocupantes-de-un-camion-en-rengo","status":"publish","type":"post","link":"https:\/\/www.rengoenlanoticia.cl\/prensa\/2025\/07\/17\/en-pirque-fueron-detenidos-sujetos-que-secuestraron-y-abandonaron-a-ocupantes-de-un-camion-en-rengo\/","title":{"rendered":"En Pirque fueron detenidos sujetos que secuestraron y abandonaron a ocupantes de un cami\u00f3n en Rengo."},"content":{"rendered":"\n<p>Un exitoso procedimiento permiti\u00f3 a Carabineros de la 65\u00aa Comisar\u00eda de Pirque recuperar un cami\u00f3n robado que transportaba 18 vaquillas y 35 novillos, y detener a cuatro personas involucradas en el delito. El operativo fue desarrollado en conjunto con Inspectores Municipales de la comuna.<\/p>\n\n\n\n<figure class=\"wp-block-video\"><video controls src=\"https:\/\/www.rengoenlanoticia.cl\/prensa\/wp-content\/uploads\/2025\/07\/WhatsApp-Video-2025-07-16-at-21.58.17-1.mp4\"><\/video><\/figure>\n\n\n\n<p>&#x1f449; El violento asalto ocurri\u00f3 en el sector de Angostura, regi\u00f3n de O\u2019Higgins, donde delincuentes sustrajeron el cami\u00f3n y secuestraron al chofer y su acompa\u00f1ante, quienes fueron posteriormente abandonados en el sector La Rinconada de Malambo, comuna de Rengo, quienes fueron auxiliado por un vecino de \u00a0esa localidad, quien aviso oportunamente v\u00eda telef\u00f3nica a Carabineros de Rengo (Cuadrante 1), quienes llegaron al lugar recogiendo la denuncia de las v\u00edctimas.<\/p>\n\n\n\n<figure class=\"wp-block-video\"><video controls src=\"https:\/\/www.rengoenlanoticia.cl\/prensa\/wp-content\/uploads\/2025\/07\/WhatsApp-Video-2025-07-16-at-21.58.17.mp4\"><\/video><\/figure>\n\n\n\n<p>Gracias a la denuncia y al trabajo coordinado con las c\u00e1maras de seguridad, se detect\u00f3 el ingreso del cami\u00f3n a Pirque, escoltado por otro veh\u00edculo.<\/p>\n\n\n\n<p>&nbsp;Tres sujetos fueron detenidos en Av. Concha y Toro con Marco P\u00e9rez, incaut\u00e1ndose un inhibidor de se\u00f1al, hardware antirastreador y especies personales de las v\u00edctimas.<\/p>\n\n\n\n<p>El cami\u00f3n fue hallado en el sector Los Corraleros, con la totalidad del ganado en su interior. El encargado del recinto fue detenido por el delito de receptaci\u00f3n.<\/p>\n\n\n\n<p>Un procedimiento exitoso que permiti\u00f3 recuperar el veh\u00edculo, el ganado y detener a los responsables.<\/p>\n","protected":false},"excerpt":{"rendered":"Un exitoso procedimiento permiti\u00f3 a Carabineros de la 65\u00aa Comisar\u00eda de Pirque recuperar un cami\u00f3n robado que transportaba&hellip;\n","protected":false},"author":2,"featured_media":4494,"comment_status":"open","ping_status":"open","sticky":false,"template":"","format":"standard","meta":{"_monsterinsights_skip_tracking":false,"_monsterinsights_sitenote_active":false,"_monsterinsights_sitenote_note":"","_monsterinsights_sitenote_category":0,"footnotes":""},"categories":[5,8],"tags":[],"class_list":{"0":"post-4493","1":"post","2":"type-post","3":"status-publish","4":"format-standard","5":"has-post-thumbnail","7":"category-policial","8":"category-portada"},"aioseo_notices":[],"_links":{"self":[{"href":"https:\/\/www.rengoenlanoticia.cl\/prensa\/wp-json\/wp\/v2\/posts\/4493","targetHints":{"allow":["GET"]}}],"collection":[{"href":"https:\/\/www.rengoenlanoticia.cl\/prensa\/wp-json\/wp\/v2\/posts"}],"about":[{"href":"https:\/\/www.rengoenlanoticia.cl\/prensa\/wp-json\/wp\/v2\/types\/post"}],"author":[{"embeddable":true,"href":"https:\/\/www.rengoenlanoticia.cl\/prensa\/wp-json\/wp\/v2\/users\/2"}],"replies":[{"embeddable":true,"href":"https:\/\/www.rengoenlanoticia.cl\/prensa\/wp-json\/wp\/v2\/comments?post=4493"}],"version-history":[{"count":2,"href":"https:\/\/www.rengoenlanoticia.cl\/prensa\/wp-json\/wp\/v2\/posts\/4493\/revisions"}],"predecessor-version":[{"id":4498,"href":"https:\/\/www.rengoenlanoticia.cl\/prensa\/wp-json\/wp\/v2\/posts\/4493\/revisions\/4498"}],"wp:featuredmedia":[{"embeddable":true,"href":"https:\/\/www.rengoenlanoticia.cl\/prensa\/wp-json\/wp\/v2\/media\/4494"}],"wp:attachment":[{"href":"https:\/\/www.rengoenlanoticia.cl\/prensa\/wp-json\/wp\/v2\/media?parent=4493"}],"wp:term":[{"taxonomy":"category","embeddable":true,"href":"https:\/\/www.rengoenlanoticia.cl\/prensa\/wp-json\/wp\/v2\/categories?post=4493"},{"taxonomy":"post_tag","embeddable":true,"href":"https:\/\/www.rengoenlanoticia.cl\/prensa\/wp-json\/wp\/v2\/tags?post=4493"}],"curies":[{"name":"wp","href":"https:\/\/api.w.org\/{rel}","templated":true}]}}