{"id":4487,"date":"2025-07-17T04:21:03","date_gmt":"2025-07-17T04:21:03","guid":{"rendered":"https:\/\/www.rengoenlanoticia.cl\/prensa\/?p=4487"},"modified":"2025-07-19T09:35:21","modified_gmt":"2025-07-19T09:35:21","slug":"carabineros-detiene-en-chimbarongo-a-un-sujeto-que-transportaba-mas-de-120-mil-dosis-de-cocaina","status":"publish","type":"post","link":"https:\/\/www.rengoenlanoticia.cl\/prensa\/2025\/07\/17\/carabineros-detiene-en-chimbarongo-a-un-sujeto-que-transportaba-mas-de-120-mil-dosis-de-cocaina\/","title":{"rendered":"Carabineros detiene en Chimbarongo a un sujeto que transportaba m\u00e1s de 120 mil dosis de coca\u00edna"},"content":{"rendered":"\n<p>El procedimiento se gest\u00f3 durante una fiscalizaci\u00f3n vehicular en la Ruta 5- Sur.<\/p>\n\n\n\n<p>A ra\u00edz de fiscalizaciones vehiculares en la Ruta 5-Sur, Carabineros de la Subcomisar\u00eda logr\u00f3 la incautaci\u00f3n de 127 mil dosis de coca\u00edna, avaluada en m\u00e1s de 120 millones de pesos y la detenci\u00f3n de un individuo por el delito de tr\u00e1fico de drogas.<br>En horas de la madrugada, mientras desarrollaban controles vehiculares, los efectivos policiales realizaron las se\u00f1ales correspondientes a un veh\u00edculo para ser fiscalizado, sin embargo, \u00e9ste hizo caso omiso a las indicaciones, realizando una maniobra temeraria para intentar atropellar al funcionario policial, sin lograrlo, d\u00e1ndose a la fuga.<br>La r\u00e1pida reacci\u00f3n de Carabineros que inici\u00f3 un seguimiento controlado del autom\u00f3vil, el cual fue interceptado en el kil\u00f3metro 164.700 de la Ruta 5-Sur, permiti\u00f3 la detenci\u00f3n de uno de los tres ocupantes. Tras realizar la detenci\u00f3n, fue revisado de forma minuciosa el veh\u00edculo encontrando en su interior 12 paquetes de coca\u00edna, correspondientes a 13 kilos, los cuales seg\u00fan las pericias desarrolladas por Carabineros especializados del OS-7 Cachapoal, corresponden a 127.650 dosis que se lograron sacar de las calles de la Regi\u00f3n, las cuales fueron avaluadas en 127 millones 650 mil pesos. Adem\u00e1s, de la coca\u00edna fueron incautados 8 paquetes de cafe\u00edna utilizado como precursor qu\u00edmico para aumentar la droga.<br>El detenido corresponde a un individuo chileno, de 42 a\u00f1os, con antecedentes policiales, nada vigente, quien paso a control de detenci\u00f3n.<\/p>\n","protected":false},"excerpt":{"rendered":"El procedimiento se gest\u00f3 durante una fiscalizaci\u00f3n vehicular en la Ruta 5- Sur. A ra\u00edz de fiscalizaciones vehiculares&hellip;\n","protected":false},"author":2,"featured_media":4488,"comment_status":"open","ping_status":"open","sticky":false,"template":"","format":"standard","meta":{"_monsterinsights_skip_tracking":false,"_monsterinsights_sitenote_active":false,"_monsterinsights_sitenote_note":"","_monsterinsights_sitenote_category":0,"footnotes":""},"categories":[5,8],"tags":[],"class_list":{"0":"post-4487","1":"post","2":"type-post","3":"status-publish","4":"format-standard","5":"has-post-thumbnail","7":"category-policial","8":"category-portada"},"aioseo_notices":[],"_links":{"self":[{"href":"https:\/\/www.rengoenlanoticia.cl\/prensa\/wp-json\/wp\/v2\/posts\/4487","targetHints":{"allow":["GET"]}}],"collection":[{"href":"https:\/\/www.rengoenlanoticia.cl\/prensa\/wp-json\/wp\/v2\/posts"}],"about":[{"href":"https:\/\/www.rengoenlanoticia.cl\/prensa\/wp-json\/wp\/v2\/types\/post"}],"author":[{"embeddable":true,"href":"https:\/\/www.rengoenlanoticia.cl\/prensa\/wp-json\/wp\/v2\/users\/2"}],"replies":[{"embeddable":true,"href":"https:\/\/www.rengoenlanoticia.cl\/prensa\/wp-json\/wp\/v2\/comments?post=4487"}],"version-history":[{"count":2,"href":"https:\/\/www.rengoenlanoticia.cl\/prensa\/wp-json\/wp\/v2\/posts\/4487\/revisions"}],"predecessor-version":[{"id":4492,"href":"https:\/\/www.rengoenlanoticia.cl\/prensa\/wp-json\/wp\/v2\/posts\/4487\/revisions\/4492"}],"wp:featuredmedia":[{"embeddable":true,"href":"https:\/\/www.rengoenlanoticia.cl\/prensa\/wp-json\/wp\/v2\/media\/4488"}],"wp:attachment":[{"href":"https:\/\/www.rengoenlanoticia.cl\/prensa\/wp-json\/wp\/v2\/media?parent=4487"}],"wp:term":[{"taxonomy":"category","embeddable":true,"href":"https:\/\/www.rengoenlanoticia.cl\/prensa\/wp-json\/wp\/v2\/categories?post=4487"},{"taxonomy":"post_tag","embeddable":true,"href":"https:\/\/www.rengoenlanoticia.cl\/prensa\/wp-json\/wp\/v2\/tags?post=4487"}],"curies":[{"name":"wp","href":"https:\/\/api.w.org\/{rel}","templated":true}]}}