{"id":4482,"date":"2025-07-17T04:20:54","date_gmt":"2025-07-17T04:20:54","guid":{"rendered":"https:\/\/www.rengoenlanoticia.cl\/prensa\/?p=4482"},"modified":"2025-07-17T05:18:09","modified_gmt":"2025-07-17T05:18:09","slug":"encuentran-a-menor-que-se-encontraba-desaparecida-desde-san-fernando-hace-cuatro-dias","status":"publish","type":"post","link":"https:\/\/www.rengoenlanoticia.cl\/prensa\/2025\/07\/17\/encuentran-a-menor-que-se-encontraba-desaparecida-desde-san-fernando-hace-cuatro-dias\/","title":{"rendered":"ENCUENTRAN A MENOR QUE SE ENCONTRABA DESAPARECIDA DESDE SAN FERNANDO HACE CUATRO D\u00cdAS"},"content":{"rendered":"\n<p>Oficiales policiales de una Brigada especializada de la Polic\u00eda de Investigaciones (PDI), lograron localizar a una menor de edad que se encontraba desaparecida desde el 12 de julio y por la que exist\u00eda una denuncia de presunta desgracia.<\/p>\n\n\n\n<p>Durante las \u00faltimas horas, se confirm\u00f3 que el equipo investigativo del grupo preferente de la PDI de San Fernando, tras un proceso investigativo acucioso que incluy\u00f3 trabajo cient\u00edfico-t\u00e9cnico, inteligencia policial e intenso trabajo de campo concluy\u00f3 de manera positiva con el hallazgo de la NNA quien se encuentra en buen estado de salud.<\/p>\n\n\n\n<p>Cabe destacar que la adolescente fue reportada como extraviada el 12 de julio en Carabineros de San Fernando y el d\u00eda 14 de julio la PDI recibi\u00f3 desde la Fiscal\u00eda Local de San Fernando, la Instrucci\u00f3n para ubicarla.<\/p>\n\n\n\n<figure class=\"wp-block-video\"><video controls src=\"https:\/\/www.rengoenlanoticia.cl\/prensa\/wp-content\/uploads\/2025\/07\/WhatsApp-Video-2025-07-16-at-14.46.14.mp4\"><\/video><\/figure>\n\n\n\n<p>Al respecto, el Comisario Juan GOMEZ VERA, encargado de la Agrupaci\u00f3n de Homicidios de San Fernando, explic\u00f3 que, en base a una Instrucci\u00f3n Particular emanada desde el Ministerio P\u00fablico, se desarrollaron diversas diligencias encontrando a la menor en una ciudad del sur del pa\u00eds, siendo encontrada en buenas condiciones de salud y trasladada a San Fernando para ser entregada a un adulto responsable.<\/p>\n","protected":false},"excerpt":{"rendered":"Oficiales policiales de una Brigada especializada de la Polic\u00eda de Investigaciones (PDI), lograron localizar a una menor de&hellip;\n","protected":false},"author":2,"featured_media":4483,"comment_status":"open","ping_status":"open","sticky":false,"template":"","format":"standard","meta":{"_monsterinsights_skip_tracking":false,"_monsterinsights_sitenote_active":false,"_monsterinsights_sitenote_note":"","_monsterinsights_sitenote_category":0,"footnotes":""},"categories":[5,8],"tags":[],"class_list":{"0":"post-4482","1":"post","2":"type-post","3":"status-publish","4":"format-standard","5":"has-post-thumbnail","7":"category-policial","8":"category-portada"},"aioseo_notices":[],"_links":{"self":[{"href":"https:\/\/www.rengoenlanoticia.cl\/prensa\/wp-json\/wp\/v2\/posts\/4482","targetHints":{"allow":["GET"]}}],"collection":[{"href":"https:\/\/www.rengoenlanoticia.cl\/prensa\/wp-json\/wp\/v2\/posts"}],"about":[{"href":"https:\/\/www.rengoenlanoticia.cl\/prensa\/wp-json\/wp\/v2\/types\/post"}],"author":[{"embeddable":true,"href":"https:\/\/www.rengoenlanoticia.cl\/prensa\/wp-json\/wp\/v2\/users\/2"}],"replies":[{"embeddable":true,"href":"https:\/\/www.rengoenlanoticia.cl\/prensa\/wp-json\/wp\/v2\/comments?post=4482"}],"version-history":[{"count":3,"href":"https:\/\/www.rengoenlanoticia.cl\/prensa\/wp-json\/wp\/v2\/posts\/4482\/revisions"}],"predecessor-version":[{"id":4491,"href":"https:\/\/www.rengoenlanoticia.cl\/prensa\/wp-json\/wp\/v2\/posts\/4482\/revisions\/4491"}],"wp:featuredmedia":[{"embeddable":true,"href":"https:\/\/www.rengoenlanoticia.cl\/prensa\/wp-json\/wp\/v2\/media\/4483"}],"wp:attachment":[{"href":"https:\/\/www.rengoenlanoticia.cl\/prensa\/wp-json\/wp\/v2\/media?parent=4482"}],"wp:term":[{"taxonomy":"category","embeddable":true,"href":"https:\/\/www.rengoenlanoticia.cl\/prensa\/wp-json\/wp\/v2\/categories?post=4482"},{"taxonomy":"post_tag","embeddable":true,"href":"https:\/\/www.rengoenlanoticia.cl\/prensa\/wp-json\/wp\/v2\/tags?post=4482"}],"curies":[{"name":"wp","href":"https:\/\/api.w.org\/{rel}","templated":true}]}}