{"id":4467,"date":"2025-07-15T03:26:18","date_gmt":"2025-07-15T03:26:18","guid":{"rendered":"https:\/\/www.rengoenlanoticia.cl\/prensa\/?p=4467"},"modified":"2025-07-15T03:26:21","modified_gmt":"2025-07-15T03:26:21","slug":"delegado-presidencial-lidera-mesa-de-trabajo-intersectorial-para-abordar-situacion-de-campamentos-en-rengo","status":"publish","type":"post","link":"https:\/\/www.rengoenlanoticia.cl\/prensa\/2025\/07\/15\/delegado-presidencial-lidera-mesa-de-trabajo-intersectorial-para-abordar-situacion-de-campamentos-en-rengo\/","title":{"rendered":"Delegado Presidencial lidera mesa de trabajo intersectorial para abordar situaci\u00f3n de campamentos en Rengo"},"content":{"rendered":"\n<p>Un gran avance en la coordinaci\u00f3n para abordar de manera integral la situaci\u00f3n de los campamentos Galvarino y Tricolor se concret\u00f3 hoy en Rengo, durante una reuni\u00f3n de trabajo liderada por el Delegado Presidencial Regional de O&#8217;Higgins, Fabio L\u00f3pez Aguilera.<\/p>\n\n\n\n<p>En la instancia, diversas autoridades e instituciones clave se unieron para encontrar soluciones concretas y efectivas ante la problem\u00e1tica que enfrentan las familias que residen en estos asentamientos de la comuna.<\/p>\n\n\n\n<p>La mesa de trabajo cont\u00f3 con la activa participaci\u00f3n de representantes del Municipio de Rengo, la Seremi de Desarrollo Social y Familia, la Defensor\u00eda de la Ni\u00f1ez, el Servicio Nacional de Protecci\u00f3n Especializada a la Ni\u00f1ez y Adolescencia, el Instituto Nacional de Derechos Humanos (INDH), Carabineros de Chile, la Seremi de Seguridad P\u00fablica y el Servicio de Vivienda y Urbanizaci\u00f3n (Serviu).<\/p>\n\n\n\n<figure class=\"wp-block-image size-large\"><img loading=\"lazy\" decoding=\"async\" width=\"1024\" height=\"576\" src=\"https:\/\/www.rengoenlanoticia.cl\/prensa\/wp-content\/uploads\/2025\/07\/WhatsApp-Image-2025-07-14-at-22.52.39-1024x576.jpeg\" alt=\"\" class=\"wp-image-4470\" srcset=\"https:\/\/www.rengoenlanoticia.cl\/prensa\/wp-content\/uploads\/2025\/07\/WhatsApp-Image-2025-07-14-at-22.52.39-1024x576.jpeg 1024w, https:\/\/www.rengoenlanoticia.cl\/prensa\/wp-content\/uploads\/2025\/07\/WhatsApp-Image-2025-07-14-at-22.52.39-300x169.jpeg 300w, https:\/\/www.rengoenlanoticia.cl\/prensa\/wp-content\/uploads\/2025\/07\/WhatsApp-Image-2025-07-14-at-22.52.39-768x432.jpeg 768w, https:\/\/www.rengoenlanoticia.cl\/prensa\/wp-content\/uploads\/2025\/07\/WhatsApp-Image-2025-07-14-at-22.52.39-1536x864.jpeg 1536w, https:\/\/www.rengoenlanoticia.cl\/prensa\/wp-content\/uploads\/2025\/07\/WhatsApp-Image-2025-07-14-at-22.52.39-110x62.jpeg 110w, https:\/\/www.rengoenlanoticia.cl\/prensa\/wp-content\/uploads\/2025\/07\/WhatsApp-Image-2025-07-14-at-22.52.39-200x113.jpeg 200w, https:\/\/www.rengoenlanoticia.cl\/prensa\/wp-content\/uploads\/2025\/07\/WhatsApp-Image-2025-07-14-at-22.52.39-380x214.jpeg 380w, https:\/\/www.rengoenlanoticia.cl\/prensa\/wp-content\/uploads\/2025\/07\/WhatsApp-Image-2025-07-14-at-22.52.39-255x143.jpeg 255w, https:\/\/www.rengoenlanoticia.cl\/prensa\/wp-content\/uploads\/2025\/07\/WhatsApp-Image-2025-07-14-at-22.52.39-550x309.jpeg 550w, https:\/\/www.rengoenlanoticia.cl\/prensa\/wp-content\/uploads\/2025\/07\/WhatsApp-Image-2025-07-14-at-22.52.39-800x450.jpeg 800w, https:\/\/www.rengoenlanoticia.cl\/prensa\/wp-content\/uploads\/2025\/07\/WhatsApp-Image-2025-07-14-at-22.52.39-1160x653.jpeg 1160w, https:\/\/www.rengoenlanoticia.cl\/prensa\/wp-content\/uploads\/2025\/07\/WhatsApp-Image-2025-07-14-at-22.52.39.jpeg 1600w\" sizes=\"auto, (max-width: 1024px) 100vw, 1024px\" \/><\/figure>\n\n\n\n<p>El Delegado Presidencial Regional, Fabio L\u00f3pez Aguilera, destac\u00f3 la importancia de este esfuerzo mancomunado. <strong>\u00abEl Presidente Gabriel Boric nos ha mandatado a estar en el territorio y dar respuestas concretas a las problem\u00e1ticas m\u00e1s sentidas de la ciudadan\u00eda. La situaci\u00f3n de las familias en los campamentos Galvarino y Tricolor requiere una acci\u00f3n coordinada del Estado en su conjunto\u00bb<\/strong>, afirm\u00f3 la m\u00e1xima autoridad regional.<\/p>\n\n\n\n<p>La reuni\u00f3n se centr\u00f3 en establecer una hoja de ruta clara, distribuyendo tareas y responsabilidades para enfrentar el desaf\u00edo desde sus m\u00faltiples dimensiones: social, habitacional, de seguridad y, con especial \u00e9nfasis, en la protecci\u00f3n de los derechos de los ni\u00f1os, ni\u00f1as y adolescentes.<\/p>\n\n\n\n<p><strong>\u00abEsta mesa de trabajo no es solo una reuni\u00f3n, es la materializaci\u00f3n de un compromiso. Al sentar en la misma mesa a Vivienda, Desarrollo Social, la Defensor\u00eda de la Ni\u00f1ez, Carabineros y el municipio, estamos abordando el desaf\u00edo desde todas sus aristas\u00bb<\/strong>, agreg\u00f3 el Delegado L\u00f3pez.<\/p>\n\n\n\n<p>Este encuentro reafirma que el compromiso intersectorial es fundamental para avanzar de manera efectiva en esta materia, garantizando una respuesta articulada del Estado frente a una de las problem\u00e1ticas m\u00e1s complejas de la regi\u00f3n.<\/p>\n","protected":false},"excerpt":{"rendered":"Un gran avance en la coordinaci\u00f3n para abordar de manera integral la situaci\u00f3n de los campamentos Galvarino y&hellip;\n","protected":false},"author":2,"featured_media":4469,"comment_status":"open","ping_status":"open","sticky":false,"template":"","format":"standard","meta":{"_monsterinsights_skip_tracking":false,"_monsterinsights_sitenote_active":false,"_monsterinsights_sitenote_note":"","_monsterinsights_sitenote_category":0,"footnotes":""},"categories":[5,11,8],"tags":[],"class_list":{"0":"post-4467","1":"post","2":"type-post","3":"status-publish","4":"format-standard","5":"has-post-thumbnail","7":"category-policial","8":"category-politica","9":"category-portada"},"aioseo_notices":[],"_links":{"self":[{"href":"https:\/\/www.rengoenlanoticia.cl\/prensa\/wp-json\/wp\/v2\/posts\/4467","targetHints":{"allow":["GET"]}}],"collection":[{"href":"https:\/\/www.rengoenlanoticia.cl\/prensa\/wp-json\/wp\/v2\/posts"}],"about":[{"href":"https:\/\/www.rengoenlanoticia.cl\/prensa\/wp-json\/wp\/v2\/types\/post"}],"author":[{"embeddable":true,"href":"https:\/\/www.rengoenlanoticia.cl\/prensa\/wp-json\/wp\/v2\/users\/2"}],"replies":[{"embeddable":true,"href":"https:\/\/www.rengoenlanoticia.cl\/prensa\/wp-json\/wp\/v2\/comments?post=4467"}],"version-history":[{"count":2,"href":"https:\/\/www.rengoenlanoticia.cl\/prensa\/wp-json\/wp\/v2\/posts\/4467\/revisions"}],"predecessor-version":[{"id":4472,"href":"https:\/\/www.rengoenlanoticia.cl\/prensa\/wp-json\/wp\/v2\/posts\/4467\/revisions\/4472"}],"wp:featuredmedia":[{"embeddable":true,"href":"https:\/\/www.rengoenlanoticia.cl\/prensa\/wp-json\/wp\/v2\/media\/4469"}],"wp:attachment":[{"href":"https:\/\/www.rengoenlanoticia.cl\/prensa\/wp-json\/wp\/v2\/media?parent=4467"}],"wp:term":[{"taxonomy":"category","embeddable":true,"href":"https:\/\/www.rengoenlanoticia.cl\/prensa\/wp-json\/wp\/v2\/categories?post=4467"},{"taxonomy":"post_tag","embeddable":true,"href":"https:\/\/www.rengoenlanoticia.cl\/prensa\/wp-json\/wp\/v2\/tags?post=4467"}],"curies":[{"name":"wp","href":"https:\/\/api.w.org\/{rel}","templated":true}]}}