{"id":4462,"date":"2025-07-15T03:18:16","date_gmt":"2025-07-15T03:18:16","guid":{"rendered":"https:\/\/www.rengoenlanoticia.cl\/prensa\/?p=4462"},"modified":"2025-07-15T03:18:18","modified_gmt":"2025-07-15T03:18:18","slug":"diputada-marta-gonzalez-hace-un-llamado-a-postular-al-subsidio-electrico-plazo-cierra-este-martes-15-de-julio","status":"publish","type":"post","link":"https:\/\/www.rengoenlanoticia.cl\/prensa\/2025\/07\/15\/diputada-marta-gonzalez-hace-un-llamado-a-postular-al-subsidio-electrico-plazo-cierra-este-martes-15-de-julio\/","title":{"rendered":"Diputada Marta Gonz\u00e1lez hace un llamado a postular al Subsidio El\u00e9ctrico: Plazo cierra este martes 15 de julio"},"content":{"rendered":"\n<p>La Diputada por la Regi\u00f3n de O\u2019Higgins, <strong>Marta Gonz\u00e1lez<\/strong>, reiter\u00f3 el llamado a <strong>postular al Subsidio El\u00e9ctrico<\/strong>, cuyo plazo vence este <strong>martes 15 de julio a las 18:00 horas<\/strong>.<\/p>\n\n\n\n<p>Este beneficio estatal busca aliviar el impacto de las <strong>alzas en las cuentas de la luz<\/strong>, especialmente durante los meses de invierno, cuando el consumo aumenta considerablemente.<\/p>\n\n\n\n<p>\u201cSabemos que en invierno el gasto en electricidad se dispara. Muchas familias usan estufas el\u00e9ctricas para calefaccionarse, y eso termina afectando su bolsillo. Por eso es clave que postulen a este subsidio, que puede marcar una diferencia en sus finanzas\u201d, expres\u00f3 la Diputada Marta Gonz\u00e1lez.<\/p>\n\n\n\n<p>El subsidio est\u00e1 dirigido a los hogares que pertenecen al <strong>40% m\u00e1s vulnerable seg\u00fan el Registro Social de Hogares<\/strong>, o que cuenten con <strong>personas electrodependientes<\/strong> registradas. Adem\u00e1s, deben tener su cuenta de luz al d\u00eda hasta el 30 de julio de 2025 y estar asociados a una tarifa residencial.<\/p>\n\n\n\n<h3 id=\"cuanto-es-el-beneficio\" class=\"wp-block-heading\"><a><\/a><strong>\u00bfCu\u00e1nto es el beneficio?<\/strong><\/h3>\n\n\n\n<p>El monto se entrega por semestre y var\u00eda seg\u00fan el n\u00famero de integrantes del hogar: $37.838 para hogares con un integrante;&nbsp; $49.190 para hogares con 2 a 3 integrantes y $68.109 para hogares con 4 o m\u00e1s integrantes<br><br>Adem\u00e1s, los hogares con personas electrodependientes acceder\u00e1n autom\u00e1ticamente al subsidio, sin necesidad de postulaci\u00f3n.<\/p>\n\n\n\n<p>\u201cHacemos un llamado especial a las juntas de vecinos, organizaciones sociales y municipios a difundir esta informaci\u00f3n. No queremos que ninguna familia que califique se quede fuera por falta de informaci\u00f3n\u201d, agreg\u00f3 la parlamentaria.<\/p>\n\n\n\n<p>Para postular, hay diversas v\u00edas habilitadas. Se puede ingresar al sitio web de la <strong>Ventanilla \u00danica Social<\/strong> (<a href=\"http:\/\/www.subsidioelectrico.cl\">www.subsidioelectrico.cl<\/a>) utilizando la <strong>Clave\u00danica<\/strong>. Si no se cuenta con ella, es posible solicitarla en las oficinas del Registro Civil o ChileAtiende. Tambi\u00e9n se puede postular llamando al <strong>Call Center 101 de ChileAtiende<\/strong>, donde, indicando el <strong>RUT y n\u00famero de cliente<\/strong>, un ejecutivo verificar\u00e1 si se cumplen los requisitos. Finalmente, tambi\u00e9n es posible realizar el tr\u00e1mite de forma presencial en una <strong>sucursal de ChileAtiende<\/strong>.<\/p>\n","protected":false},"excerpt":{"rendered":"La Diputada por la Regi\u00f3n de O\u2019Higgins, Marta Gonz\u00e1lez, reiter\u00f3 el llamado a postular al Subsidio El\u00e9ctrico, cuyo&hellip;\n","protected":false},"author":2,"featured_media":4463,"comment_status":"open","ping_status":"open","sticky":false,"template":"","format":"standard","meta":{"_monsterinsights_skip_tracking":false,"_monsterinsights_sitenote_active":false,"_monsterinsights_sitenote_note":"","_monsterinsights_sitenote_category":0,"footnotes":""},"categories":[1],"tags":[],"class_list":{"0":"post-4462","1":"post","2":"type-post","3":"status-publish","4":"format-standard","5":"has-post-thumbnail","7":"category-uncategorized"},"aioseo_notices":[],"_links":{"self":[{"href":"https:\/\/www.rengoenlanoticia.cl\/prensa\/wp-json\/wp\/v2\/posts\/4462","targetHints":{"allow":["GET"]}}],"collection":[{"href":"https:\/\/www.rengoenlanoticia.cl\/prensa\/wp-json\/wp\/v2\/posts"}],"about":[{"href":"https:\/\/www.rengoenlanoticia.cl\/prensa\/wp-json\/wp\/v2\/types\/post"}],"author":[{"embeddable":true,"href":"https:\/\/www.rengoenlanoticia.cl\/prensa\/wp-json\/wp\/v2\/users\/2"}],"replies":[{"embeddable":true,"href":"https:\/\/www.rengoenlanoticia.cl\/prensa\/wp-json\/wp\/v2\/comments?post=4462"}],"version-history":[{"count":2,"href":"https:\/\/www.rengoenlanoticia.cl\/prensa\/wp-json\/wp\/v2\/posts\/4462\/revisions"}],"predecessor-version":[{"id":4465,"href":"https:\/\/www.rengoenlanoticia.cl\/prensa\/wp-json\/wp\/v2\/posts\/4462\/revisions\/4465"}],"wp:featuredmedia":[{"embeddable":true,"href":"https:\/\/www.rengoenlanoticia.cl\/prensa\/wp-json\/wp\/v2\/media\/4463"}],"wp:attachment":[{"href":"https:\/\/www.rengoenlanoticia.cl\/prensa\/wp-json\/wp\/v2\/media?parent=4462"}],"wp:term":[{"taxonomy":"category","embeddable":true,"href":"https:\/\/www.rengoenlanoticia.cl\/prensa\/wp-json\/wp\/v2\/categories?post=4462"},{"taxonomy":"post_tag","embeddable":true,"href":"https:\/\/www.rengoenlanoticia.cl\/prensa\/wp-json\/wp\/v2\/tags?post=4462"}],"curies":[{"name":"wp","href":"https:\/\/api.w.org\/{rel}","templated":true}]}}