{"id":4453,"date":"2025-07-15T03:11:05","date_gmt":"2025-07-15T03:11:05","guid":{"rendered":"https:\/\/www.rengoenlanoticia.cl\/prensa\/?p=4453"},"modified":"2025-07-15T03:25:27","modified_gmt":"2025-07-15T03:25:27","slug":"diputada-natalia-romero-cita-a-ministros-de-trabajo-y-de-la-mujer-al-congreso-para-abordar-la-alza-del-desempleo-femenino-en-ohiggins","status":"publish","type":"post","link":"https:\/\/www.rengoenlanoticia.cl\/prensa\/2025\/07\/15\/diputada-natalia-romero-cita-a-ministros-de-trabajo-y-de-la-mujer-al-congreso-para-abordar-la-alza-del-desempleo-femenino-en-ohiggins\/","title":{"rendered":"Diputada Natalia Romero cita a ministros de Trabajo y de la Mujer al Congreso para abordar la alza del desempleo femenino en O&#8217;Higgins"},"content":{"rendered":"\n<p><em>La parlamentaria solicit\u00f3 que los titulares de ambas carteras concurrieran a la comisi\u00f3n de Mujeres de la C\u00e1mara Baja luego que la regi\u00f3n se ubicara como la sexta con mayor cesant\u00eda.<\/em><\/p>\n\n\n\n<p>La diputada por la Regi\u00f3n de O&#8217;Higgins e integrante de la comisi\u00f3n de Mujeres y Equidad de G\u00e9nero de la C\u00e1mara Baja, Natalia Romero (Ind. UDI), cit\u00f3 a dicha instancia a la ministra del ramo, Antonia Orellana, como tambi\u00e9n al titular de Trabajo, Giorgio Boccardo, para que se refieran a las cifras de desempleo en la zona, en especial de las mujeres, luego que despu\u00e9s de meses llegaran a dos d\u00edgitos.<\/p>\n\n\n\n<p>Al respecto, la parlamentaria independiente hizo menci\u00f3n al \u00faltimo estudio que dio a conocer el Instituto Nacional de Estad\u00edsticas (INE), en el cual inform\u00f3 que mientras los niveles de cesant\u00eda a nivel&nbsp;nacional fueron de un 8,9% durante el trimestre&nbsp;m\u00f3vil marzo-mayo 2025, en O&#8217;Higgins subieron a un 9% a nivel general, llegando a 10% en el caso de las mujeres, es decir, 1,7% m\u00e1s que los hombres.<\/p>\n\n\n\n<p>En ese sentido, la representante del Distrito 15 record\u00f3 que hace dos semanas ya hab\u00eda citado a los ministros Boccardo y Orellana a la comisi\u00f3n de Mujeres y Equidad de G\u00e9nero para que pudieran abordar en conjunto la informalidad laboral que hoy afectaba a las trabajadoras. Sin embargo, tras conocer las \u00faltimas cifras de desempleo, la parlamentaria reiter\u00f3 su solicitud esta semana, de tal manera que ambas autoridades concurrieron a dicha instancia para referirse a la compleja situaci\u00f3n.<\/p>\n\n\n\n<p>\u00abNo hay ninguna duda de que estamos viviendo una verdadera emergencia laboral en nuestro pa\u00eds, porque la mayor\u00eda de las cifras actuales no las ve\u00edamos desde la \u00e9poca de la pandemia, donde la situaci\u00f3n era mucho m\u00e1s compleja. Y si sacamos la emergencia sanitaria de la balanza, son n\u00fameros que no ten\u00edamos desde hace una d\u00e9cada en nuestro pa\u00eds, lo que refleja la gravedad del asunto. Y como suele ocurrir en la mayor\u00eda de los \u00e1mbitos, son las mujeres las m\u00e1s perjudicadas, con una tasa de cesant\u00eda de casi dos puntos m\u00e1s que los hombres en nuestra regi\u00f3n, lo que \u201cReafirma la necesidad de abordar este asunto de manera prioritaria y urgente\u201d, manifest\u00f3 la parlamentaria por O&#8217;Higgins.<\/p>\n\n\n\n<p>Para ello, Romero decidi\u00f3 citar a la comisi\u00f3n a los ministros del Trabajo y de la Mujer, para conocer de ambas las pol\u00edticas p\u00fablicas y programas que el Gobierno tiene en carpeta para enfrentar la situaci\u00f3n actual, considerando el escaso n\u00famero de empleos que se han creado durante el \u00faltimo tiempo.<\/p>\n\n\n\n<p>En esa l\u00ednea, el integrante de la Bancada UDI manifest\u00f3 su preocupaci\u00f3n puesto que O&#8217;Higgins se ubic\u00f3,&nbsp;esta&nbsp;una vez,&nbsp;como&nbsp;la&nbsp;sexta regi\u00f3n -de un total de 16-&nbsp;con el \u00edndice de&nbsp;desempleo&nbsp;m\u00e1s&nbsp;alto&nbsp;del&nbsp;pa\u00eds.<\/p>\n\n\n\n<p>Por lo mismo, adem\u00e1s de solicitar al Ejecutivo un plan de acci\u00f3n enfocado especialmente en las regiones, la diputada Romero tambi\u00e9n instalar\u00e1 a las actuales autoridades a sacar adelante el proyecto de Sala Cuna Universal, que permitir\u00eda mejorar el acceso de las madres al mundo laboral. Asimismo, solicitar\u00e1 que puedan evaluar un nuevo IFE Laboral para fomentar la contrataci\u00f3n de las mujeres.<\/p>\n\n\n\n<p>\u00abSi no adoptamos ninguna acci\u00f3n concreta, el desempleo seguir\u00e1 aumentando y podr\u00edamos llegar a un punto de no retorno. Por eso queremos conocer las propuestas del Gobierno y su disponibilidad para apoyar las distintas iniciativas que tenemos para abordar esta grave crisis\u00bb, reiter\u00f3 la legisladora.<\/p>\n","protected":false},"excerpt":{"rendered":"La parlamentaria solicit\u00f3 que los titulares de ambas carteras concurrieran a la comisi\u00f3n de Mujeres de la C\u00e1mara&hellip;\n","protected":false},"author":1,"featured_media":4458,"comment_status":"open","ping_status":"open","sticky":false,"template":"","format":"standard","meta":{"_monsterinsights_skip_tracking":false,"_monsterinsights_sitenote_active":false,"_monsterinsights_sitenote_note":"","_monsterinsights_sitenote_category":0,"footnotes":""},"categories":[11,8],"tags":[],"class_list":{"0":"post-4453","1":"post","2":"type-post","3":"status-publish","4":"format-standard","5":"has-post-thumbnail","7":"category-politica","8":"category-portada"},"aioseo_notices":[],"_links":{"self":[{"href":"https:\/\/www.rengoenlanoticia.cl\/prensa\/wp-json\/wp\/v2\/posts\/4453","targetHints":{"allow":["GET"]}}],"collection":[{"href":"https:\/\/www.rengoenlanoticia.cl\/prensa\/wp-json\/wp\/v2\/posts"}],"about":[{"href":"https:\/\/www.rengoenlanoticia.cl\/prensa\/wp-json\/wp\/v2\/types\/post"}],"author":[{"embeddable":true,"href":"https:\/\/www.rengoenlanoticia.cl\/prensa\/wp-json\/wp\/v2\/users\/1"}],"replies":[{"embeddable":true,"href":"https:\/\/www.rengoenlanoticia.cl\/prensa\/wp-json\/wp\/v2\/comments?post=4453"}],"version-history":[{"count":3,"href":"https:\/\/www.rengoenlanoticia.cl\/prensa\/wp-json\/wp\/v2\/posts\/4453\/revisions"}],"predecessor-version":[{"id":4466,"href":"https:\/\/www.rengoenlanoticia.cl\/prensa\/wp-json\/wp\/v2\/posts\/4453\/revisions\/4466"}],"wp:featuredmedia":[{"embeddable":true,"href":"https:\/\/www.rengoenlanoticia.cl\/prensa\/wp-json\/wp\/v2\/media\/4458"}],"wp:attachment":[{"href":"https:\/\/www.rengoenlanoticia.cl\/prensa\/wp-json\/wp\/v2\/media?parent=4453"}],"wp:term":[{"taxonomy":"category","embeddable":true,"href":"https:\/\/www.rengoenlanoticia.cl\/prensa\/wp-json\/wp\/v2\/categories?post=4453"},{"taxonomy":"post_tag","embeddable":true,"href":"https:\/\/www.rengoenlanoticia.cl\/prensa\/wp-json\/wp\/v2\/tags?post=4453"}],"curies":[{"name":"wp","href":"https:\/\/api.w.org\/{rel}","templated":true}]}}