{"id":4452,"date":"2025-07-15T03:04:22","date_gmt":"2025-07-15T03:04:22","guid":{"rendered":"https:\/\/www.rengoenlanoticia.cl\/prensa\/?p=4452"},"modified":"2025-07-15T03:04:25","modified_gmt":"2025-07-15T03:04:25","slug":"top-de-rancagua-condena-a-13-anos-de-presidio-a-autor-de-robos-con-intimidacion-en-machali","status":"publish","type":"post","link":"https:\/\/www.rengoenlanoticia.cl\/prensa\/2025\/07\/15\/top-de-rancagua-condena-a-13-anos-de-presidio-a-autor-de-robos-con-intimidacion-en-machali\/","title":{"rendered":"TOP de Rancagua condena a 13 a\u00f1os de presidio a autor de robos con intimidaci\u00f3n en Machal\u00ed"},"content":{"rendered":"\n<p>TOP de Rancagua condena a 13 a\u00f1os de presidio a autor de robos con intimidaci\u00f3n en Machal\u00edEl Tribunal de Juicio Oral en lo Penal de Rancagua conden\u00f3, con costas, a Alberto Alejandro Bustos Lizama a la pena \u00fanica de cumplimiento efectivo de 13 a\u00f1os de presidio, m\u00e1s las accesorias legales de inhabilitaci\u00f3n absoluta perpetua para cargos y oficios p\u00fablicos y derechos pol\u00edticos y la inhabilitaci\u00f3n absoluta para profesiones titulares mientras dure la condena, en calidad de autor de cuatro delitos de robo con intimidaci\u00f3n (dos consumados y dos tentados). Il\u00edcitos perpetrados en la comuna de Machal\u00ed, en junio de 2022.<\/p>\n\n\n\n<p>En fallo un\u00e1nime (causa rol 239-2025), el tribunal decret\u00f3 la absoluci\u00f3n de Bustos Lizama de la acusaci\u00f3n fiscal por falta de pruebas, de la acusaci\u00f3n que le atribu\u00eda autor\u00eda en un delito de hurto simple.<\/p>\n\n\n\n<p>El tribunal dio por acreditado, m\u00e1s all\u00e1 de toda duda razonable, que alrededor de las 23:50 horas del 7 de junio de 2022, Bustos Lizama con un \u201c(\u2026) elemento corto punzante (cuchillo) que posicion\u00f3 a la altura del pecho del afectado P.A.G.V., le exigi\u00f3 dirigirse hasta las cercan\u00edas del Supermercado Ram\u00edrez de la comuna de Machal\u00ed, lugar donde logr\u00f3 que la v\u00edctima le entregara su billetera y su tel\u00e9fono celular, tras lo cual huy\u00f3 con tales especies en su poder\u201d, pero fue retenido por civiles \u201c(\u2026) momentos despu\u00e9s en las cercan\u00edas del sitio del suceso, individuo que se hab\u00eda deshecho de los objetos robados (los que fueron hallados y devueltos a su propietario en ese instante), siendo entregado a carabineros que se apersonaron en el lugar y que encontraron una mochila del sujeto con dos cuchillos en su interior\u201d.<\/p>\n\n\n\n<p>El segundo hecho acreditado, signado con el n\u00famero 2, el condenado \u201c(\u2026) intimid\u00f3 con un arma al parecer de fuego a la v\u00edctima, exigi\u00e9ndole la entrega de su bicicleta cuando esta hacia su ruta en el cerro San Juan de Machal\u00ed, el d\u00eda 25 de junio de 2022 a eso de las 11:30 horas, no logrando su objetivo criminal, por cuanto el afectado logr\u00f3 huir en su m\u00f3vil y pedir ayuda a unos compa\u00f1eros que se encontraban en la cima del cerro\u201d.<\/p>\n\n\n\n<p>En tanto, del hecho n\u00famero 5 se registr\u00f3 poco despu\u00e9s, ocasi\u00f3n en la cual Bustos Lizama, a las 12:40 horas el 25 de junio de 2022, \u201c(\u2026) portando un arma similar a una de fuego, exigi\u00f3 a la v\u00edctima la entrega de su bicicleta y su tel\u00e9fono m\u00f3vil, quien los facilit\u00f3, tras lo cual, el malhechor oblig\u00f3 al afectado a retirarse del lugar, apropi\u00e1ndose en consecuencia de tales especies corporales muebles ajenas, con \u00e1nimo de lucro y sin la voluntad de su due\u00f1o, todo lo que, se desprende por la forma del acometimiento, pues hubo intimidaci\u00f3n para la manifestaci\u00f3n o entrega de los objetos\u201d.<\/p>\n\n\n\n<p>Finalmente, el tribunal estableci\u00f3, m\u00e1s all\u00e1 de toda duda razonable, que el condenado el 25 de junio de 2022 a las 17:30 horas, intimid\u00f3 con un arma al parecer de fuego \u201c(\u2026) a M.M.M. mientras circulaba a bordo de su bicicleta por el cerro San Juan (Machal\u00ed), exigi\u00e9ndole la entrega de su m\u00f3vil bajo la amenaza de dispararle, lo que ocasion\u00f3 que la denunciante huyera del lugar r\u00e1pidamente, lo que impidi\u00f3 que el agente se apropiara de la especie corporal mueble ajena\u201d.<\/p>\n\n\n\n<p>Una vez que el fallo quede ejecutoriado, el tribunal dispuso que se proceda a la toma de muestras biol\u00f3gicas del sentenciado para determinar su huella gen\u00e9tica e inclusi\u00f3n en el registro nacional de ADN de condenados.<\/p>\n\n\n\n<p>Adem\u00e1s, se decret\u00f3 el comiso y destrucci\u00f3n de dos cuchillos cocineros incautados en el procedimiento policial.<\/p>\n","protected":false},"excerpt":{"rendered":"TOP de Rancagua condena a 13 a\u00f1os de presidio a autor de robos con intimidaci\u00f3n en Machal\u00edEl Tribunal&hellip;\n","protected":false},"author":1,"featured_media":4454,"comment_status":"open","ping_status":"open","sticky":false,"template":"","format":"standard","meta":{"_monsterinsights_skip_tracking":false,"_monsterinsights_sitenote_active":false,"_monsterinsights_sitenote_note":"","_monsterinsights_sitenote_category":0,"footnotes":""},"categories":[5,8],"tags":[],"class_list":{"0":"post-4452","1":"post","2":"type-post","3":"status-publish","4":"format-standard","5":"has-post-thumbnail","7":"category-policial","8":"category-portada"},"aioseo_notices":[],"_links":{"self":[{"href":"https:\/\/www.rengoenlanoticia.cl\/prensa\/wp-json\/wp\/v2\/posts\/4452","targetHints":{"allow":["GET"]}}],"collection":[{"href":"https:\/\/www.rengoenlanoticia.cl\/prensa\/wp-json\/wp\/v2\/posts"}],"about":[{"href":"https:\/\/www.rengoenlanoticia.cl\/prensa\/wp-json\/wp\/v2\/types\/post"}],"author":[{"embeddable":true,"href":"https:\/\/www.rengoenlanoticia.cl\/prensa\/wp-json\/wp\/v2\/users\/1"}],"replies":[{"embeddable":true,"href":"https:\/\/www.rengoenlanoticia.cl\/prensa\/wp-json\/wp\/v2\/comments?post=4452"}],"version-history":[{"count":3,"href":"https:\/\/www.rengoenlanoticia.cl\/prensa\/wp-json\/wp\/v2\/posts\/4452\/revisions"}],"predecessor-version":[{"id":4457,"href":"https:\/\/www.rengoenlanoticia.cl\/prensa\/wp-json\/wp\/v2\/posts\/4452\/revisions\/4457"}],"wp:featuredmedia":[{"embeddable":true,"href":"https:\/\/www.rengoenlanoticia.cl\/prensa\/wp-json\/wp\/v2\/media\/4454"}],"wp:attachment":[{"href":"https:\/\/www.rengoenlanoticia.cl\/prensa\/wp-json\/wp\/v2\/media?parent=4452"}],"wp:term":[{"taxonomy":"category","embeddable":true,"href":"https:\/\/www.rengoenlanoticia.cl\/prensa\/wp-json\/wp\/v2\/categories?post=4452"},{"taxonomy":"post_tag","embeddable":true,"href":"https:\/\/www.rengoenlanoticia.cl\/prensa\/wp-json\/wp\/v2\/tags?post=4452"}],"curies":[{"name":"wp","href":"https:\/\/api.w.org\/{rel}","templated":true}]}}