{"id":4443,"date":"2025-07-15T02:53:55","date_gmt":"2025-07-15T02:53:55","guid":{"rendered":"https:\/\/www.rengoenlanoticia.cl\/prensa\/?p=4443"},"modified":"2025-07-15T02:54:04","modified_gmt":"2025-07-15T02:54:04","slug":"carabineros-detiene-a-extranjero-irregular-y-con-orden-expulsion-del-pais-que-vendia-cigarrillos-de-contrabando-en-feria-libre","status":"publish","type":"post","link":"https:\/\/www.rengoenlanoticia.cl\/prensa\/2025\/07\/15\/carabineros-detiene-a-extranjero-irregular-y-con-orden-expulsion-del-pais-que-vendia-cigarrillos-de-contrabando-en-feria-libre\/","title":{"rendered":"Carabineros detiene a extranjero irregular y con orden expulsi\u00f3n del pa\u00eds que vend\u00eda cigarrillos de contrabando en feria libre"},"content":{"rendered":"\n<p>Durante el servicio de control y fiscalizaci\u00f3n en la Feria libre en Graneros, Carabineros detect\u00f3 la venta ilegal de cigarrillos.<br>En esa din\u00e1mica, al controlar al individuo, extranjero de nacionalidad ecuatoriana, se incautaron m\u00e1s de 250 cajetillas de cigarros de contrabando, marihuana y coca\u00edna.<br>El sujeto detenido mantiene situaci\u00f3n irregular y orden de expulsi\u00f3n del pa\u00eds.<br>Pasa hoy a control de detenci\u00f3n.<\/p>\n","protected":false},"excerpt":{"rendered":"Durante el servicio de control y fiscalizaci\u00f3n en la Feria libre en Graneros, Carabineros detect\u00f3 la venta ilegal&hellip;\n","protected":false},"author":2,"featured_media":4446,"comment_status":"open","ping_status":"open","sticky":false,"template":"","format":"standard","meta":{"_monsterinsights_skip_tracking":false,"_monsterinsights_sitenote_active":false,"_monsterinsights_sitenote_note":"","_monsterinsights_sitenote_category":0,"footnotes":""},"categories":[5,8],"tags":[],"class_list":{"0":"post-4443","1":"post","2":"type-post","3":"status-publish","4":"format-standard","5":"has-post-thumbnail","7":"category-policial","8":"category-portada"},"aioseo_notices":[],"_links":{"self":[{"href":"https:\/\/www.rengoenlanoticia.cl\/prensa\/wp-json\/wp\/v2\/posts\/4443","targetHints":{"allow":["GET"]}}],"collection":[{"href":"https:\/\/www.rengoenlanoticia.cl\/prensa\/wp-json\/wp\/v2\/posts"}],"about":[{"href":"https:\/\/www.rengoenlanoticia.cl\/prensa\/wp-json\/wp\/v2\/types\/post"}],"author":[{"embeddable":true,"href":"https:\/\/www.rengoenlanoticia.cl\/prensa\/wp-json\/wp\/v2\/users\/2"}],"replies":[{"embeddable":true,"href":"https:\/\/www.rengoenlanoticia.cl\/prensa\/wp-json\/wp\/v2\/comments?post=4443"}],"version-history":[{"count":3,"href":"https:\/\/www.rengoenlanoticia.cl\/prensa\/wp-json\/wp\/v2\/posts\/4443\/revisions"}],"predecessor-version":[{"id":4451,"href":"https:\/\/www.rengoenlanoticia.cl\/prensa\/wp-json\/wp\/v2\/posts\/4443\/revisions\/4451"}],"wp:featuredmedia":[{"embeddable":true,"href":"https:\/\/www.rengoenlanoticia.cl\/prensa\/wp-json\/wp\/v2\/media\/4446"}],"wp:attachment":[{"href":"https:\/\/www.rengoenlanoticia.cl\/prensa\/wp-json\/wp\/v2\/media?parent=4443"}],"wp:term":[{"taxonomy":"category","embeddable":true,"href":"https:\/\/www.rengoenlanoticia.cl\/prensa\/wp-json\/wp\/v2\/categories?post=4443"},{"taxonomy":"post_tag","embeddable":true,"href":"https:\/\/www.rengoenlanoticia.cl\/prensa\/wp-json\/wp\/v2\/tags?post=4443"}],"curies":[{"name":"wp","href":"https:\/\/api.w.org\/{rel}","templated":true}]}}