{"id":4432,"date":"2025-07-15T02:39:15","date_gmt":"2025-07-15T02:39:15","guid":{"rendered":"https:\/\/www.rengoenlanoticia.cl\/prensa\/?p=4432"},"modified":"2025-07-15T02:39:20","modified_gmt":"2025-07-15T02:39:20","slug":"virus-sincicial-hfrz-reitera-importancia-de-vacunacion-para-enfrentar-alza-de-casos-en-menores-de-dos-anos","status":"publish","type":"post","link":"https:\/\/www.rengoenlanoticia.cl\/prensa\/2025\/07\/15\/virus-sincicial-hfrz-reitera-importancia-de-vacunacion-para-enfrentar-alza-de-casos-en-menores-de-dos-anos\/","title":{"rendered":"Virus sincicial: HFRZ reitera importancia de vacunaci\u00f3n para enfrentar alza de casos en menores de dos a\u00f1os"},"content":{"rendered":"\n<p>La pediatra infect\u00f3loga del Hospital Franco Ravera Zunino, Mar\u00eda Jos\u00e9 Caut\u00edn, hizo un llamado a los padres de los nacidos entre octubre del 2024 y marzo del 2025 a vacunar a sus hijos con Nirsevimab.<\/p>\n\n\n\n<p>Hay que recordar que, la vacunaci\u00f3n con Nirsevimab es usada en Chile desde el a\u00f1o pasado, pero solo desde el per\u00edodo invernal 2025 es colocada a todos los reci\u00e9n nacidos.<\/p>\n\n\n\n<p>Las infecciones por virus sincicial en menores de dos a\u00f1os van en alza. Reportes de las \u00faltimas tres semanas, dan muestra de este incremento en Chile. As\u00ed lo recalc\u00f3 la pediatra infect\u00f3loga del Hospital Franco Ravera Zunino, Mar\u00eda Jos\u00e9 Caut\u00edn, quien adem\u00e1s entreg\u00f3 recomendaciones para reducir los contagios en temporada invernal.<\/p>\n\n\n\n<p>\u201cLas medidas preventivas siempre van a ser, ventilar bien los espacios, por sobre todo la higiene de manos, tanto para ni\u00f1os y adultos, y evitar exponer a los ni\u00f1os que est\u00e1n enfermitos\u201d, precis\u00f3 la doctora Caut\u00edn.<\/p>\n\n\n\n<p>Asimismo, la especialista record\u00f3 que desde el a\u00f1o pasado es usado en el pa\u00eds la vacunaci\u00f3n con Nirsevimab. Se trata de un anticuerpo monoclonal que durante este 2025 se viene administrando a todos los reci\u00e9n nacidos en el per\u00edodo estacional de invierno (marzo 2025 \u2013 octubre 2025).<\/p>\n\n\n\n<p>No obstante, recalc\u00f3 la doctora, \u201cel llamado es a los padres de los ni\u00f1os nacidos entre octubre del 2024 y marzo del 2025, a vacunar a sus hijos con Nirsevimab y as\u00ed protegerlos adecuadamente. Hoy a cobertura deber\u00eda ser por sobre el 90% y no superamos el 82%\u201d .<\/p>\n\n\n\n<p>Para vacunarse, solamente es necesario a los vacunatorios del Cesfam m\u00e1s cercano. Las consecuencias por contagio de virus sincicial van desde los resfr\u00edos hasta cuadros m\u00e1s complejos como bronquitis o neumon\u00edas que pueden requerir hospitalizaci\u00f3n de acuerdo a la gravedad del caso.<\/p>\n","protected":false},"excerpt":{"rendered":"La pediatra infect\u00f3loga del Hospital Franco Ravera Zunino, Mar\u00eda Jos\u00e9 Caut\u00edn, hizo un llamado a los padres de&hellip;\n","protected":false},"author":2,"featured_media":4436,"comment_status":"open","ping_status":"open","sticky":false,"template":"","format":"standard","meta":{"_monsterinsights_skip_tracking":false,"_monsterinsights_sitenote_active":false,"_monsterinsights_sitenote_note":"","_monsterinsights_sitenote_category":0,"footnotes":""},"categories":[8],"tags":[],"class_list":{"0":"post-4432","1":"post","2":"type-post","3":"status-publish","4":"format-standard","5":"has-post-thumbnail","7":"category-portada"},"aioseo_notices":[],"_links":{"self":[{"href":"https:\/\/www.rengoenlanoticia.cl\/prensa\/wp-json\/wp\/v2\/posts\/4432","targetHints":{"allow":["GET"]}}],"collection":[{"href":"https:\/\/www.rengoenlanoticia.cl\/prensa\/wp-json\/wp\/v2\/posts"}],"about":[{"href":"https:\/\/www.rengoenlanoticia.cl\/prensa\/wp-json\/wp\/v2\/types\/post"}],"author":[{"embeddable":true,"href":"https:\/\/www.rengoenlanoticia.cl\/prensa\/wp-json\/wp\/v2\/users\/2"}],"replies":[{"embeddable":true,"href":"https:\/\/www.rengoenlanoticia.cl\/prensa\/wp-json\/wp\/v2\/comments?post=4432"}],"version-history":[{"count":3,"href":"https:\/\/www.rengoenlanoticia.cl\/prensa\/wp-json\/wp\/v2\/posts\/4432\/revisions"}],"predecessor-version":[{"id":4442,"href":"https:\/\/www.rengoenlanoticia.cl\/prensa\/wp-json\/wp\/v2\/posts\/4432\/revisions\/4442"}],"wp:featuredmedia":[{"embeddable":true,"href":"https:\/\/www.rengoenlanoticia.cl\/prensa\/wp-json\/wp\/v2\/media\/4436"}],"wp:attachment":[{"href":"https:\/\/www.rengoenlanoticia.cl\/prensa\/wp-json\/wp\/v2\/media?parent=4432"}],"wp:term":[{"taxonomy":"category","embeddable":true,"href":"https:\/\/www.rengoenlanoticia.cl\/prensa\/wp-json\/wp\/v2\/categories?post=4432"},{"taxonomy":"post_tag","embeddable":true,"href":"https:\/\/www.rengoenlanoticia.cl\/prensa\/wp-json\/wp\/v2\/tags?post=4432"}],"curies":[{"name":"wp","href":"https:\/\/api.w.org\/{rel}","templated":true}]}}