{"id":4424,"date":"2025-07-14T00:36:57","date_gmt":"2025-07-14T00:36:57","guid":{"rendered":"https:\/\/www.rengoenlanoticia.cl\/prensa\/?p=4424"},"modified":"2025-07-14T00:37:08","modified_gmt":"2025-07-14T00:37:08","slug":"diputado-raul-soto-gestiona-apoyo-del-ministerio-de-cultura-para-la-fiesta-de-la-fruta-sus-frutos-y-su-gente-de-rosario","status":"publish","type":"post","link":"https:\/\/www.rengoenlanoticia.cl\/prensa\/2025\/07\/14\/diputado-raul-soto-gestiona-apoyo-del-ministerio-de-cultura-para-la-fiesta-de-la-fruta-sus-frutos-y-su-gente-de-rosario\/","title":{"rendered":"Diputado Ra\u00fal Soto gestiona apoyo del Ministerio de Cultura para la Fiesta de la Fruta, sus Frutos y su Gente de Rosario."},"content":{"rendered":"\n<p>La directiva del Comit\u00e9 de Adelanto Rosario al Progreso en compa\u00f1\u00eda y tras la gesti\u00f3n del Diputado Ra\u00fal Soto y el CORE Alex Ram\u00edrez, se reunieron con la Ministra de Cultura Carolina Arredondo, con el fin de buscar apoyos y financiamiento para una de las fiestas m\u00e1s tradicionales de nuestra zona, la Fiesta de la Fruta, sus Frutos y su Gente, de la localidad de Rosario.<\/p>\n\n\n\n<p>En dicha instancia la Ministra se comprometi\u00f3 a colaborar con financiamiento, de manera que esta celebraci\u00f3n no solo se pueda mantener en el tiempo, sino que adem\u00e1s se fortalezca y mejore para el a\u00f1o 2026. Al mismo tiempo se buscar\u00e1n otras fuentes de financiamiento para sumar y complementar esfuerzos por distintas fuentes, tanto p\u00fablicas como privadas.<\/p>\n\n\n\n<p>\u00abSin duda valoramos el trabajo y esfuerzo del comit\u00e9 de adelanto en la organizaci\u00f3n de esta fiesta que ya es parte de nuestra identidad y los tenemos que ayudar. Todo nuestro apoyo para Rosario\u00bb se\u00f1al\u00f3 el diputado.<\/p>\n","protected":false},"excerpt":{"rendered":"La directiva del Comit\u00e9 de Adelanto Rosario al Progreso en compa\u00f1\u00eda y tras la gesti\u00f3n del Diputado Ra\u00fal&hellip;\n","protected":false},"author":1,"featured_media":4425,"comment_status":"open","ping_status":"open","sticky":false,"template":"","format":"standard","meta":{"_monsterinsights_skip_tracking":false,"_monsterinsights_sitenote_active":false,"_monsterinsights_sitenote_note":"","_monsterinsights_sitenote_category":0,"footnotes":""},"categories":[11,8],"tags":[],"class_list":{"0":"post-4424","1":"post","2":"type-post","3":"status-publish","4":"format-standard","5":"has-post-thumbnail","7":"category-politica","8":"category-portada"},"aioseo_notices":[],"_links":{"self":[{"href":"https:\/\/www.rengoenlanoticia.cl\/prensa\/wp-json\/wp\/v2\/posts\/4424","targetHints":{"allow":["GET"]}}],"collection":[{"href":"https:\/\/www.rengoenlanoticia.cl\/prensa\/wp-json\/wp\/v2\/posts"}],"about":[{"href":"https:\/\/www.rengoenlanoticia.cl\/prensa\/wp-json\/wp\/v2\/types\/post"}],"author":[{"embeddable":true,"href":"https:\/\/www.rengoenlanoticia.cl\/prensa\/wp-json\/wp\/v2\/users\/1"}],"replies":[{"embeddable":true,"href":"https:\/\/www.rengoenlanoticia.cl\/prensa\/wp-json\/wp\/v2\/comments?post=4424"}],"version-history":[{"count":3,"href":"https:\/\/www.rengoenlanoticia.cl\/prensa\/wp-json\/wp\/v2\/posts\/4424\/revisions"}],"predecessor-version":[{"id":4428,"href":"https:\/\/www.rengoenlanoticia.cl\/prensa\/wp-json\/wp\/v2\/posts\/4424\/revisions\/4428"}],"wp:featuredmedia":[{"embeddable":true,"href":"https:\/\/www.rengoenlanoticia.cl\/prensa\/wp-json\/wp\/v2\/media\/4425"}],"wp:attachment":[{"href":"https:\/\/www.rengoenlanoticia.cl\/prensa\/wp-json\/wp\/v2\/media?parent=4424"}],"wp:term":[{"taxonomy":"category","embeddable":true,"href":"https:\/\/www.rengoenlanoticia.cl\/prensa\/wp-json\/wp\/v2\/categories?post=4424"},{"taxonomy":"post_tag","embeddable":true,"href":"https:\/\/www.rengoenlanoticia.cl\/prensa\/wp-json\/wp\/v2\/tags?post=4424"}],"curies":[{"name":"wp","href":"https:\/\/api.w.org\/{rel}","templated":true}]}}