{"id":4412,"date":"2025-07-14T00:29:51","date_gmt":"2025-07-14T00:29:51","guid":{"rendered":"https:\/\/www.rengoenlanoticia.cl\/prensa\/?p=4412"},"modified":"2025-07-14T00:29:53","modified_gmt":"2025-07-14T00:29:53","slug":"seremi-de-agricultura-destaca-el-valioso-trabajo-colaborativo-junto-a-crianceros-y-agricultores-en-cardenal-caro","status":"publish","type":"post","link":"https:\/\/www.rengoenlanoticia.cl\/prensa\/2025\/07\/14\/seremi-de-agricultura-destaca-el-valioso-trabajo-colaborativo-junto-a-crianceros-y-agricultores-en-cardenal-caro\/","title":{"rendered":"Seremi de Agricultura destaca el valioso trabajo colaborativo junto a crianceros y agricultores en Cardenal Caro"},"content":{"rendered":"\n<p><strong>Litueche<\/strong>:  Con una jornada centrada en la vinculaci\u00f3n directa con las comunidades rurales y el fortalecimiento del trabajo territorial, se realiz\u00f3 en Litueche una nueva edici\u00f3n del \u201cGobierno en Terreno del Agro\u201d en la provincia de Cardenal Caro, liderada por el seremi de Agricultura de O&#8217;Higgins, Cristian Silva Rosales, y la delegada presidencial provincial, Josefina Toro Rodr\u00edguez.<\/p>\n\n\n\n<p>La instancia reuni\u00f3 a crianceros, agricultores y autoridades en un espacio de conversaci\u00f3n, charlas t\u00e9cnicas y orientaci\u00f3n directa, abordando temas clave como los seguros agropecuarios con subsidio estatal de Agroseguros, el Plan Nacional de Trazabilidad Animal del SAG y los instrumentos de la Ley de Fomento al Riego presentados por la Comisi\u00f3n Nacional de Riego (CNR).<\/p>\n\n\n\n<p>Uno de los puntos m\u00e1s relevantes fue el abordaje integral del problema que enfrentan los ganaderos del seco costero por los constantes ataques de perros de libre deambular y otros depredadores, que han provocado la muerte de numerosos animales. Esta situaci\u00f3n ha sido visibilizada de manera persistente por crianceros y agricultores, y ha derivado en un trabajo coordinado entre la Seremi de Agricultura, la Delegaci\u00f3n Presidencial Provincial y diversos actores p\u00fablicos y locales.<\/p>\n\n\n\n<figure class=\"wp-block-image size-full\"><img loading=\"lazy\" decoding=\"async\" width=\"1024\" height=\"547\" src=\"https:\/\/www.rengoenlanoticia.cl\/prensa\/wp-content\/uploads\/2025\/07\/GET-AGRO_LIT00.jpg\" alt=\"\" class=\"wp-image-4413\" srcset=\"https:\/\/www.rengoenlanoticia.cl\/prensa\/wp-content\/uploads\/2025\/07\/GET-AGRO_LIT00.jpg 1024w, https:\/\/www.rengoenlanoticia.cl\/prensa\/wp-content\/uploads\/2025\/07\/GET-AGRO_LIT00-300x160.jpg 300w, https:\/\/www.rengoenlanoticia.cl\/prensa\/wp-content\/uploads\/2025\/07\/GET-AGRO_LIT00-768x410.jpg 768w, https:\/\/www.rengoenlanoticia.cl\/prensa\/wp-content\/uploads\/2025\/07\/GET-AGRO_LIT00-110x59.jpg 110w, https:\/\/www.rengoenlanoticia.cl\/prensa\/wp-content\/uploads\/2025\/07\/GET-AGRO_LIT00-200x107.jpg 200w, https:\/\/www.rengoenlanoticia.cl\/prensa\/wp-content\/uploads\/2025\/07\/GET-AGRO_LIT00-380x203.jpg 380w, https:\/\/www.rengoenlanoticia.cl\/prensa\/wp-content\/uploads\/2025\/07\/GET-AGRO_LIT00-255x136.jpg 255w, https:\/\/www.rengoenlanoticia.cl\/prensa\/wp-content\/uploads\/2025\/07\/GET-AGRO_LIT00-550x294.jpg 550w, https:\/\/www.rengoenlanoticia.cl\/prensa\/wp-content\/uploads\/2025\/07\/GET-AGRO_LIT00-800x427.jpg 800w\" sizes=\"auto, (max-width: 1024px) 100vw, 1024px\" \/><\/figure>\n\n\n\n<p>A trav\u00e9s de la mesa de trabajo intersectorial impulsada desde hace m\u00e1s de un a\u00f1o, se ha logrado avanzar en diversas l\u00edneas de acci\u00f3n: el Instituto de Investigaciones Agropecuarias (INIA) Rayentu\u00e9 ha presentado al Gobierno Regional de O&#8217;Higgins un proyecto para abordar esta problem\u00e1tica, actualmente en evaluaci\u00f3n para su financiamiento. Asimismo, se han desarrollado esfuerzos con municipios de la zona para impulsar ordenanzas municipales que regule la tenencia responsable de animales.<\/p>\n\n\n\n<p>En paralelo, se ha trabajado con Carabineros, Polic\u00eda de Investigaciones y el Ministerio P\u00fablico para establecer protocolos claros de denuncia y persecuci\u00f3n de responsabilidades frente a estos ataques, con el fin de garantizar mayor seguridad y justicia para los productores rurales.<\/p>\n\n\n\n<p>La jornada cont\u00f3 con la participaci\u00f3n del subdirector nacional de Agroseguros, Ibar Silva Donoso; el coordinador regional de la CNR, C\u00e9sar Pavez; funcionarios del SAG; y el alcalde de Litueche, Rodrigo Palominos. Tambi\u00e9n asistieron representantes de las comunas de Litueche y Paredones, as\u00ed como dirigentes del sector ganadero, entre ellos Gerardo Bittencourt, representante de la Asociaci\u00f3n de Crianceros de Litueche, cuyo compromiso fue especialmente reconocido.<\/p>\n\n\n\n<p>\u00abEl trabajo conjunto con crianceros y agricultores ha sido clave para visibilizar y enfrentar esta realidad. Hoy, el Estado se hace presente con respuestas concretas\u00bb, destac\u00f3 el seremi Cristian Silva. Por su parte, la delegada Josefina Toro reafirm\u00f3 el compromiso del Gobierno con el desarrollo sustentable y seguro del mundo rural.<\/p>\n\n\n\n<p>El Gobierno en Terreno del Agro contin\u00faa consolid\u00e1ndose como una herramienta fundamental para el desarrollo de pol\u00edticas p\u00fablicas cercanas, participativas y con impacto directo en la vida de las comunidades rurales de O&#8217;Higgins. \/<\/p>\n","protected":false},"excerpt":{"rendered":"Litueche: Con una jornada centrada en la vinculaci\u00f3n directa con las comunidades rurales y el fortalecimiento del trabajo&hellip;\n","protected":false},"author":2,"featured_media":4414,"comment_status":"open","ping_status":"open","sticky":false,"template":"","format":"standard","meta":{"_monsterinsights_skip_tracking":false,"_monsterinsights_sitenote_active":false,"_monsterinsights_sitenote_note":"","_monsterinsights_sitenote_category":0,"footnotes":""},"categories":[8],"tags":[],"class_list":{"0":"post-4412","1":"post","2":"type-post","3":"status-publish","4":"format-standard","5":"has-post-thumbnail","7":"category-portada"},"aioseo_notices":[],"_links":{"self":[{"href":"https:\/\/www.rengoenlanoticia.cl\/prensa\/wp-json\/wp\/v2\/posts\/4412","targetHints":{"allow":["GET"]}}],"collection":[{"href":"https:\/\/www.rengoenlanoticia.cl\/prensa\/wp-json\/wp\/v2\/posts"}],"about":[{"href":"https:\/\/www.rengoenlanoticia.cl\/prensa\/wp-json\/wp\/v2\/types\/post"}],"author":[{"embeddable":true,"href":"https:\/\/www.rengoenlanoticia.cl\/prensa\/wp-json\/wp\/v2\/users\/2"}],"replies":[{"embeddable":true,"href":"https:\/\/www.rengoenlanoticia.cl\/prensa\/wp-json\/wp\/v2\/comments?post=4412"}],"version-history":[{"count":3,"href":"https:\/\/www.rengoenlanoticia.cl\/prensa\/wp-json\/wp\/v2\/posts\/4412\/revisions"}],"predecessor-version":[{"id":4420,"href":"https:\/\/www.rengoenlanoticia.cl\/prensa\/wp-json\/wp\/v2\/posts\/4412\/revisions\/4420"}],"wp:featuredmedia":[{"embeddable":true,"href":"https:\/\/www.rengoenlanoticia.cl\/prensa\/wp-json\/wp\/v2\/media\/4414"}],"wp:attachment":[{"href":"https:\/\/www.rengoenlanoticia.cl\/prensa\/wp-json\/wp\/v2\/media?parent=4412"}],"wp:term":[{"taxonomy":"category","embeddable":true,"href":"https:\/\/www.rengoenlanoticia.cl\/prensa\/wp-json\/wp\/v2\/categories?post=4412"},{"taxonomy":"post_tag","embeddable":true,"href":"https:\/\/www.rengoenlanoticia.cl\/prensa\/wp-json\/wp\/v2\/tags?post=4412"}],"curies":[{"name":"wp","href":"https:\/\/api.w.org\/{rel}","templated":true}]}}