{"id":4411,"date":"2025-07-14T00:31:04","date_gmt":"2025-07-14T00:31:04","guid":{"rendered":"https:\/\/www.rengoenlanoticia.cl\/prensa\/?p=4411"},"modified":"2025-07-14T00:31:06","modified_gmt":"2025-07-14T00:31:06","slug":"tragedia-en-una-barraca-trabajador-fallece-tras-recibir-un-golpe-con-un-madero","status":"publish","type":"post","link":"https:\/\/www.rengoenlanoticia.cl\/prensa\/2025\/07\/14\/tragedia-en-una-barraca-trabajador-fallece-tras-recibir-un-golpe-con-un-madero\/","title":{"rendered":"Tragedia en una barraca: trabajador fallece tras recibir un golpe con un madero."},"content":{"rendered":"\n<p>Litueche: Un accidente laboral ocurri\u00f3 el d\u00eda de ayer s\u00e1bado en el interior de una barraca ubicada en <em>dicha localidad,<\/em> donde un trabajador perdi\u00f3 la vida tras ser impactado por un madero de grandes dimensiones.<\/p>\n\n\n\n<p>Seg\u00fan informaci\u00f3n preliminar, el hombre se encontraba desempe\u00f1ando tareas habituales cuando, por causas que se investigan, fue golpeado por una pieza de madera que cay\u00f3 repentinamente. Personal de emergencia lleg\u00f3 r\u00e1pidamente al lugar, pero lamentablemente ya no presentaba signos vitales.<\/p>\n\n\n\n<p>Personal de la PDI de San Fernando, investiga este lamentable hecho.<\/p>\n\n\n\n<figure class=\"wp-block-video\"><video controls src=\"https:\/\/www.rengoenlanoticia.cl\/prensa\/wp-content\/uploads\/2025\/07\/WhatsApp-Video-2025-07-13-at-15.33.43-1.mp4\"><\/video><\/figure>\n\n\n\n<p class=\"has-text-align-center\"><strong>Comisario Juan G\u00f3mez, encargado de la Agrupaci\u00f3n de la PDI<\/strong> <\/p>\n\n\n\n<p><\/p>\n","protected":false},"excerpt":{"rendered":"Litueche: Un accidente laboral ocurri\u00f3 el d\u00eda de ayer s\u00e1bado en el interior de una barraca ubicada en&hellip;\n","protected":false},"author":2,"featured_media":4417,"comment_status":"open","ping_status":"open","sticky":false,"template":"","format":"standard","meta":{"_monsterinsights_skip_tracking":false,"_monsterinsights_sitenote_active":false,"_monsterinsights_sitenote_note":"","_monsterinsights_sitenote_category":0,"footnotes":""},"categories":[5,8],"tags":[],"class_list":{"0":"post-4411","1":"post","2":"type-post","3":"status-publish","4":"format-standard","5":"has-post-thumbnail","7":"category-policial","8":"category-portada"},"aioseo_notices":[],"_links":{"self":[{"href":"https:\/\/www.rengoenlanoticia.cl\/prensa\/wp-json\/wp\/v2\/posts\/4411","targetHints":{"allow":["GET"]}}],"collection":[{"href":"https:\/\/www.rengoenlanoticia.cl\/prensa\/wp-json\/wp\/v2\/posts"}],"about":[{"href":"https:\/\/www.rengoenlanoticia.cl\/prensa\/wp-json\/wp\/v2\/types\/post"}],"author":[{"embeddable":true,"href":"https:\/\/www.rengoenlanoticia.cl\/prensa\/wp-json\/wp\/v2\/users\/2"}],"replies":[{"embeddable":true,"href":"https:\/\/www.rengoenlanoticia.cl\/prensa\/wp-json\/wp\/v2\/comments?post=4411"}],"version-history":[{"count":3,"href":"https:\/\/www.rengoenlanoticia.cl\/prensa\/wp-json\/wp\/v2\/posts\/4411\/revisions"}],"predecessor-version":[{"id":4422,"href":"https:\/\/www.rengoenlanoticia.cl\/prensa\/wp-json\/wp\/v2\/posts\/4411\/revisions\/4422"}],"wp:featuredmedia":[{"embeddable":true,"href":"https:\/\/www.rengoenlanoticia.cl\/prensa\/wp-json\/wp\/v2\/media\/4417"}],"wp:attachment":[{"href":"https:\/\/www.rengoenlanoticia.cl\/prensa\/wp-json\/wp\/v2\/media?parent=4411"}],"wp:term":[{"taxonomy":"category","embeddable":true,"href":"https:\/\/www.rengoenlanoticia.cl\/prensa\/wp-json\/wp\/v2\/categories?post=4411"},{"taxonomy":"post_tag","embeddable":true,"href":"https:\/\/www.rengoenlanoticia.cl\/prensa\/wp-json\/wp\/v2\/tags?post=4411"}],"curies":[{"name":"wp","href":"https:\/\/api.w.org\/{rel}","templated":true}]}}