{"id":4407,"date":"2025-07-13T03:22:26","date_gmt":"2025-07-13T03:22:26","guid":{"rendered":"https:\/\/www.rengoenlanoticia.cl\/prensa\/?p=4407"},"modified":"2025-07-13T03:22:55","modified_gmt":"2025-07-13T03:22:55","slug":"diputada-marta-gonzalez-valora-avance-del-proyecto-de-postnatal-de-un-ano-iniciativa-pasa-a-sala-para-su-votacion","status":"publish","type":"post","link":"https:\/\/www.rengoenlanoticia.cl\/prensa\/2025\/07\/13\/diputada-marta-gonzalez-valora-avance-del-proyecto-de-postnatal-de-un-ano-iniciativa-pasa-a-sala-para-su-votacion\/","title":{"rendered":"Diputada Marta Gonz\u00e1lez valora avance del proyecto de Postnatal de un A\u00f1o: Iniciativa pasa a Sala para su votaci\u00f3n"},"content":{"rendered":"\n<p>Esta semana, el proyecto de ley que establece un postnatal de un a\u00f1o fue aprobado por la Comisi\u00f3n de Hacienda de la C\u00e1mara de Diputadas y Diputados, quedando listo para ser discutido y votado en la Sala.<\/p>\n\n\n\n<p>La iniciativa, presentada por el Diputado Patricio Rosas e impulsada por el movimiento ciudadano \u201cPostnatal de Emergencia\u201d, contempla la ampliaci\u00f3n del permiso postnatal de la madre a 52 semanas y del padre a 30 d\u00edas.<\/p>\n\n\n\n<p>La Diputada de la Regi\u00f3n de O\u2019Higgins, Marta Gonz\u00e1lez, quien ha seguido de cerca la tramitaci\u00f3n, valor\u00f3 el avance legislativo: <strong>\u201cHemos apoyado esta iniciativa desde su origen, porque sabemos lo importante que es para cientos de miles de familias. Ampliar el postnatal es un paso necesario para avanzar en la protecci\u00f3n de la infancia\u201d<\/strong>, afirm\u00f3.<\/p>\n\n\n\n<p>Anteriormente, Gonz\u00e1lez impuls\u00f3 la conformaci\u00f3n de la <strong>Bancada por el Cuidado, la Corresponsabilidad Social y la Conciliaci\u00f3n<\/strong>, junto a organizaciones de la <strong>Red Nacional de Cuidados<\/strong>, con el objetivo de fortalecer pol\u00edticas p\u00fablicas que reconozcan el trabajo de cuidados.<\/p>\n\n\n\n<p><strong>\u201cEste proyecto nace del esfuerzo de madres organizadas en todo el pa\u00eds, desde el postnatal de emergencia en adelante. Junto a la Red Nacional de Cuidados levantamos esta bancada para impulsar iniciativas que reconozcan el trabajo de cuidados, refuercen las redes de apoyo y promuevan una responsabilidad compartida entre el Estado, las familias y los privados\u201d<\/strong>, agreg\u00f3 la parlamentaria.<\/p>\n\n\n\n<p>Entre las organizaciones que integran esta red se encuentran Fundaci\u00f3n Ronda, el Movimiento de Mujeres del Sector P\u00fablico (Momusep), Fundaci\u00f3n Fuera Acosadores, el movimiento Postnatal de Emergencia, Mam\u00e1 Legal y la Asociaci\u00f3n de Profesionales Colombianos en Chile (ASOPROCOL).<\/p>\n\n\n\n<p><strong>\u201cEste proyecto marca un precedente. Estamos avanzando hacia un pa\u00eds donde criar y cuidar no signifique perder el empleo ni retroceder en autonom\u00eda econ\u00f3mica\u201d<\/strong>, enfatiz\u00f3.<\/p>\n\n\n\n<p>Finalmente, Gonz\u00e1lez llam\u00f3 a que se le otorgue urgencia a la iniciativa para su pronta votaci\u00f3n en la Sala. <strong>\u201cEsperamos que se apruebe con amplio respaldo, porque este proyecto responde a una demanda ciudadana leg\u00edtima\u201d<\/strong>, concluy\u00f3.<\/p>\n","protected":false},"excerpt":{"rendered":"Esta semana, el proyecto de ley que establece un postnatal de un a\u00f1o fue aprobado por la Comisi\u00f3n&hellip;\n","protected":false},"author":1,"featured_media":4408,"comment_status":"open","ping_status":"open","sticky":false,"template":"","format":"standard","meta":{"_monsterinsights_skip_tracking":false,"_monsterinsights_sitenote_active":false,"_monsterinsights_sitenote_note":"","_monsterinsights_sitenote_category":0,"footnotes":""},"categories":[11,8],"tags":[],"class_list":{"0":"post-4407","1":"post","2":"type-post","3":"status-publish","4":"format-standard","5":"has-post-thumbnail","7":"category-politica","8":"category-portada"},"aioseo_notices":[],"_links":{"self":[{"href":"https:\/\/www.rengoenlanoticia.cl\/prensa\/wp-json\/wp\/v2\/posts\/4407","targetHints":{"allow":["GET"]}}],"collection":[{"href":"https:\/\/www.rengoenlanoticia.cl\/prensa\/wp-json\/wp\/v2\/posts"}],"about":[{"href":"https:\/\/www.rengoenlanoticia.cl\/prensa\/wp-json\/wp\/v2\/types\/post"}],"author":[{"embeddable":true,"href":"https:\/\/www.rengoenlanoticia.cl\/prensa\/wp-json\/wp\/v2\/users\/1"}],"replies":[{"embeddable":true,"href":"https:\/\/www.rengoenlanoticia.cl\/prensa\/wp-json\/wp\/v2\/comments?post=4407"}],"version-history":[{"count":2,"href":"https:\/\/www.rengoenlanoticia.cl\/prensa\/wp-json\/wp\/v2\/posts\/4407\/revisions"}],"predecessor-version":[{"id":4410,"href":"https:\/\/www.rengoenlanoticia.cl\/prensa\/wp-json\/wp\/v2\/posts\/4407\/revisions\/4410"}],"wp:featuredmedia":[{"embeddable":true,"href":"https:\/\/www.rengoenlanoticia.cl\/prensa\/wp-json\/wp\/v2\/media\/4408"}],"wp:attachment":[{"href":"https:\/\/www.rengoenlanoticia.cl\/prensa\/wp-json\/wp\/v2\/media?parent=4407"}],"wp:term":[{"taxonomy":"category","embeddable":true,"href":"https:\/\/www.rengoenlanoticia.cl\/prensa\/wp-json\/wp\/v2\/categories?post=4407"},{"taxonomy":"post_tag","embeddable":true,"href":"https:\/\/www.rengoenlanoticia.cl\/prensa\/wp-json\/wp\/v2\/tags?post=4407"}],"curies":[{"name":"wp","href":"https:\/\/api.w.org\/{rel}","templated":true}]}}