{"id":4401,"date":"2025-07-13T03:17:34","date_gmt":"2025-07-13T03:17:34","guid":{"rendered":"https:\/\/www.rengoenlanoticia.cl\/prensa\/?p=4401"},"modified":"2025-07-13T03:17:36","modified_gmt":"2025-07-13T03:17:36","slug":"pdi-rengo-desarticula-clan-familiar-y-detiene-a-5-personas-por-infraccion-a-la-ley-de-drogas-e-infraccion-a-la-ley-de-armas","status":"publish","type":"post","link":"https:\/\/www.rengoenlanoticia.cl\/prensa\/2025\/07\/13\/pdi-rengo-desarticula-clan-familiar-y-detiene-a-5-personas-por-infraccion-a-la-ley-de-drogas-e-infraccion-a-la-ley-de-armas\/","title":{"rendered":"PDI Rengo desarticula Clan Familiar y detiene a 5 personas por Infracci\u00f3n a la Ley de Drogas e Infracci\u00f3n a la Ley de Armas"},"content":{"rendered":"\n<p>Detectives de la Agrupaci\u00f3n MT0 de la Brigada de Investigaci\u00f3n Criminal Rengo, previa coordinaci\u00f3n con la Fiscal\u00eda Local de Rengo, materializaron el d\u00eda viernes 11 de julio, la entrada y registro a 3 domicilios, en la comuna de Quinta de Tilcoco, esto, en el marco de investigaci\u00f3n referida a que los imputados, quienes conformaban un clan familiar, comercializaban droga y presum\u00edan armas y fuegos artificiales en redes sociales. En este contexto, se encontr\u00f3 e incaut\u00f3 cerca de 140 Gramos de Cannabis, Clorhidrato de Coca\u00edna, m\u00e1s de 1 mill\u00f3n de pesos en dinero en efectivo, 05 armas de fuego, cerca de 100 unidades de munici\u00f3n, 03 tortas de pirotecnia, 01 bengala, entre otras especies, siendo detenidos 05 hombres, todos chilenos, entre ellos, un menor de edad y cuatro mayores de edad.<\/p>\n\n\n\n<figure class=\"wp-block-image size-large\"><img loading=\"lazy\" decoding=\"async\" width=\"1024\" height=\"768\" src=\"https:\/\/www.rengoenlanoticia.cl\/prensa\/wp-content\/uploads\/2025\/07\/WhatsApp-Image-2025-07-12-at-15.28.52-1024x768.jpeg\" alt=\"\" class=\"wp-image-4403\" srcset=\"https:\/\/www.rengoenlanoticia.cl\/prensa\/wp-content\/uploads\/2025\/07\/WhatsApp-Image-2025-07-12-at-15.28.52-1024x768.jpeg 1024w, https:\/\/www.rengoenlanoticia.cl\/prensa\/wp-content\/uploads\/2025\/07\/WhatsApp-Image-2025-07-12-at-15.28.52-300x225.jpeg 300w, https:\/\/www.rengoenlanoticia.cl\/prensa\/wp-content\/uploads\/2025\/07\/WhatsApp-Image-2025-07-12-at-15.28.52-768x576.jpeg 768w, https:\/\/www.rengoenlanoticia.cl\/prensa\/wp-content\/uploads\/2025\/07\/WhatsApp-Image-2025-07-12-at-15.28.52-110x83.jpeg 110w, https:\/\/www.rengoenlanoticia.cl\/prensa\/wp-content\/uploads\/2025\/07\/WhatsApp-Image-2025-07-12-at-15.28.52-200x150.jpeg 200w, https:\/\/www.rengoenlanoticia.cl\/prensa\/wp-content\/uploads\/2025\/07\/WhatsApp-Image-2025-07-12-at-15.28.52-380x285.jpeg 380w, https:\/\/www.rengoenlanoticia.cl\/prensa\/wp-content\/uploads\/2025\/07\/WhatsApp-Image-2025-07-12-at-15.28.52-255x191.jpeg 255w, https:\/\/www.rengoenlanoticia.cl\/prensa\/wp-content\/uploads\/2025\/07\/WhatsApp-Image-2025-07-12-at-15.28.52-550x413.jpeg 550w, https:\/\/www.rengoenlanoticia.cl\/prensa\/wp-content\/uploads\/2025\/07\/WhatsApp-Image-2025-07-12-at-15.28.52-800x600.jpeg 800w, https:\/\/www.rengoenlanoticia.cl\/prensa\/wp-content\/uploads\/2025\/07\/WhatsApp-Image-2025-07-12-at-15.28.52-1160x870.jpeg 1160w, https:\/\/www.rengoenlanoticia.cl\/prensa\/wp-content\/uploads\/2025\/07\/WhatsApp-Image-2025-07-12-at-15.28.52.jpeg 1280w\" sizes=\"auto, (max-width: 1024px) 100vw, 1024px\" \/><\/figure>\n\n\n\n<p> Uno de los cuales, se habr\u00eda jactado en redes sociales de que su padre, tambi\u00e9n detenido, saldr\u00eda en libertad el d\u00eda de ayer, luego de cumplir condena por el delito de Robo con Intimidaci\u00f3n ocurrido en el Banco Estado de la comuna de Mostazal, por lo que celebrar\u00edan con fuegos artificiales. Los detenidos fueron puestos a disposici\u00f3n del Juzgado de Garant\u00eda para sus respectivos controles de detenci\u00f3n, decret\u00e1ndose la medida cautelar de prisi\u00f3n preventiva para los cuatro mayores de edad.<\/p>\n","protected":false},"excerpt":{"rendered":"Detectives de la Agrupaci\u00f3n MT0 de la Brigada de Investigaci\u00f3n Criminal Rengo, previa coordinaci\u00f3n con la Fiscal\u00eda Local&hellip;\n","protected":false},"author":2,"featured_media":4402,"comment_status":"open","ping_status":"open","sticky":false,"template":"","format":"standard","meta":{"_monsterinsights_skip_tracking":false,"_monsterinsights_sitenote_active":false,"_monsterinsights_sitenote_note":"","_monsterinsights_sitenote_category":0,"footnotes":""},"categories":[5,8],"tags":[],"class_list":{"0":"post-4401","1":"post","2":"type-post","3":"status-publish","4":"format-standard","5":"has-post-thumbnail","7":"category-policial","8":"category-portada"},"aioseo_notices":[],"_links":{"self":[{"href":"https:\/\/www.rengoenlanoticia.cl\/prensa\/wp-json\/wp\/v2\/posts\/4401","targetHints":{"allow":["GET"]}}],"collection":[{"href":"https:\/\/www.rengoenlanoticia.cl\/prensa\/wp-json\/wp\/v2\/posts"}],"about":[{"href":"https:\/\/www.rengoenlanoticia.cl\/prensa\/wp-json\/wp\/v2\/types\/post"}],"author":[{"embeddable":true,"href":"https:\/\/www.rengoenlanoticia.cl\/prensa\/wp-json\/wp\/v2\/users\/2"}],"replies":[{"embeddable":true,"href":"https:\/\/www.rengoenlanoticia.cl\/prensa\/wp-json\/wp\/v2\/comments?post=4401"}],"version-history":[{"count":3,"href":"https:\/\/www.rengoenlanoticia.cl\/prensa\/wp-json\/wp\/v2\/posts\/4401\/revisions"}],"predecessor-version":[{"id":4406,"href":"https:\/\/www.rengoenlanoticia.cl\/prensa\/wp-json\/wp\/v2\/posts\/4401\/revisions\/4406"}],"wp:featuredmedia":[{"embeddable":true,"href":"https:\/\/www.rengoenlanoticia.cl\/prensa\/wp-json\/wp\/v2\/media\/4402"}],"wp:attachment":[{"href":"https:\/\/www.rengoenlanoticia.cl\/prensa\/wp-json\/wp\/v2\/media?parent=4401"}],"wp:term":[{"taxonomy":"category","embeddable":true,"href":"https:\/\/www.rengoenlanoticia.cl\/prensa\/wp-json\/wp\/v2\/categories?post=4401"},{"taxonomy":"post_tag","embeddable":true,"href":"https:\/\/www.rengoenlanoticia.cl\/prensa\/wp-json\/wp\/v2\/tags?post=4401"}],"curies":[{"name":"wp","href":"https:\/\/api.w.org\/{rel}","templated":true}]}}