{"id":4394,"date":"2025-07-13T03:04:41","date_gmt":"2025-07-13T03:04:41","guid":{"rendered":"https:\/\/www.rengoenlanoticia.cl\/prensa\/?p=4394"},"modified":"2025-07-13T03:08:01","modified_gmt":"2025-07-13T03:08:01","slug":"os-9-ohiggins-detiene-en-flagrancia-a-un-sujeto-por-robo-de-accesorios-de-un-vehiculo","status":"publish","type":"post","link":"https:\/\/www.rengoenlanoticia.cl\/prensa\/2025\/07\/13\/os-9-ohiggins-detiene-en-flagrancia-a-un-sujeto-por-robo-de-accesorios-de-un-vehiculo\/","title":{"rendered":"OS-9 O&#8217;Higgins detiene en flagrancia a un sujeto por robo de accesorios de un veh\u00edculo"},"content":{"rendered":"\n<p>El individuo, extranjero indocumentado, rompi\u00f3 el vidrio del autom\u00f3vil para sustraer las especies que se manten\u00edan en su interior, las cuales fueron recuperadas y decomisado un cuchillo.<\/p>\n\n\n\n<p>Carabineros especializados del OS-9 O&#8217;Higgins detuvo en flagrancia a un individuo que rob\u00f3 diversas especies desde un veh\u00edculo estacionado en el sector de Av. Central de Rancagua.<br>Alrededor de las 17:30 del viernes, mientras los efectivos policiales desarrollaban diligencias propias de su especialidad, detectaron a un individuo en actitudes sospechosas en el sector. El sujeto sorpresivamente rompi\u00f3 un vidrio lateral trasero de un veh\u00edculo, desde donde sustrajo varias especies.<br>Tras el hecho delictivo, Carabineros realiz\u00f3 un seguimiento de infanteria, concretando la detenci\u00f3n en calle Hernan Ciudad con Av. Central, y recuperando la totalidad de las especies, consistentes en 1 notebook, marca HP, 1 par de aud\u00edfonos inal\u00e1mbricos, un secador de pelo y distintas vestimentas.<br>El sujeto detenido e identificado como M.A.S.G., de 32 a\u00f1os, venezolano e indocumentado en el pa\u00eds, se le decomis\u00f3 1 cuchillo.<br>Todos estos antecedentes fueron puestos a disposici\u00f3n del Ministerio P\u00fablico.<br>Carabineros hace un llamado a la comunidad al autocuidado, y entrega como recomendaci\u00f3n no dejar especies a la vista en el interior de los veh\u00edculos.<\/p>\n","protected":false},"excerpt":{"rendered":"El individuo, extranjero indocumentado, rompi\u00f3 el vidrio del autom\u00f3vil para sustraer las especies que se manten\u00edan en su&hellip;\n","protected":false},"author":2,"featured_media":4397,"comment_status":"open","ping_status":"open","sticky":false,"template":"","format":"standard","meta":{"_monsterinsights_skip_tracking":false,"_monsterinsights_sitenote_active":false,"_monsterinsights_sitenote_note":"","_monsterinsights_sitenote_category":0,"footnotes":""},"categories":[5,8],"tags":[],"class_list":{"0":"post-4394","1":"post","2":"type-post","3":"status-publish","4":"format-standard","5":"has-post-thumbnail","7":"category-policial","8":"category-portada"},"aioseo_notices":[],"_links":{"self":[{"href":"https:\/\/www.rengoenlanoticia.cl\/prensa\/wp-json\/wp\/v2\/posts\/4394","targetHints":{"allow":["GET"]}}],"collection":[{"href":"https:\/\/www.rengoenlanoticia.cl\/prensa\/wp-json\/wp\/v2\/posts"}],"about":[{"href":"https:\/\/www.rengoenlanoticia.cl\/prensa\/wp-json\/wp\/v2\/types\/post"}],"author":[{"embeddable":true,"href":"https:\/\/www.rengoenlanoticia.cl\/prensa\/wp-json\/wp\/v2\/users\/2"}],"replies":[{"embeddable":true,"href":"https:\/\/www.rengoenlanoticia.cl\/prensa\/wp-json\/wp\/v2\/comments?post=4394"}],"version-history":[{"count":3,"href":"https:\/\/www.rengoenlanoticia.cl\/prensa\/wp-json\/wp\/v2\/posts\/4394\/revisions"}],"predecessor-version":[{"id":4400,"href":"https:\/\/www.rengoenlanoticia.cl\/prensa\/wp-json\/wp\/v2\/posts\/4394\/revisions\/4400"}],"wp:featuredmedia":[{"embeddable":true,"href":"https:\/\/www.rengoenlanoticia.cl\/prensa\/wp-json\/wp\/v2\/media\/4397"}],"wp:attachment":[{"href":"https:\/\/www.rengoenlanoticia.cl\/prensa\/wp-json\/wp\/v2\/media?parent=4394"}],"wp:term":[{"taxonomy":"category","embeddable":true,"href":"https:\/\/www.rengoenlanoticia.cl\/prensa\/wp-json\/wp\/v2\/categories?post=4394"},{"taxonomy":"post_tag","embeddable":true,"href":"https:\/\/www.rengoenlanoticia.cl\/prensa\/wp-json\/wp\/v2\/tags?post=4394"}],"curies":[{"name":"wp","href":"https:\/\/api.w.org\/{rel}","templated":true}]}}