{"id":4388,"date":"2025-07-13T02:58:35","date_gmt":"2025-07-13T02:58:35","guid":{"rendered":"https:\/\/www.rengoenlanoticia.cl\/prensa\/?p=4388"},"modified":"2025-07-13T02:58:41","modified_gmt":"2025-07-13T02:58:41","slug":"comienza-la-segunda-generacion-del-programa-innfluye-para-emprendedores-de-ohiggins","status":"publish","type":"post","link":"https:\/\/www.rengoenlanoticia.cl\/prensa\/2025\/07\/13\/comienza-la-segunda-generacion-del-programa-innfluye-para-emprendedores-de-ohiggins\/","title":{"rendered":"Comienza la segunda generaci\u00f3n del Programa Innfluye para emprendedores de O\u2019Higgins"},"content":{"rendered":"\n<p><em>M\u00e1s de 40 nuevos emprendimientos innovadores recibir\u00e1n acompa\u00f1amiento especializado formando parte de la segunda generaci\u00f3n del Programa Innfluye, iniciativa ejecutada por IncubatecUFRO y WeDo Cowork, con el apoyo de Corfo.<\/em><\/p>\n\n\n\n<p>Con el objetivo de fortalecer el ecosistema regional de innovaci\u00f3n y emprendimiento, se lanz\u00f3 oficialmente la convocatoria para la segunda generaci\u00f3n del Programa Innfluye en la Regi\u00f3n de O\u2019Higgins. La iniciativa \u2014apoyada por Corfo a trav\u00e9s del instrumento Potencia\u2014 es ejecutada por IncubatecUFRO, la Potenciadora de Negocios de la Universidad de La Frontera, junto a WeDo Cowork como coejecutor.<\/p>\n\n\n\n<p>El evento de lanzamiento, realizado en las oficinas de WeDo Cowork en Rancagua, convoc\u00f3 a emprendedores, representantes del ecosistema regional, autoridades y actores del sector privado, en donde se dio inicio a este programa que contempla la selecci\u00f3n de m\u00e1s de 40 emprendimientos innovadores de etapa inicial, los cuales recibir\u00e1n un proceso de incubaci\u00f3n personalizado, que contempla formaci\u00f3n empresarial, mentor\u00edas, acceso a redes de contacto, asesor\u00eda para levantar financiamiento y articulaci\u00f3n con grandes empresas.<\/p>\n\n\n\n<figure class=\"wp-block-image size-large\"><img loading=\"lazy\" decoding=\"async\" width=\"1024\" height=\"762\" src=\"https:\/\/www.rengoenlanoticia.cl\/prensa\/wp-content\/uploads\/2025\/07\/Foto-2-Innfluye-1024x762.jpg\" alt=\"\" class=\"wp-image-4389\" srcset=\"https:\/\/www.rengoenlanoticia.cl\/prensa\/wp-content\/uploads\/2025\/07\/Foto-2-Innfluye-1024x762.jpg 1024w, https:\/\/www.rengoenlanoticia.cl\/prensa\/wp-content\/uploads\/2025\/07\/Foto-2-Innfluye-300x223.jpg 300w, https:\/\/www.rengoenlanoticia.cl\/prensa\/wp-content\/uploads\/2025\/07\/Foto-2-Innfluye-768x571.jpg 768w, https:\/\/www.rengoenlanoticia.cl\/prensa\/wp-content\/uploads\/2025\/07\/Foto-2-Innfluye-110x82.jpg 110w, https:\/\/www.rengoenlanoticia.cl\/prensa\/wp-content\/uploads\/2025\/07\/Foto-2-Innfluye-200x149.jpg 200w, https:\/\/www.rengoenlanoticia.cl\/prensa\/wp-content\/uploads\/2025\/07\/Foto-2-Innfluye-380x283.jpg 380w, https:\/\/www.rengoenlanoticia.cl\/prensa\/wp-content\/uploads\/2025\/07\/Foto-2-Innfluye-255x190.jpg 255w, https:\/\/www.rengoenlanoticia.cl\/prensa\/wp-content\/uploads\/2025\/07\/Foto-2-Innfluye-550x409.jpg 550w, https:\/\/www.rengoenlanoticia.cl\/prensa\/wp-content\/uploads\/2025\/07\/Foto-2-Innfluye-800x595.jpg 800w, https:\/\/www.rengoenlanoticia.cl\/prensa\/wp-content\/uploads\/2025\/07\/Foto-2-Innfluye-1160x863.jpg 1160w, https:\/\/www.rengoenlanoticia.cl\/prensa\/wp-content\/uploads\/2025\/07\/Foto-2-Innfluye.jpg 1179w\" sizes=\"auto, (max-width: 1024px) 100vw, 1024px\" \/><\/figure>\n\n\n\n<p>\u00d3scar \u00c1vila, director regional de Corfo en O\u2019Higgins, destac\u00f3 la continuidad del programa como un pilar clave para fortalecer el ecosistema de la regi\u00f3n. \u201cHoy vemos c\u00f3mo este programa Potencia Innfluye sigue creciendo. Esta segunda generaci\u00f3n demuestra el compromiso por apoyar ideas de negocio que no solo tengan impacto local, sino que aporten valor para el pa\u00eds\u201d, indic\u00f3.<\/p>\n\n\n\n<p>Por su parte, Paulo Lobos, Encargado de I+D y Nuevos Negocios de IncubatecUFRO, subray\u00f3 la importancia de esta etapa del programa: \u201cCon esta segunda convocatoria buscamos consolidar un modelo de incubaci\u00f3n con enfoque territorial, al contar con casos de \u00e9xito en la primera generaci\u00f3n que han permitido ajustar el modelo. Ahora, queremos que nuevos emprendimientos innovadores, puedan avanzar hacia su puesta en marcha y validaci\u00f3n comercial\u201d.<\/p>\n\n\n\n<p>Durante la jornada se desarroll\u00f3 un espacio de networking de colaboraci\u00f3n que reuni\u00f3 a emprendedores, representantes de instituciones de apoyo al emprendimiento y empresas que buscan soluciones para sus desaf\u00edos. Tambi\u00e9n se present\u00f3 la oferta de servicios asociativos que ofrece Innfluye, los cuales ser\u00e1n entregados de forma gratuita a los emprendedores seleccionados, con foco en la sostenibilidad y validaci\u00f3n comercial de las ideas de negocios.<\/p>\n\n\n\n<p>Innfluye busca acompa\u00f1ar a los emprendedores desde sus primeras etapas y promover la colaboraci\u00f3n entre actores del ecosistema regional al articular oportunidades entre empresas consolidadas y startups emergentes que aportan soluciones innovadoras a sectores estrat\u00e9gicos de O\u2019Higgins, como la agroindustria, el turismo y la miner\u00eda.<\/p>\n\n\n\n<p>La convocatoria cierra en primera instancia el pr\u00f3ximo mi\u00e9rcoles 23 de julio. Las postulaciones y toda la informaci\u00f3n del proceso se encuentran disponibles en <a href=\"http:\/\/www.incubatecufro.cl\/innfluye\">www.incubatecufro.cl\/innfluye<\/a><\/p>\n\n\n\n<figure class=\"wp-block-image size-large\"><img loading=\"lazy\" decoding=\"async\" width=\"783\" height=\"1024\" src=\"https:\/\/www.rengoenlanoticia.cl\/prensa\/wp-content\/uploads\/2025\/07\/Afiche-del-programa-Innfluye-783x1024.jpg\" alt=\"\" class=\"wp-image-4391\" srcset=\"https:\/\/www.rengoenlanoticia.cl\/prensa\/wp-content\/uploads\/2025\/07\/Afiche-del-programa-Innfluye-783x1024.jpg 783w, https:\/\/www.rengoenlanoticia.cl\/prensa\/wp-content\/uploads\/2025\/07\/Afiche-del-programa-Innfluye-229x300.jpg 229w, https:\/\/www.rengoenlanoticia.cl\/prensa\/wp-content\/uploads\/2025\/07\/Afiche-del-programa-Innfluye-768x1004.jpg 768w, https:\/\/www.rengoenlanoticia.cl\/prensa\/wp-content\/uploads\/2025\/07\/Afiche-del-programa-Innfluye-110x144.jpg 110w, https:\/\/www.rengoenlanoticia.cl\/prensa\/wp-content\/uploads\/2025\/07\/Afiche-del-programa-Innfluye-200x262.jpg 200w, https:\/\/www.rengoenlanoticia.cl\/prensa\/wp-content\/uploads\/2025\/07\/Afiche-del-programa-Innfluye-380x497.jpg 380w, https:\/\/www.rengoenlanoticia.cl\/prensa\/wp-content\/uploads\/2025\/07\/Afiche-del-programa-Innfluye-255x333.jpg 255w, https:\/\/www.rengoenlanoticia.cl\/prensa\/wp-content\/uploads\/2025\/07\/Afiche-del-programa-Innfluye-300x392.jpg 300w, https:\/\/www.rengoenlanoticia.cl\/prensa\/wp-content\/uploads\/2025\/07\/Afiche-del-programa-Innfluye-550x719.jpg 550w, https:\/\/www.rengoenlanoticia.cl\/prensa\/wp-content\/uploads\/2025\/07\/Afiche-del-programa-Innfluye-800x1046.jpg 800w, https:\/\/www.rengoenlanoticia.cl\/prensa\/wp-content\/uploads\/2025\/07\/Afiche-del-programa-Innfluye.jpg 1111w\" sizes=\"auto, (max-width: 783px) 100vw, 783px\" \/><\/figure>\n","protected":false},"excerpt":{"rendered":"M\u00e1s de 40 nuevos emprendimientos innovadores recibir\u00e1n acompa\u00f1amiento especializado formando parte de la segunda generaci\u00f3n del Programa Innfluye,&hellip;\n","protected":false},"author":2,"featured_media":4390,"comment_status":"open","ping_status":"open","sticky":false,"template":"","format":"standard","meta":{"_monsterinsights_skip_tracking":false,"_monsterinsights_sitenote_active":false,"_monsterinsights_sitenote_note":"","_monsterinsights_sitenote_category":0,"footnotes":""},"categories":[1],"tags":[],"class_list":{"0":"post-4388","1":"post","2":"type-post","3":"status-publish","4":"format-standard","5":"has-post-thumbnail","7":"category-uncategorized"},"aioseo_notices":[],"_links":{"self":[{"href":"https:\/\/www.rengoenlanoticia.cl\/prensa\/wp-json\/wp\/v2\/posts\/4388","targetHints":{"allow":["GET"]}}],"collection":[{"href":"https:\/\/www.rengoenlanoticia.cl\/prensa\/wp-json\/wp\/v2\/posts"}],"about":[{"href":"https:\/\/www.rengoenlanoticia.cl\/prensa\/wp-json\/wp\/v2\/types\/post"}],"author":[{"embeddable":true,"href":"https:\/\/www.rengoenlanoticia.cl\/prensa\/wp-json\/wp\/v2\/users\/2"}],"replies":[{"embeddable":true,"href":"https:\/\/www.rengoenlanoticia.cl\/prensa\/wp-json\/wp\/v2\/comments?post=4388"}],"version-history":[{"count":2,"href":"https:\/\/www.rengoenlanoticia.cl\/prensa\/wp-json\/wp\/v2\/posts\/4388\/revisions"}],"predecessor-version":[{"id":4396,"href":"https:\/\/www.rengoenlanoticia.cl\/prensa\/wp-json\/wp\/v2\/posts\/4388\/revisions\/4396"}],"wp:featuredmedia":[{"embeddable":true,"href":"https:\/\/www.rengoenlanoticia.cl\/prensa\/wp-json\/wp\/v2\/media\/4390"}],"wp:attachment":[{"href":"https:\/\/www.rengoenlanoticia.cl\/prensa\/wp-json\/wp\/v2\/media?parent=4388"}],"wp:term":[{"taxonomy":"category","embeddable":true,"href":"https:\/\/www.rengoenlanoticia.cl\/prensa\/wp-json\/wp\/v2\/categories?post=4388"},{"taxonomy":"post_tag","embeddable":true,"href":"https:\/\/www.rengoenlanoticia.cl\/prensa\/wp-json\/wp\/v2\/tags?post=4388"}],"curies":[{"name":"wp","href":"https:\/\/api.w.org\/{rel}","templated":true}]}}