{"id":4378,"date":"2025-07-13T02:46:14","date_gmt":"2025-07-13T02:46:14","guid":{"rendered":"https:\/\/www.rengoenlanoticia.cl\/prensa\/?p=4378"},"modified":"2025-07-13T02:46:16","modified_gmt":"2025-07-13T02:46:16","slug":"mas-seguridad-escolar-rancagua-sera-la-primera-comuna-de-la-region-en-implementar-patrullajes-preventivos-inteligentes-en-entornos-educativos","status":"publish","type":"post","link":"https:\/\/www.rengoenlanoticia.cl\/prensa\/2025\/07\/13\/mas-seguridad-escolar-rancagua-sera-la-primera-comuna-de-la-region-en-implementar-patrullajes-preventivos-inteligentes-en-entornos-educativos\/","title":{"rendered":"M\u00e1s Seguridad Escolar: Rancagua ser\u00e1 la primera comuna de la regi\u00f3n en implementar Patrullajes Preventivos Inteligentes en entornos educativos"},"content":{"rendered":"\n<p><em>Hechos delictivos, incivilidades, violencia en el entorno, entre otros incidentes, afectan a comunidades educativas a lo largo del pa\u00eds. En virtud de lo anterior, la seremi de Educaci\u00f3n, Alyson Hadad, junto al Delegado Presidencial Fabio L\u00f3pez Aguilera y el seremi de Seguridad P\u00fablica, Rodolfo N\u00fa\u00f1ez, anunciaron el inicio de una nueva estrategia producto del trabajo intersectorial con diversas entidades para brindar respuestas oportunas ante situaciones de violencia al interior o entorno inmediato de establecimientos educacionales.<\/em><\/p>\n\n\n\n<p>Los titulares regionales del Ministerio de Educaci\u00f3n y la Subsecretar\u00eda de Prevenci\u00f3n del Delito, en compa\u00f1\u00eda del Delegado Presidencial, anunciaron la implementaci\u00f3n de Patrullajes Preventivos Inteligentes en entornos educativos de la comuna de Rancagua. De este modo y mediante una innovadora soluci\u00f3n tecnol\u00f3gica basada en inteligencia artificial, se busca optimizar la seguridad alrededor de unidades educativas.<\/p>\n\n\n\n<p>La implementaci\u00f3n del Patrullaje Preventivo Inteligente en entornos educativos se enmarca en el Programa Comunidades Educativas Protegidas, iniciativa intersectorial del Ministerio de Educaci\u00f3n con apoyo de la Subsecretar\u00eda de Prevenci\u00f3n del Delito, Subsecretar\u00eda de la Ni\u00f1ez, SUPREDUC, SENDA, Habilidades para la Vida y Programa Lazos.<\/p>\n\n\n\n<p>\u201cDesde el 2024 hemos estado participando de mesas de trabajo intersectoriales regionales y comunales para abordar el tema de la violencia generada dentro y fuera de espacios educativos; por tanto, realizar acciones preventivas que impidan que por hechos de violencia o inseguridad nuestras ni\u00f1as, ni\u00f1os y adolescentes falten a clases es fundamental como Ministerio de Educaci\u00f3n y queremos un segundo semestre donde nadie falte\u201d, explic\u00f3 la seremi de Educaci\u00f3n, Alyson Hadad.<\/p>\n\n\n\n<figure class=\"wp-block-image size-large\"><img loading=\"lazy\" decoding=\"async\" width=\"1024\" height=\"768\" src=\"https:\/\/www.rengoenlanoticia.cl\/prensa\/wp-content\/uploads\/2025\/07\/seremi-seguridad-publica-1024x768.jpeg\" alt=\"\" class=\"wp-image-4380\" srcset=\"https:\/\/www.rengoenlanoticia.cl\/prensa\/wp-content\/uploads\/2025\/07\/seremi-seguridad-publica-1024x768.jpeg 1024w, https:\/\/www.rengoenlanoticia.cl\/prensa\/wp-content\/uploads\/2025\/07\/seremi-seguridad-publica-300x225.jpeg 300w, https:\/\/www.rengoenlanoticia.cl\/prensa\/wp-content\/uploads\/2025\/07\/seremi-seguridad-publica-768x576.jpeg 768w, https:\/\/www.rengoenlanoticia.cl\/prensa\/wp-content\/uploads\/2025\/07\/seremi-seguridad-publica-1536x1152.jpeg 1536w, https:\/\/www.rengoenlanoticia.cl\/prensa\/wp-content\/uploads\/2025\/07\/seremi-seguridad-publica-110x83.jpeg 110w, https:\/\/www.rengoenlanoticia.cl\/prensa\/wp-content\/uploads\/2025\/07\/seremi-seguridad-publica-200x150.jpeg 200w, https:\/\/www.rengoenlanoticia.cl\/prensa\/wp-content\/uploads\/2025\/07\/seremi-seguridad-publica-380x285.jpeg 380w, https:\/\/www.rengoenlanoticia.cl\/prensa\/wp-content\/uploads\/2025\/07\/seremi-seguridad-publica-255x191.jpeg 255w, https:\/\/www.rengoenlanoticia.cl\/prensa\/wp-content\/uploads\/2025\/07\/seremi-seguridad-publica-550x413.jpeg 550w, https:\/\/www.rengoenlanoticia.cl\/prensa\/wp-content\/uploads\/2025\/07\/seremi-seguridad-publica-800x600.jpeg 800w, https:\/\/www.rengoenlanoticia.cl\/prensa\/wp-content\/uploads\/2025\/07\/seremi-seguridad-publica-1160x870.jpeg 1160w, https:\/\/www.rengoenlanoticia.cl\/prensa\/wp-content\/uploads\/2025\/07\/seremi-seguridad-publica.jpeg 1600w\" sizes=\"auto, (max-width: 1024px) 100vw, 1024px\" \/><\/figure>\n\n\n\n<p>Los Patrullajes Preventivos Inteligentes son una pol\u00edtica p\u00fablica que ya muestra resultados concretos en aquellas comunas donde se ejecutan, registr\u00e1ndose una disminuci\u00f3n de un 16% en la comisi\u00f3n de delitos seg\u00fan datos de la Subsecretar\u00eda de Prevenci\u00f3n del Delito.<\/p>\n\n\n\n<p>Respecto a esta nueva iniciativa, el seremi de Seguridad P\u00fablica, Rodolfo N\u00fa\u00f1ez, se\u00f1al\u00f3: \u201cSabemos que la seguridad en los entornos escolares es una preocupaci\u00f3n creciente para muchas comunidades educativas. Por eso, como Ministerio de Seguridad ya estamos trabajando en la implementaci\u00f3n del Patrullaje Preventivo Inteligente, una herramienta basada en datos y evidencia que ha demostrado reducir los delitos en las zonas donde se aplica. Actualmente estamos en fase de instalaci\u00f3n del sistema que, en la regi\u00f3n, se espera implementar en la comuna de Rancagua. Los establecimientos que ser\u00e1n priorizados se definir\u00e1n en base a criterios de riesgo y demanda local, siempre en coordinaci\u00f3n con la municipalidad y las propias comunidades escolares. Nuestra meta es avanzar hacia entornos educativos m\u00e1s seguros, sin improvisaciones, con estrategias focalizadas y efectivas\u201d, declar\u00f3 la autoridad.<\/p>\n","protected":false},"excerpt":{"rendered":"Hechos delictivos, incivilidades, violencia en el entorno, entre otros incidentes, afectan a comunidades educativas a lo largo del&hellip;\n","protected":false},"author":2,"featured_media":4379,"comment_status":"open","ping_status":"open","sticky":false,"template":"","format":"standard","meta":{"_monsterinsights_skip_tracking":false,"_monsterinsights_sitenote_active":false,"_monsterinsights_sitenote_note":"","_monsterinsights_sitenote_category":0,"footnotes":""},"categories":[8],"tags":[],"class_list":{"0":"post-4378","1":"post","2":"type-post","3":"status-publish","4":"format-standard","5":"has-post-thumbnail","7":"category-portada"},"aioseo_notices":[],"_links":{"self":[{"href":"https:\/\/www.rengoenlanoticia.cl\/prensa\/wp-json\/wp\/v2\/posts\/4378","targetHints":{"allow":["GET"]}}],"collection":[{"href":"https:\/\/www.rengoenlanoticia.cl\/prensa\/wp-json\/wp\/v2\/posts"}],"about":[{"href":"https:\/\/www.rengoenlanoticia.cl\/prensa\/wp-json\/wp\/v2\/types\/post"}],"author":[{"embeddable":true,"href":"https:\/\/www.rengoenlanoticia.cl\/prensa\/wp-json\/wp\/v2\/users\/2"}],"replies":[{"embeddable":true,"href":"https:\/\/www.rengoenlanoticia.cl\/prensa\/wp-json\/wp\/v2\/comments?post=4378"}],"version-history":[{"count":2,"href":"https:\/\/www.rengoenlanoticia.cl\/prensa\/wp-json\/wp\/v2\/posts\/4378\/revisions"}],"predecessor-version":[{"id":4387,"href":"https:\/\/www.rengoenlanoticia.cl\/prensa\/wp-json\/wp\/v2\/posts\/4378\/revisions\/4387"}],"wp:featuredmedia":[{"embeddable":true,"href":"https:\/\/www.rengoenlanoticia.cl\/prensa\/wp-json\/wp\/v2\/media\/4379"}],"wp:attachment":[{"href":"https:\/\/www.rengoenlanoticia.cl\/prensa\/wp-json\/wp\/v2\/media?parent=4378"}],"wp:term":[{"taxonomy":"category","embeddable":true,"href":"https:\/\/www.rengoenlanoticia.cl\/prensa\/wp-json\/wp\/v2\/categories?post=4378"},{"taxonomy":"post_tag","embeddable":true,"href":"https:\/\/www.rengoenlanoticia.cl\/prensa\/wp-json\/wp\/v2\/tags?post=4378"}],"curies":[{"name":"wp","href":"https:\/\/api.w.org\/{rel}","templated":true}]}}