{"id":4375,"date":"2025-07-13T02:38:12","date_gmt":"2025-07-13T02:38:12","guid":{"rendered":"https:\/\/www.rengoenlanoticia.cl\/prensa\/?p=4375"},"modified":"2025-07-13T02:52:46","modified_gmt":"2025-07-13T02:52:46","slug":"cge-inaugura-oficina-tecnica-para-reforzar-operacion-y-calidad-de-servicio-en-las-comunas-de-las-cabras-peumo-y-pichidegua","status":"publish","type":"post","link":"https:\/\/www.rengoenlanoticia.cl\/prensa\/2025\/07\/13\/cge-inaugura-oficina-tecnica-para-reforzar-operacion-y-calidad-de-servicio-en-las-comunas-de-las-cabras-peumo-y-pichidegua\/","title":{"rendered":"CGE inaugura oficina t\u00e9cnica para reforzar operaci\u00f3n y calidad de servicio en las comunas de Las Cabras, Peumo y Pichidegua"},"content":{"rendered":"\n<p>La iniciativa se encuentra en el marco de los compromisos y acciones del Plan O\u2019Higgins de la Compa\u00f1\u00eda, que contempla inversi\u00f3n en infraestructura, equipamiento y despliegue de equipos t\u00e9cnicos especializados en terreno. &nbsp;<\/p>\n\n\n\n<p>Junto a autoridades locales y regionales, CGE, compa\u00f1\u00eda de distribuci\u00f3n el\u00e9ctrica que opera entre las regiones de Arica y Parinacota y La Araucan\u00eda, realiz\u00f3 la inauguraci\u00f3n de la oficina t\u00e9cnica correspondiente a la Delegaci\u00f3n Las Cabras, a cargo de realizar el seguimiento operativo y desarrollo de mejoras en infraestructura para las comunas de Las Cabras, Peumo y Pichidegua.<\/p>\n\n\n\n<p>Lo anterior, permitir\u00e1 agilizar los trabajos preventivos y de emergencia en terreno, sumando equipos t\u00e9cnicos especializados para el monitoreo y puesta en marcha de proyectos que apuntan a mejorar la calidad y continuidad del servicio el\u00e9ctrico en la zona.<\/p>\n\n\n\n<p>La Delegaci\u00f3n Las Cabras es parte de los compromisos y acciones del Plan O\u2019Higgins de CGE, que involucra una inversi\u00f3n local cercana a los 2.100 millones de pesos, considerando la construcci\u00f3n de la oficina t\u00e9cnica y el despliegue de capital humano t\u00e9cnico y calificado para ejecutar las iniciativas de mejora, crecimiento y renovaci\u00f3n de infraestructura el\u00e9ctrica para las comunas antes mencionadas.<\/p>\n\n\n\n<figure class=\"wp-block-image size-full\"><img loading=\"lazy\" decoding=\"async\" width=\"1024\" height=\"575\" src=\"https:\/\/www.rengoenlanoticia.cl\/prensa\/wp-content\/uploads\/2025\/07\/Inauguracion-1.jpg\" alt=\"\" class=\"wp-image-4384\" srcset=\"https:\/\/www.rengoenlanoticia.cl\/prensa\/wp-content\/uploads\/2025\/07\/Inauguracion-1.jpg 1024w, https:\/\/www.rengoenlanoticia.cl\/prensa\/wp-content\/uploads\/2025\/07\/Inauguracion-1-300x168.jpg 300w, https:\/\/www.rengoenlanoticia.cl\/prensa\/wp-content\/uploads\/2025\/07\/Inauguracion-1-768x431.jpg 768w, https:\/\/www.rengoenlanoticia.cl\/prensa\/wp-content\/uploads\/2025\/07\/Inauguracion-1-110x62.jpg 110w, https:\/\/www.rengoenlanoticia.cl\/prensa\/wp-content\/uploads\/2025\/07\/Inauguracion-1-200x112.jpg 200w, https:\/\/www.rengoenlanoticia.cl\/prensa\/wp-content\/uploads\/2025\/07\/Inauguracion-1-380x213.jpg 380w, https:\/\/www.rengoenlanoticia.cl\/prensa\/wp-content\/uploads\/2025\/07\/Inauguracion-1-255x143.jpg 255w, https:\/\/www.rengoenlanoticia.cl\/prensa\/wp-content\/uploads\/2025\/07\/Inauguracion-1-550x309.jpg 550w, https:\/\/www.rengoenlanoticia.cl\/prensa\/wp-content\/uploads\/2025\/07\/Inauguracion-1-800x449.jpg 800w\" sizes=\"auto, (max-width: 1024px) 100vw, 1024px\" \/><\/figure>\n\n\n\n<p>\u201cDesde CGE hemos trabajado coordinadamente con las autoridades locales, mapeando las necesidad y soluciones que permitan mejorar la calidad en el servicio el\u00e9ctrico en las tres comunas. En respuesta a ello, hemos inaugurado esta nueva oficina t\u00e9cnica con dedicaci\u00f3n exclusiva para Las Cabras, Peumo y Pichidegua, permitiendo monitorear en detalle la infraestructura el\u00e9ctrica de la zona, beneficiando con ello a m\u00e1s de 26 mil clientes\u201d, se\u00f1al\u00f3 Francisco Jaramillo, director Regional Centro de CGE.<\/p>\n\n\n\n<p><strong>Mejoras en la calidad de servicio<\/strong><\/p>\n\n\n\n<p>El equipo t\u00e9cnico zonal ha ejecutado diversos proyectos desde su creaci\u00f3n el a\u00f1o 2023, que incluye la construcci\u00f3n de nuevas redes de media tensi\u00f3n e instalaci\u00f3n de nuevos transformadores, as\u00ed como aumentos de potencias, refuerzo en las l\u00edneas de baja y media tensi\u00f3n y un importante trabajo de despeje de vegetaci\u00f3n cercana a las redes el\u00e9ctricas.<\/p>\n\n\n\n<figure class=\"wp-block-image size-full\"><img loading=\"lazy\" decoding=\"async\" width=\"1024\" height=\"575\" src=\"https:\/\/www.rengoenlanoticia.cl\/prensa\/wp-content\/uploads\/2025\/07\/Inauguracion-5-1.jpg\" alt=\"\" class=\"wp-image-4385\" srcset=\"https:\/\/www.rengoenlanoticia.cl\/prensa\/wp-content\/uploads\/2025\/07\/Inauguracion-5-1.jpg 1024w, https:\/\/www.rengoenlanoticia.cl\/prensa\/wp-content\/uploads\/2025\/07\/Inauguracion-5-1-300x168.jpg 300w, https:\/\/www.rengoenlanoticia.cl\/prensa\/wp-content\/uploads\/2025\/07\/Inauguracion-5-1-768x431.jpg 768w, https:\/\/www.rengoenlanoticia.cl\/prensa\/wp-content\/uploads\/2025\/07\/Inauguracion-5-1-110x62.jpg 110w, https:\/\/www.rengoenlanoticia.cl\/prensa\/wp-content\/uploads\/2025\/07\/Inauguracion-5-1-200x112.jpg 200w, https:\/\/www.rengoenlanoticia.cl\/prensa\/wp-content\/uploads\/2025\/07\/Inauguracion-5-1-380x213.jpg 380w, https:\/\/www.rengoenlanoticia.cl\/prensa\/wp-content\/uploads\/2025\/07\/Inauguracion-5-1-255x143.jpg 255w, https:\/\/www.rengoenlanoticia.cl\/prensa\/wp-content\/uploads\/2025\/07\/Inauguracion-5-1-550x309.jpg 550w, https:\/\/www.rengoenlanoticia.cl\/prensa\/wp-content\/uploads\/2025\/07\/Inauguracion-5-1-800x449.jpg 800w\" sizes=\"auto, (max-width: 1024px) 100vw, 1024px\" \/><\/figure>\n\n\n\n<p>\u201cEs un avance significativo tener la Delegaci\u00f3n Las Cabras en este territorio. Estamos muy contentos como comunidad, como ciudadanos y alcalde porque esto va a optimizar los recursos y el tiempo efectivo en soluci\u00f3n a los temas del suministro el\u00e9ctrico. Agradecemos a la Compa\u00f1\u00eda este trabajo p\u00fablico-privado con nuestra municipalidad, lo<\/p>\n\n\n\n<p>cual mejorar\u00e1 la calidad de vida de nuestra gente\u201d, asegur\u00f3 Juan Pablo Flores, alcalde de la comuna de Las Cabras.<\/p>\n\n\n\n<p>Esta Delegaci\u00f3n es una acci\u00f3n temprana en el marco del plan especial de inversi\u00f3n de la Compa\u00f1\u00eda, el cual considera mejoras en insfraestructura existente y desarrollo de nuevos proyectos para las regiones donde opera CGE.<\/p>\n\n\n\n<p>\u201cDesde hoy, los t\u00e9cnicos y profesionales a cargo de Las Cabras, Pichidegua y Peumo podr\u00e1n disponer de instalaciones de primer nivel y adem\u00e1s, ayudar\u00e1n a que los tiempos de respuesta sean m\u00e1s \u00e1giles. La calidad de la energ\u00eda el\u00e9ctrica es parte de una necesidad imperiosa, cada vez m\u00e1s dependemos de la electricidad y por eso felicitamos los esfuerzos que est\u00e1 haciendo CGE, por llevar al territorio delegaciones que permitan que los tiempos de respuesta sean mucho mejores\u201d, se\u00f1al\u00f3&nbsp;Claudio Mart\u00ednez, seremi de Energ\u00eda de O\u2019Higgins.<\/p>\n\n\n\n<p><strong>Apoyo al desarrollo local<\/strong><\/p>\n\n\n\n<p>Como parte de su estrategia de vinculaci\u00f3n con la comunidad y apoyo a las econom\u00edas creativas locales, CGE convoc\u00f3 a la artista muralista Cynthia Acu\u00f1a y el fot\u00f3grafo Guido Acu\u00f1a, quienes retrataron los paisajes, la flora y fauna caracter\u00edsticos de la zona. Elementos tales como molinos de agua, palmas de Cocal\u00e1n y el Lago Rapel, son parte de los atractivos emblema que acompa\u00f1ar\u00e1n esta nueva infraestructura, cuya inversi\u00f3n alcanz\u00f3 los 380.000 d\u00f3lares.<\/p>\n\n\n\n<p><strong>Consejo<\/strong><\/p>\n\n\n\n<p>\u201cCGE reitera el peligro de aproximarse a las redes e infraestructura el\u00e9ctrica y hace un llamado a sus clientes a tomar algunas medidas de seguridad para evitar accidentes, como no acercarse a conductores o cables da\u00f1ados o que est\u00e9n en el suelo, ya que podr\u00edan estar energizados. En caso de emergencia, puedes comunicarte con la empresa a trav\u00e9s del n\u00famero de atenci\u00f3n gratuito 800 800 767; la cuenta de Twitter @CGE_Clientes, la p\u00e1gina web <a href=\"http:\/\/www.cge.cl\">www.cge.cl<\/a>, la aplicaci\u00f3n m\u00f3vil CGE 1click\u201d.<\/p>\n\n\n\n<p><\/p>\n","protected":false},"excerpt":{"rendered":"La iniciativa se encuentra en el marco de los compromisos y acciones del Plan O\u2019Higgins de la Compa\u00f1\u00eda,&hellip;\n","protected":false},"author":2,"featured_media":4382,"comment_status":"open","ping_status":"open","sticky":false,"template":"","format":"standard","meta":{"_monsterinsights_skip_tracking":false,"_monsterinsights_sitenote_active":false,"_monsterinsights_sitenote_note":"","_monsterinsights_sitenote_category":0,"footnotes":""},"categories":[8],"tags":[],"class_list":{"0":"post-4375","1":"post","2":"type-post","3":"status-publish","4":"format-standard","5":"has-post-thumbnail","7":"category-portada"},"aioseo_notices":[],"_links":{"self":[{"href":"https:\/\/www.rengoenlanoticia.cl\/prensa\/wp-json\/wp\/v2\/posts\/4375","targetHints":{"allow":["GET"]}}],"collection":[{"href":"https:\/\/www.rengoenlanoticia.cl\/prensa\/wp-json\/wp\/v2\/posts"}],"about":[{"href":"https:\/\/www.rengoenlanoticia.cl\/prensa\/wp-json\/wp\/v2\/types\/post"}],"author":[{"embeddable":true,"href":"https:\/\/www.rengoenlanoticia.cl\/prensa\/wp-json\/wp\/v2\/users\/2"}],"replies":[{"embeddable":true,"href":"https:\/\/www.rengoenlanoticia.cl\/prensa\/wp-json\/wp\/v2\/comments?post=4375"}],"version-history":[{"count":4,"href":"https:\/\/www.rengoenlanoticia.cl\/prensa\/wp-json\/wp\/v2\/posts\/4375\/revisions"}],"predecessor-version":[{"id":4393,"href":"https:\/\/www.rengoenlanoticia.cl\/prensa\/wp-json\/wp\/v2\/posts\/4375\/revisions\/4393"}],"wp:featuredmedia":[{"embeddable":true,"href":"https:\/\/www.rengoenlanoticia.cl\/prensa\/wp-json\/wp\/v2\/media\/4382"}],"wp:attachment":[{"href":"https:\/\/www.rengoenlanoticia.cl\/prensa\/wp-json\/wp\/v2\/media?parent=4375"}],"wp:term":[{"taxonomy":"category","embeddable":true,"href":"https:\/\/www.rengoenlanoticia.cl\/prensa\/wp-json\/wp\/v2\/categories?post=4375"},{"taxonomy":"post_tag","embeddable":true,"href":"https:\/\/www.rengoenlanoticia.cl\/prensa\/wp-json\/wp\/v2\/tags?post=4375"}],"curies":[{"name":"wp","href":"https:\/\/api.w.org\/{rel}","templated":true}]}}