{"id":4370,"date":"2025-07-11T02:34:42","date_gmt":"2025-07-11T02:34:42","guid":{"rendered":"https:\/\/www.rengoenlanoticia.cl\/prensa\/?p=4370"},"modified":"2025-07-11T02:34:44","modified_gmt":"2025-07-11T02:34:44","slug":"carabineros-de-rengo-detienen-a-2-sujetos-por-delito-de-robo-con-intimidacion","status":"publish","type":"post","link":"https:\/\/www.rengoenlanoticia.cl\/prensa\/2025\/07\/11\/carabineros-de-rengo-detienen-a-2-sujetos-por-delito-de-robo-con-intimidacion\/","title":{"rendered":"Carabineros de Rengo detienen a 2 sujetos por delito de robo con intimidaci\u00f3n"},"content":{"rendered":"\n<p>EL Capit\u00e1n de Carabineros y Comisario de la 4ta Comisar\u00eda Rengo Juan Ram\u00edrez Madriaga les informa que por medio de la denuncia realizada el 9 de Julio por una adulta mayor v\u00edctima de robo con intimidaci\u00f3n, la Secci\u00f3n de Investigaci\u00f3n Policial SIP Y Personal que realiza servicio en la Poblaci\u00f3n, lograron la detenci\u00f3n de F.I.G.M, chileno de 25 y J.A.C.O DE 28 A\u00d1OS, Chileno ambos con antecedentes penales nada vigente. Quedando ambos detenidos por el Delito de Robo con intimidaci\u00f3n quedando ambos a disposici\u00f3n de la Fiscal\u00eda Local de Rengo<br>Se hace presente que el Personal de la 4ta Comisar\u00eda Rengo y conforme a los Lineamientos de Nuestro General Director Estamos en todo momento para tomarnos las calles y recuperar las Calles de esta Comuna, brindado siempre seguridad a nuestra Comuna<\/p>\n","protected":false},"excerpt":{"rendered":"EL Capit\u00e1n de Carabineros y Comisario de la 4ta Comisar\u00eda Rengo Juan Ram\u00edrez Madriaga les informa que por&hellip;\n","protected":false},"author":2,"featured_media":4371,"comment_status":"open","ping_status":"open","sticky":false,"template":"","format":"standard","meta":{"_monsterinsights_skip_tracking":false,"_monsterinsights_sitenote_active":false,"_monsterinsights_sitenote_note":"","_monsterinsights_sitenote_category":0,"footnotes":""},"categories":[5,8],"tags":[],"class_list":{"0":"post-4370","1":"post","2":"type-post","3":"status-publish","4":"format-standard","5":"has-post-thumbnail","7":"category-policial","8":"category-portada"},"aioseo_notices":[],"_links":{"self":[{"href":"https:\/\/www.rengoenlanoticia.cl\/prensa\/wp-json\/wp\/v2\/posts\/4370","targetHints":{"allow":["GET"]}}],"collection":[{"href":"https:\/\/www.rengoenlanoticia.cl\/prensa\/wp-json\/wp\/v2\/posts"}],"about":[{"href":"https:\/\/www.rengoenlanoticia.cl\/prensa\/wp-json\/wp\/v2\/types\/post"}],"author":[{"embeddable":true,"href":"https:\/\/www.rengoenlanoticia.cl\/prensa\/wp-json\/wp\/v2\/users\/2"}],"replies":[{"embeddable":true,"href":"https:\/\/www.rengoenlanoticia.cl\/prensa\/wp-json\/wp\/v2\/comments?post=4370"}],"version-history":[{"count":3,"href":"https:\/\/www.rengoenlanoticia.cl\/prensa\/wp-json\/wp\/v2\/posts\/4370\/revisions"}],"predecessor-version":[{"id":4374,"href":"https:\/\/www.rengoenlanoticia.cl\/prensa\/wp-json\/wp\/v2\/posts\/4370\/revisions\/4374"}],"wp:featuredmedia":[{"embeddable":true,"href":"https:\/\/www.rengoenlanoticia.cl\/prensa\/wp-json\/wp\/v2\/media\/4371"}],"wp:attachment":[{"href":"https:\/\/www.rengoenlanoticia.cl\/prensa\/wp-json\/wp\/v2\/media?parent=4370"}],"wp:term":[{"taxonomy":"category","embeddable":true,"href":"https:\/\/www.rengoenlanoticia.cl\/prensa\/wp-json\/wp\/v2\/categories?post=4370"},{"taxonomy":"post_tag","embeddable":true,"href":"https:\/\/www.rengoenlanoticia.cl\/prensa\/wp-json\/wp\/v2\/tags?post=4370"}],"curies":[{"name":"wp","href":"https:\/\/api.w.org\/{rel}","templated":true}]}}