{"id":4361,"date":"2025-07-11T02:27:15","date_gmt":"2025-07-11T02:27:15","guid":{"rendered":"https:\/\/www.rengoenlanoticia.cl\/prensa\/?p=4361"},"modified":"2025-07-11T02:27:17","modified_gmt":"2025-07-11T02:27:17","slug":"senador-juan-luis-castro-valora-proyecto-que-homologa-licencias-medicas-y-refuerza-la-fiscalizacion","status":"publish","type":"post","link":"https:\/\/www.rengoenlanoticia.cl\/prensa\/2025\/07\/11\/senador-juan-luis-castro-valora-proyecto-que-homologa-licencias-medicas-y-refuerza-la-fiscalizacion\/","title":{"rendered":"Senador Juan Luis Castro valora proyecto que homologa licencias m\u00e9dicas y refuerza la fiscalizaci\u00f3n"},"content":{"rendered":"\n<p><em>La iniciativa establece reglas comunes para el pago del reposo en el sector p\u00fablico y privado.<\/em><\/p>\n\n\n\n<p>El senador por la regi\u00f3n de O&#8217;Higgins, Juan Luis Castro, destac\u00f3 el ingreso al Congreso del proyecto de ley que busca poner fin a las brechas y desigualdades en el pago de subsidios por licencias m\u00e9dicas, as\u00ed como fortalecer los controles para evitar fraudes que afectan al sistema de salud y al Estado.<\/p>\n\n\n\n<p>La iniciativa, presentada por el Gobierno, establece que todas las licencias \u2014tanto de trabajadores del sector p\u00fablico como del privado\u2014 tendr\u00e1n las mismas reglas en cuanto a los d\u00edas de carencia. En concreto, se fija en 2 d\u00edas sin pago aplicable a todos los casos, corrigiendo la diferencia que hoy existe entre licencias cortas y largas.<\/p>\n\n\n\n<p>Adem\u00e1s, el proyecto propone que el subsidio sea pagado \u00fanicamente despu\u00e9s de verificar y certificar el reposo y el diagn\u00f3stico m\u00e9dico, buscando evitar la emisi\u00f3n indiscriminada de licencias. Junto con ello, se refuerza la fiscalizaci\u00f3n de la COMPIN, especialmente luego de conocerse situaciones como la de m\u00e1s de 25 mil funcionarios p\u00fablicos que salieron del pa\u00eds mientras estaban con licencia m\u00e9dica, seg\u00fan detect\u00f3 la Contralor\u00eda.<\/p>\n\n\n\n<p>Al respecto, el senador Juan Luis Castro afirm\u00f3: \u00abEste nuevo proyecto de ley que regula el subsidio por licencia m\u00e9dica trae cosas importantes de una vez por todas. No va a haber distinci\u00f3n entre un funcionario p\u00fablico y un trabajador del mundo privado. Todos con las mismas reglas ya todos se les paga ese subsidio despu\u00e9s de cumplido y verificado el reposo y el diagn\u00f3stico, no antes como ocurre en el aparato p\u00fablico\u00bb.<\/p>\n\n\n\n<p>El parlamentario tambi\u00e9n destac\u00f3 los incentivos para un uso responsable de las licencias. \u00abVan a haber hoy d\u00eda incentivos para que la licencia no est\u00e9 cargada a la licencia larga, como es hoy. Porque hoy d\u00eda se paga entera esa licencia larga a diferencia de la corta que se paga desde el cuarto d\u00eda. Ahora van a haber dos d\u00edas permanentes a todo evento de no pago\u00bb.<\/p>\n\n\n\n<p>Finalmente, el senador enfatiz\u00f3 la importancia de un control riguroso. \u00abExistir\u00e1 un control riguroso de la fiscalizaci\u00f3n para que de una vez por todos el fraude, ya sea desde que emite un m\u00e9dico licenciado o desde que hay un simulacro de enfermedad que nunca lo hubo, pase por todas las aduanas posibles para evitar el drama que aqu\u00ed se ha denunciado por la Contralor\u00eda. Yo creo que es un buen proyecto de ley, avanza en la l\u00ednea correcta y espero que lo saquemos muy pronto\u00bb.<\/p>\n","protected":false},"excerpt":{"rendered":"La iniciativa establece reglas comunes para el pago del reposo en el sector p\u00fablico y privado. El senador&hellip;\n","protected":false},"author":1,"featured_media":4364,"comment_status":"open","ping_status":"open","sticky":false,"template":"","format":"standard","meta":{"_monsterinsights_skip_tracking":false,"_monsterinsights_sitenote_active":false,"_monsterinsights_sitenote_note":"","_monsterinsights_sitenote_category":0,"footnotes":""},"categories":[11,8],"tags":[],"class_list":{"0":"post-4361","1":"post","2":"type-post","3":"status-publish","4":"format-standard","5":"has-post-thumbnail","7":"category-politica","8":"category-portada"},"aioseo_notices":[],"_links":{"self":[{"href":"https:\/\/www.rengoenlanoticia.cl\/prensa\/wp-json\/wp\/v2\/posts\/4361","targetHints":{"allow":["GET"]}}],"collection":[{"href":"https:\/\/www.rengoenlanoticia.cl\/prensa\/wp-json\/wp\/v2\/posts"}],"about":[{"href":"https:\/\/www.rengoenlanoticia.cl\/prensa\/wp-json\/wp\/v2\/types\/post"}],"author":[{"embeddable":true,"href":"https:\/\/www.rengoenlanoticia.cl\/prensa\/wp-json\/wp\/v2\/users\/1"}],"replies":[{"embeddable":true,"href":"https:\/\/www.rengoenlanoticia.cl\/prensa\/wp-json\/wp\/v2\/comments?post=4361"}],"version-history":[{"count":3,"href":"https:\/\/www.rengoenlanoticia.cl\/prensa\/wp-json\/wp\/v2\/posts\/4361\/revisions"}],"predecessor-version":[{"id":4368,"href":"https:\/\/www.rengoenlanoticia.cl\/prensa\/wp-json\/wp\/v2\/posts\/4361\/revisions\/4368"}],"wp:featuredmedia":[{"embeddable":true,"href":"https:\/\/www.rengoenlanoticia.cl\/prensa\/wp-json\/wp\/v2\/media\/4364"}],"wp:attachment":[{"href":"https:\/\/www.rengoenlanoticia.cl\/prensa\/wp-json\/wp\/v2\/media?parent=4361"}],"wp:term":[{"taxonomy":"category","embeddable":true,"href":"https:\/\/www.rengoenlanoticia.cl\/prensa\/wp-json\/wp\/v2\/categories?post=4361"},{"taxonomy":"post_tag","embeddable":true,"href":"https:\/\/www.rengoenlanoticia.cl\/prensa\/wp-json\/wp\/v2\/tags?post=4361"}],"curies":[{"name":"wp","href":"https:\/\/api.w.org\/{rel}","templated":true}]}}