{"id":4352,"date":"2025-07-11T02:19:24","date_gmt":"2025-07-11T02:19:24","guid":{"rendered":"https:\/\/www.rengoenlanoticia.cl\/prensa\/?p=4352"},"modified":"2025-07-11T02:19:31","modified_gmt":"2025-07-11T02:19:31","slug":"defensoria-previsional-diputada-marta-gonzalez-llama-a-crear-institucion-que-defienda-a-cotizantes-ante-eventuales-abusos-de-las-afp","status":"publish","type":"post","link":"https:\/\/www.rengoenlanoticia.cl\/prensa\/2025\/07\/11\/defensoria-previsional-diputada-marta-gonzalez-llama-a-crear-institucion-que-defienda-a-cotizantes-ante-eventuales-abusos-de-las-afp\/","title":{"rendered":"Defensor\u00eda Previsional: diputada Marta Gonz\u00e1lez llama a crear instituci\u00f3n que defienda a cotizantes ante eventuales abusos de las AFP"},"content":{"rendered":"\n<p>La Diputada de la Regi\u00f3n de O\u2019Higgins <strong>Marta Gonz\u00e1lez <\/strong>respald\u00f3 el proyecto de Reforma Constitucional presentado por la Bancada PPD-Independientes y encabezado por el Diputado Carlos Bianchi, que busca crear la <strong>Defensor\u00eda Previsional.<\/strong><\/p>\n\n\n\n<p>Esta nueva entidad tendr\u00eda como objetivo supervigilar el adecuado ejercicio del derecho a la seguridad social y entregar apoyo concreto a los afiliados del sistema previsional, mediante una <strong>institucionalidad similar al SERNAC<\/strong>, pero enfocada exclusivamente en<strong> materias previsionales, que entregue orientaci\u00f3n, atenci\u00f3n a reclamos y acompa\u00f1amiento a los afiliados.<\/strong><\/p>\n\n\n\n<p>La Diputada Gonz\u00e1lez fue enf\u00e1tica al se\u00f1alar las dificultades que enfrentan actualmente los cotizantes: \u201cHemos visto en este periodo la brutalidad de la discusi\u00f3n en el sistema de pensiones. <strong>Hemos visto c\u00f3mo las AFP se han resistido a definir con claridad las pensiones y todav\u00eda tienen capturados a los cotizantes y al esfuerzo de toda una vida laboral.\u201d<\/strong><\/p>\n\n\n\n<p>La parlamentaria de O\u2019Higgins hizo hincapi\u00e9 en la importancia de que las personas tengan <strong>acceso a informaci\u00f3n clara y oportuna sobre los cambios introducidos por la reforma<\/strong>: \u201cEste proyecto es de vital importancia para que los cotizantes, los trabajadores, los pr\u00f3ximos a pensionarse puedan tener claridad de qu\u00e9 es lo que se avanz\u00f3 con esta reforma previsional, y lo puedan usar con el mayor beneficio\u201d.<\/p>\n\n\n\n<figure class=\"wp-block-image size-large\"><img loading=\"lazy\" decoding=\"async\" width=\"1024\" height=\"682\" src=\"https:\/\/www.rengoenlanoticia.cl\/prensa\/wp-content\/uploads\/2025\/07\/WhatsApp-Image-2025-07-10-at-18.59.24-1-1024x682.jpeg\" alt=\"\" class=\"wp-image-4356\" srcset=\"https:\/\/www.rengoenlanoticia.cl\/prensa\/wp-content\/uploads\/2025\/07\/WhatsApp-Image-2025-07-10-at-18.59.24-1-1024x682.jpeg 1024w, https:\/\/www.rengoenlanoticia.cl\/prensa\/wp-content\/uploads\/2025\/07\/WhatsApp-Image-2025-07-10-at-18.59.24-1-300x200.jpeg 300w, https:\/\/www.rengoenlanoticia.cl\/prensa\/wp-content\/uploads\/2025\/07\/WhatsApp-Image-2025-07-10-at-18.59.24-1-768x512.jpeg 768w, https:\/\/www.rengoenlanoticia.cl\/prensa\/wp-content\/uploads\/2025\/07\/WhatsApp-Image-2025-07-10-at-18.59.24-1-1536x1023.jpeg 1536w, https:\/\/www.rengoenlanoticia.cl\/prensa\/wp-content\/uploads\/2025\/07\/WhatsApp-Image-2025-07-10-at-18.59.24-1-110x73.jpeg 110w, https:\/\/www.rengoenlanoticia.cl\/prensa\/wp-content\/uploads\/2025\/07\/WhatsApp-Image-2025-07-10-at-18.59.24-1-200x133.jpeg 200w, https:\/\/www.rengoenlanoticia.cl\/prensa\/wp-content\/uploads\/2025\/07\/WhatsApp-Image-2025-07-10-at-18.59.24-1-380x253.jpeg 380w, https:\/\/www.rengoenlanoticia.cl\/prensa\/wp-content\/uploads\/2025\/07\/WhatsApp-Image-2025-07-10-at-18.59.24-1-255x170.jpeg 255w, https:\/\/www.rengoenlanoticia.cl\/prensa\/wp-content\/uploads\/2025\/07\/WhatsApp-Image-2025-07-10-at-18.59.24-1-550x366.jpeg 550w, https:\/\/www.rengoenlanoticia.cl\/prensa\/wp-content\/uploads\/2025\/07\/WhatsApp-Image-2025-07-10-at-18.59.24-1-800x533.jpeg 800w, https:\/\/www.rengoenlanoticia.cl\/prensa\/wp-content\/uploads\/2025\/07\/WhatsApp-Image-2025-07-10-at-18.59.24-1-1160x773.jpeg 1160w, https:\/\/www.rengoenlanoticia.cl\/prensa\/wp-content\/uploads\/2025\/07\/WhatsApp-Image-2025-07-10-at-18.59.24-1.jpeg 1600w\" sizes=\"auto, (max-width: 1024px) 100vw, 1024px\" \/><\/figure>\n\n\n\n<p>Gonz\u00e1lez tambi\u00e9n llam\u00f3 a seguir avanzando en una institucionalidad que garantice derechos previsionales reales:<strong> \u201cEsperamos que en los siguientes periodos legislativos se avance con mayor decisi\u00f3n para que la seguridad social est\u00e9 garantizada<\/strong>, y el Estado sea garante y resguarde efectivamente los fondos de pensiones de las y los trabajadores\u201d.<\/p>\n\n\n\n<p>Finalmente, recalc\u00f3 que a\u00fan existen temas estructurales sin resolver: <strong>\u201cTodav\u00eda nos quedan al debe esta libertad de elegir o el derecho a decidir, porque todav\u00eda las AFP son monopolio en nuestro pa\u00eds.\u201d<\/strong><\/p>\n","protected":false},"excerpt":{"rendered":"La Diputada de la Regi\u00f3n de O\u2019Higgins Marta Gonz\u00e1lez respald\u00f3 el proyecto de Reforma Constitucional presentado por la&hellip;\n","protected":false},"author":1,"featured_media":4357,"comment_status":"open","ping_status":"open","sticky":false,"template":"","format":"standard","meta":{"_monsterinsights_skip_tracking":false,"_monsterinsights_sitenote_active":false,"_monsterinsights_sitenote_note":"","_monsterinsights_sitenote_category":0,"footnotes":""},"categories":[11,8],"tags":[],"class_list":{"0":"post-4352","1":"post","2":"type-post","3":"status-publish","4":"format-standard","5":"has-post-thumbnail","7":"category-politica","8":"category-portada"},"aioseo_notices":[],"_links":{"self":[{"href":"https:\/\/www.rengoenlanoticia.cl\/prensa\/wp-json\/wp\/v2\/posts\/4352","targetHints":{"allow":["GET"]}}],"collection":[{"href":"https:\/\/www.rengoenlanoticia.cl\/prensa\/wp-json\/wp\/v2\/posts"}],"about":[{"href":"https:\/\/www.rengoenlanoticia.cl\/prensa\/wp-json\/wp\/v2\/types\/post"}],"author":[{"embeddable":true,"href":"https:\/\/www.rengoenlanoticia.cl\/prensa\/wp-json\/wp\/v2\/users\/1"}],"replies":[{"embeddable":true,"href":"https:\/\/www.rengoenlanoticia.cl\/prensa\/wp-json\/wp\/v2\/comments?post=4352"}],"version-history":[{"count":3,"href":"https:\/\/www.rengoenlanoticia.cl\/prensa\/wp-json\/wp\/v2\/posts\/4352\/revisions"}],"predecessor-version":[{"id":4363,"href":"https:\/\/www.rengoenlanoticia.cl\/prensa\/wp-json\/wp\/v2\/posts\/4352\/revisions\/4363"}],"wp:featuredmedia":[{"embeddable":true,"href":"https:\/\/www.rengoenlanoticia.cl\/prensa\/wp-json\/wp\/v2\/media\/4357"}],"wp:attachment":[{"href":"https:\/\/www.rengoenlanoticia.cl\/prensa\/wp-json\/wp\/v2\/media?parent=4352"}],"wp:term":[{"taxonomy":"category","embeddable":true,"href":"https:\/\/www.rengoenlanoticia.cl\/prensa\/wp-json\/wp\/v2\/categories?post=4352"},{"taxonomy":"post_tag","embeddable":true,"href":"https:\/\/www.rengoenlanoticia.cl\/prensa\/wp-json\/wp\/v2\/tags?post=4352"}],"curies":[{"name":"wp","href":"https:\/\/api.w.org\/{rel}","templated":true}]}}