{"id":4350,"date":"2025-07-11T02:18:05","date_gmt":"2025-07-11T02:18:05","guid":{"rendered":"https:\/\/www.rengoenlanoticia.cl\/prensa\/?p=4350"},"modified":"2025-07-11T02:18:09","modified_gmt":"2025-07-11T02:18:09","slug":"mas-de-200-personas-participaron-en-agroevento-el-encuentro-internacional-sobre-agricultura-inteligente-y-sostenible-en-ohiggins","status":"publish","type":"post","link":"https:\/\/www.rengoenlanoticia.cl\/prensa\/2025\/07\/11\/mas-de-200-personas-participaron-en-agroevento-el-encuentro-internacional-sobre-agricultura-inteligente-y-sostenible-en-ohiggins\/","title":{"rendered":"M\u00e1s de 200 personas participaron en AgroEvento, el encuentro internacional sobre agricultura inteligente y sostenible en O\u2019Higgins"},"content":{"rendered":"\n<p>Con una destacada participaci\u00f3n de agricultores, autoridades, emprendedores y representantes del mundo p\u00fablico y privado, se realiz\u00f3 con \u00e9xito <strong>AgroEvento<\/strong>, el segundo encuentro internacional organizado por <strong>Corporaci\u00f3n Pro O\u2019Higgins y Corfo O\u2019Higgins<\/strong>, enfocado en promover una agricultura m\u00e1s inteligente, sostenible y resiliente frente a los desaf\u00edos actuales del sector.<\/p>\n\n\n\n<p>La actividad se llev\u00f3 a cabo el pasado martes 8 de julio en el Club de Campo de San Fernando, en el marco del programa <strong>Impulsa O\u2019Higgins Fortalece<\/strong>, ejecutado por <strong>Pro O\u2019Higgins<\/strong> bajo el instrumento <strong>Viraliza de Corfo<\/strong>, con el objetivo de difundir herramientas, conocimientos y experiencias innovadoras que impulsen la transformaci\u00f3n del agro regional.<\/p>\n\n\n\n<p>\u201cEste encuentro, el segundo de tres que contempla Impulsa O\u2019Higgins Fortalece, busca justamente eso: viralizar informaci\u00f3n \u00fatil y entregar herramientas a los actores del agro regional para que puedan avanzar hacia una agricultura m\u00e1s eficiente, inteligente y sostenible\u201d, se\u00f1al\u00f3 Braulio Guzm\u00e1n, gerente general de Pro O\u2019Higgins.&nbsp;&nbsp;&nbsp;&nbsp;&nbsp;&nbsp;&nbsp;&nbsp;&nbsp;&nbsp;&nbsp;&nbsp;&nbsp;&nbsp;&nbsp;&nbsp;&nbsp;&nbsp;&nbsp;&nbsp;&nbsp;&nbsp;&nbsp;<\/p>\n\n\n\n<p>\u201cExisten m\u00faltiples oportunidades para hacer de la agricultura una actividad inteligente: desde el uso de datos para decisiones de riego, hasta la adopci\u00f3n de tecnolog\u00edas en las distintas etapas del ciclo productivo. Nuestro objetivo es que los agricultores se hagan nuevas preguntas y visualicen c\u00f3mo estas soluciones pueden mejorar su desempe\u00f1o\u201d, agreg\u00f3.<\/p>\n\n\n\n\n\n<p><strong>Tecnolog\u00eda, sostenibilidad e innovaci\u00f3n desde Chile y el mundo<\/strong><\/p>\n\n\n\n<p>La jornada cont\u00f3 con un s\u00f3lido programa t\u00e9cnico, con exposiciones de expertos nacionales e internacionales que compartieron soluciones aplicables a contextos como el de O\u2019Higgins, marcado por la escasez h\u00eddrica y la presi\u00f3n clim\u00e1tica.<\/p>\n\n\n\n<p>Entre los expositores destacaron:<\/p>\n\n\n\n<ul class=\"wp-block-list\">\n<li><strong>Mauricio Calder\u00f3n<\/strong>, coordinador agron\u00f3mico y de desarrollo de productos en Olivos Riego, quien present\u00f3 estrategias de eficiencia h\u00eddrica en cerezos.<\/li>\n\n\n\n<li><strong>Rodrigo Venegas<\/strong>, subgerente t\u00e9cnico en Copeval, con una charla sobre el uso de drones en la gesti\u00f3n agr\u00edcola.<\/li>\n\n\n\n<li><strong>Rodrigo Barr\u00eda<\/strong>, gerente agr\u00edcola en Vi\u00f1a Montes, quien abord\u00f3 su experiencia en manejo eficiente del recurso h\u00eddrico.<\/li>\n\n\n\n<li><strong>Claudia Stange<\/strong>, acad\u00e9mica de la Universidad de Chile, quien habl\u00f3 sobre biotecnolog\u00eda vegetal e innovaci\u00f3n para la seguridad alimentaria.<\/li>\n\n\n\n<li>Y el invitado internacional <strong>F\u00e9lix Tarrats<\/strong>, director del centro mexicano <strong>CEICKOR<\/strong>, quien expuso sobre el modelo de agricultura protegida desarrollado en su pa\u00eds.<\/li>\n<\/ul>\n\n\n\n<p>\u201cEn M\u00e9xico la agricultura protegida ha tenido un crecimiento notable. Usamos hidropon\u00eda con recirculaci\u00f3n del agua, lo que reduce significativamente la huella h\u00eddrica. Hoy contamos con m\u00e1s de 50 mil hect\u00e1reas de invernaderos en producci\u00f3n\u00bb, coment\u00f3 <strong>Tarrats<\/strong>.&nbsp;&nbsp;&nbsp;&nbsp;<\/p>\n\n\n\n<p>\u201cChile tiene un clima propicio para avanzar en esta l\u00ednea, especialmente en zonas donde ya se cultivan vi\u00f1edos. Lo importante es atreverse a innovar. A veces, cuando las cosas funcionan bien, no vemos la necesidad de cambiar, pero estos modelos no solo son sustentables, sino que tambi\u00e9n permiten producir m\u00e1s y mejor\u00bb, enfatiz\u00f3.<\/p>\n\n\n\n<p><strong>Un modelo de colaboraci\u00f3n regional<\/strong><\/p>\n\n\n\n<p>La realizaci\u00f3n de AgroEvento fue posible gracias a una amplia red de colaboraci\u00f3n p\u00fablico-privada que demuestra la capacidad regional para avanzar coordinadamente en temas de alto impacto para el desarrollo agr\u00edcola.<\/p>\n\n\n\n<figure class=\"wp-block-image size-large\"><img loading=\"lazy\" decoding=\"async\" width=\"1024\" height=\"536\" src=\"https:\/\/www.rengoenlanoticia.cl\/prensa\/wp-content\/uploads\/2025\/07\/Foto-2-1024x536.jpeg\" alt=\"\" class=\"wp-image-4354\" srcset=\"https:\/\/www.rengoenlanoticia.cl\/prensa\/wp-content\/uploads\/2025\/07\/Foto-2-1024x536.jpeg 1024w, https:\/\/www.rengoenlanoticia.cl\/prensa\/wp-content\/uploads\/2025\/07\/Foto-2-300x157.jpeg 300w, https:\/\/www.rengoenlanoticia.cl\/prensa\/wp-content\/uploads\/2025\/07\/Foto-2-768x402.jpeg 768w, https:\/\/www.rengoenlanoticia.cl\/prensa\/wp-content\/uploads\/2025\/07\/Foto-2-110x58.jpeg 110w, https:\/\/www.rengoenlanoticia.cl\/prensa\/wp-content\/uploads\/2025\/07\/Foto-2-200x105.jpeg 200w, https:\/\/www.rengoenlanoticia.cl\/prensa\/wp-content\/uploads\/2025\/07\/Foto-2-380x199.jpeg 380w, https:\/\/www.rengoenlanoticia.cl\/prensa\/wp-content\/uploads\/2025\/07\/Foto-2-255x133.jpeg 255w, https:\/\/www.rengoenlanoticia.cl\/prensa\/wp-content\/uploads\/2025\/07\/Foto-2-550x288.jpeg 550w, https:\/\/www.rengoenlanoticia.cl\/prensa\/wp-content\/uploads\/2025\/07\/Foto-2-800x419.jpeg 800w, https:\/\/www.rengoenlanoticia.cl\/prensa\/wp-content\/uploads\/2025\/07\/Foto-2-1160x607.jpeg 1160w, https:\/\/www.rengoenlanoticia.cl\/prensa\/wp-content\/uploads\/2025\/07\/Foto-2.jpeg 1280w\" sizes=\"auto, (max-width: 1024px) 100vw, 1024px\" \/><\/figure>\n\n\n\n<p>Entre las instituciones colaboradoras destacaron: <strong>Copeval, Olivos Riego, Horticrece, INIA Rayentu\u00e9, Vi\u00f1as de Colchagua, FIA<\/strong>, los <strong>Centros de Desarrollo de Negocios de San Fernando, Santa Cruz y Rancagua<\/strong>, <strong>Wedo Cowork, En Modo Emprendedor, Kinsa Partner, IncubatecUfro, MUNDO<\/strong>, y las <strong>municipalidades de Pichilemu y Navidad<\/strong>.<\/p>\n\n\n\n<p>\u201cDesde Corfo estamos comprometidos con impulsar la competitividad de nuestros sectores productivos \u2014agricultura, miner\u00eda, turismo\u2014 pero tambi\u00e9n con fomentar la sostenibilidad, la incorporaci\u00f3n de nuevas tecnolog\u00edas y la mejora de la calidad de vida en los territorios\u201d, indic\u00f3 \u00d3scar \u00c1vila, director regional de Corfo O\u2019Higgins.&nbsp;&nbsp;&nbsp;&nbsp;&nbsp;&nbsp;&nbsp;&nbsp;&nbsp;&nbsp;&nbsp;&nbsp;&nbsp;&nbsp;&nbsp; &nbsp;&nbsp;&nbsp;&nbsp;&nbsp;&nbsp;&nbsp;&nbsp;&nbsp;&nbsp;&nbsp;&nbsp;&nbsp;&nbsp;&nbsp;&nbsp;&nbsp;&nbsp;&nbsp;&nbsp;&nbsp;&nbsp;&nbsp;&nbsp;&nbsp;&nbsp;&nbsp;&nbsp;&nbsp;<\/p>\n\n\n\n<p>\u201cA trav\u00e9s de programas como Viraliza, en alianza con instituciones como Pro O\u2019Higgins, hemos logrado activar ecosistemas regionales y avanzar en una agenda de desarrollo m\u00e1s moderno e inclusivo para la regi\u00f3n\u201d, a\u00f1adi\u00f3.<\/p>\n\n\n\n<p><strong>Jornada de aprendizaje y nuevas oportunidades<\/strong><\/p>\n\n\n\n<p>Adem\u00e1s de contenidos t\u00e9cnicos de alto nivel, AgroEvento gener\u00f3 espacios de di\u00e1logo, networking y reflexi\u00f3n colectiva, concluyendo con un panel abierto de conversaci\u00f3n entre expertos y asistentes, donde se intercambiaron visiones sobre el futuro de la agricultura en la regi\u00f3n.<\/p>\n\n\n\n<p>Entre los asistentes, la actividad fue bien valorada, especialmente por quienes representan a la peque\u00f1a agricultura:<\/p>\n\n\n\n<p>\u201cMe encant\u00f3 esta jornada porque uno aprende muchas novedades, sobre todo en tecnolog\u00edas sostenibles, que son muy necesarias para los peque\u00f1os agricultores\u201d, coment\u00f3 Isabel Guerrero, presidenta de la Asociaci\u00f3n Gremial de Peque\u00f1os Agricultores de Chimbarongo.&nbsp;&nbsp;&nbsp;&nbsp;&nbsp;&nbsp;&nbsp;&nbsp;&nbsp;&nbsp;&nbsp;&nbsp;&nbsp;&nbsp;&nbsp;&nbsp;&nbsp;&nbsp;&nbsp;&nbsp;&nbsp;&nbsp;&nbsp;&nbsp;&nbsp;&nbsp;&nbsp;&nbsp;&nbsp;&nbsp;&nbsp;&nbsp;&nbsp;&nbsp;&nbsp;&nbsp;&nbsp;&nbsp;&nbsp;&nbsp;&nbsp;&nbsp;&nbsp;&nbsp;&nbsp;&nbsp;&nbsp;&nbsp;&nbsp;&nbsp;&nbsp;&nbsp;&nbsp;&nbsp;&nbsp;&nbsp;&nbsp;&nbsp;&nbsp;&nbsp;&nbsp;&nbsp;&nbsp;&nbsp;&nbsp;&nbsp;&nbsp;&nbsp;&nbsp;&nbsp;&nbsp;&nbsp;&nbsp;&nbsp;&nbsp;&nbsp;&nbsp;&nbsp;&nbsp;&nbsp;&nbsp;&nbsp;&nbsp;&nbsp;&nbsp;&nbsp;&nbsp;&nbsp;&nbsp;&nbsp;&nbsp;&nbsp;&nbsp;&nbsp;&nbsp;&nbsp;&nbsp;&nbsp;&nbsp;&nbsp;&nbsp;&nbsp;&nbsp;&nbsp;&nbsp;&nbsp;&nbsp;&nbsp;&nbsp;&nbsp;<\/p>\n\n\n\n<p>\u201cLo que m\u00e1s me llam\u00f3 la atenci\u00f3n fue el uso de drones. Muchos peque\u00f1os productores a\u00fan trabajan con tecnolog\u00edas antiguas, por eso es tan importante mostrarles estas nuevas herramientas\u201d, agreg\u00f3.<\/p>\n\n\n\n<p>Cabe destacar que el <strong>pr\u00f3ximo 6 de agosto<\/strong>, en la comuna de <strong>Machal\u00ed<\/strong>, se llevar\u00e1 a cabo <strong>el tercer y \u00faltimo encuentro internacional del ciclo Impulsa O\u2019Higgins Fortalece<\/strong>, esta vez enfocado en la <strong>Miner\u00eda de Bajo Impacto<\/strong>, una instancia que busca abrir nuevas oportunidades para proveedores sostenibles y soluciones tecnol\u00f3gicas en este sector clave para la regi\u00f3n.<\/p>\n","protected":false},"excerpt":{"rendered":"Con una destacada participaci\u00f3n de agricultores, autoridades, emprendedores y representantes del mundo p\u00fablico y privado, se realiz\u00f3 con&hellip;\n","protected":false},"author":2,"featured_media":4353,"comment_status":"open","ping_status":"open","sticky":false,"template":"","format":"standard","meta":{"_monsterinsights_skip_tracking":false,"_monsterinsights_sitenote_active":false,"_monsterinsights_sitenote_note":"","_monsterinsights_sitenote_category":0,"footnotes":""},"categories":[8],"tags":[],"class_list":{"0":"post-4350","1":"post","2":"type-post","3":"status-publish","4":"format-standard","5":"has-post-thumbnail","7":"category-portada"},"aioseo_notices":[],"_links":{"self":[{"href":"https:\/\/www.rengoenlanoticia.cl\/prensa\/wp-json\/wp\/v2\/posts\/4350","targetHints":{"allow":["GET"]}}],"collection":[{"href":"https:\/\/www.rengoenlanoticia.cl\/prensa\/wp-json\/wp\/v2\/posts"}],"about":[{"href":"https:\/\/www.rengoenlanoticia.cl\/prensa\/wp-json\/wp\/v2\/types\/post"}],"author":[{"embeddable":true,"href":"https:\/\/www.rengoenlanoticia.cl\/prensa\/wp-json\/wp\/v2\/users\/2"}],"replies":[{"embeddable":true,"href":"https:\/\/www.rengoenlanoticia.cl\/prensa\/wp-json\/wp\/v2\/comments?post=4350"}],"version-history":[{"count":2,"href":"https:\/\/www.rengoenlanoticia.cl\/prensa\/wp-json\/wp\/v2\/posts\/4350\/revisions"}],"predecessor-version":[{"id":4360,"href":"https:\/\/www.rengoenlanoticia.cl\/prensa\/wp-json\/wp\/v2\/posts\/4350\/revisions\/4360"}],"wp:featuredmedia":[{"embeddable":true,"href":"https:\/\/www.rengoenlanoticia.cl\/prensa\/wp-json\/wp\/v2\/media\/4353"}],"wp:attachment":[{"href":"https:\/\/www.rengoenlanoticia.cl\/prensa\/wp-json\/wp\/v2\/media?parent=4350"}],"wp:term":[{"taxonomy":"category","embeddable":true,"href":"https:\/\/www.rengoenlanoticia.cl\/prensa\/wp-json\/wp\/v2\/categories?post=4350"},{"taxonomy":"post_tag","embeddable":true,"href":"https:\/\/www.rengoenlanoticia.cl\/prensa\/wp-json\/wp\/v2\/tags?post=4350"}],"curies":[{"name":"wp","href":"https:\/\/api.w.org\/{rel}","templated":true}]}}