{"id":4341,"date":"2025-07-11T02:01:39","date_gmt":"2025-07-11T02:01:39","guid":{"rendered":"https:\/\/www.rengoenlanoticia.cl\/prensa\/?p=4341"},"modified":"2025-07-11T02:04:20","modified_gmt":"2025-07-11T02:04:20","slug":"municipalidades-fortalecen-capacidades-en-analisis-delictual-a-traves-de-asesoria-tecnica-impulsada-por-la-seremi-de-seguridad-publica","status":"publish","type":"post","link":"https:\/\/www.rengoenlanoticia.cl\/prensa\/2025\/07\/11\/municipalidades-fortalecen-capacidades-en-analisis-delictual-a-traves-de-asesoria-tecnica-impulsada-por-la-seremi-de-seguridad-publica\/","title":{"rendered":"Municipalidades fortalecen capacidades en an\u00e1lisis delictual a trav\u00e9s de Asesor\u00eda T\u00e9cnica impulsada por la Seremi de Seguridad P\u00fablica"},"content":{"rendered":"\n<p>Con el objetivo de fortalecer las capacidades t\u00e9cnicas de los equipos municipales encargados de la seguridad p\u00fablica comunal, la Seremi de Seguridad P\u00fablica junto al Departamento de Estudios y Pol\u00edticas P\u00fablicas (DEPP) de la Subsecretar\u00eda de Prevenci\u00f3n del Delito llevaron a cabo una Asesor\u00eda T\u00e9cnica sobre an\u00e1lisis delictual.<\/p>\n\n\n\n<p>La actividad, enmarcada en el Plan Nacional de Seguridad P\u00fablica 2022-2026, tuvo como prop\u00f3sito central actualizar y profundizar los conocimientos sobre nuevas categor\u00edas delictuales, datos de homicidios consumados e informaci\u00f3n relevante de la Encuesta Nacional Urbana de Seguridad Ciudadana (ENUSC). Este esfuerzo busca robustecer los diagn\u00f3sticos locales y mejorar la toma de decisiones en la prevenci\u00f3n del delito.<\/p>\n\n\n\n<p>El Seremi de Seguridad P\u00fablica, Rodolfo N\u00fa\u00f1ez Bustamante, destac\u00f3 la relevancia de esta iniciativa afirmando que \u201cestas asesor\u00edas t\u00e9cnicas son fundamentales para que los municipios cuenten con informaci\u00f3n de calidad que les permita dise\u00f1ar estrategias preventivas m\u00e1s efectivas y focalizadas. Entregar herramientas a los territorios no solo mejora la gesti\u00f3n local de la seguridad, sino que tambi\u00e9n fortalece el v\u00ednculo entre la comunidad y el Estado en la construcci\u00f3n de espacios m\u00e1s seguros\u201d.<\/p>\n\n\n\n<figure class=\"wp-block-image size-large\"><img loading=\"lazy\" decoding=\"async\" width=\"1024\" height=\"768\" src=\"https:\/\/www.rengoenlanoticia.cl\/prensa\/wp-content\/uploads\/2025\/07\/Jornada-capacitacion-Municipios-2-1024x768.jpg\" alt=\"\" class=\"wp-image-4343\" srcset=\"https:\/\/www.rengoenlanoticia.cl\/prensa\/wp-content\/uploads\/2025\/07\/Jornada-capacitacion-Municipios-2-1024x768.jpg 1024w, https:\/\/www.rengoenlanoticia.cl\/prensa\/wp-content\/uploads\/2025\/07\/Jornada-capacitacion-Municipios-2-300x225.jpg 300w, https:\/\/www.rengoenlanoticia.cl\/prensa\/wp-content\/uploads\/2025\/07\/Jornada-capacitacion-Municipios-2-768x576.jpg 768w, https:\/\/www.rengoenlanoticia.cl\/prensa\/wp-content\/uploads\/2025\/07\/Jornada-capacitacion-Municipios-2-110x83.jpg 110w, https:\/\/www.rengoenlanoticia.cl\/prensa\/wp-content\/uploads\/2025\/07\/Jornada-capacitacion-Municipios-2-200x150.jpg 200w, https:\/\/www.rengoenlanoticia.cl\/prensa\/wp-content\/uploads\/2025\/07\/Jornada-capacitacion-Municipios-2-380x285.jpg 380w, https:\/\/www.rengoenlanoticia.cl\/prensa\/wp-content\/uploads\/2025\/07\/Jornada-capacitacion-Municipios-2-255x191.jpg 255w, https:\/\/www.rengoenlanoticia.cl\/prensa\/wp-content\/uploads\/2025\/07\/Jornada-capacitacion-Municipios-2-550x413.jpg 550w, https:\/\/www.rengoenlanoticia.cl\/prensa\/wp-content\/uploads\/2025\/07\/Jornada-capacitacion-Municipios-2-800x600.jpg 800w, https:\/\/www.rengoenlanoticia.cl\/prensa\/wp-content\/uploads\/2025\/07\/Jornada-capacitacion-Municipios-2-1160x870.jpg 1160w, https:\/\/www.rengoenlanoticia.cl\/prensa\/wp-content\/uploads\/2025\/07\/Jornada-capacitacion-Municipios-2.jpg 1280w\" sizes=\"auto, (max-width: 1024px) 100vw, 1024px\" \/><\/figure>\n\n\n\n<p>Durante la jornada se entregaron herramientas vinculadas al uso de plataformas como el SIED Territorial, el SIED Estad\u00edstico y el portal CEAD, permitiendo a los participantes acceder a informaci\u00f3n actualizada para el an\u00e1lisis territorial y delictual en sus respectivas comunas.<\/p>\n\n\n\n<p>En la ocasi\u00f3n, la Delegada Presidencial Provincial de Colchagua, Marta Pizarro Inzunza, indic\u00f3 que \u201cel Presidente Gabriel Boric, nos ha mandatado reforzar la seguridad p\u00fablica en todo el territorio nacional, por ello como Delegaci\u00f3n Presidencial estuvimos presente en esta jornada de capacitaci\u00f3n que permite a los funcionarios p\u00fablicos adquirir nuevas herramientas de an\u00e1lisis delictivo y as\u00ed lograr generar en todas las personas una mayor sensaci\u00f3n de seguridad\u201d.<\/p>\n\n\n\n<figure class=\"wp-block-image size-large\"><img loading=\"lazy\" decoding=\"async\" width=\"1024\" height=\"768\" src=\"https:\/\/www.rengoenlanoticia.cl\/prensa\/wp-content\/uploads\/2025\/07\/Jornada-capacitacion-Municipios-3-1024x768.jpg\" alt=\"\" class=\"wp-image-4344\" srcset=\"https:\/\/www.rengoenlanoticia.cl\/prensa\/wp-content\/uploads\/2025\/07\/Jornada-capacitacion-Municipios-3-1024x768.jpg 1024w, https:\/\/www.rengoenlanoticia.cl\/prensa\/wp-content\/uploads\/2025\/07\/Jornada-capacitacion-Municipios-3-300x225.jpg 300w, https:\/\/www.rengoenlanoticia.cl\/prensa\/wp-content\/uploads\/2025\/07\/Jornada-capacitacion-Municipios-3-768x576.jpg 768w, https:\/\/www.rengoenlanoticia.cl\/prensa\/wp-content\/uploads\/2025\/07\/Jornada-capacitacion-Municipios-3-110x83.jpg 110w, https:\/\/www.rengoenlanoticia.cl\/prensa\/wp-content\/uploads\/2025\/07\/Jornada-capacitacion-Municipios-3-200x150.jpg 200w, https:\/\/www.rengoenlanoticia.cl\/prensa\/wp-content\/uploads\/2025\/07\/Jornada-capacitacion-Municipios-3-380x285.jpg 380w, https:\/\/www.rengoenlanoticia.cl\/prensa\/wp-content\/uploads\/2025\/07\/Jornada-capacitacion-Municipios-3-255x191.jpg 255w, https:\/\/www.rengoenlanoticia.cl\/prensa\/wp-content\/uploads\/2025\/07\/Jornada-capacitacion-Municipios-3-550x413.jpg 550w, https:\/\/www.rengoenlanoticia.cl\/prensa\/wp-content\/uploads\/2025\/07\/Jornada-capacitacion-Municipios-3-800x600.jpg 800w, https:\/\/www.rengoenlanoticia.cl\/prensa\/wp-content\/uploads\/2025\/07\/Jornada-capacitacion-Municipios-3-1160x870.jpg 1160w, https:\/\/www.rengoenlanoticia.cl\/prensa\/wp-content\/uploads\/2025\/07\/Jornada-capacitacion-Municipios-3.jpg 1280w\" sizes=\"auto, (max-width: 1024px) 100vw, 1024px\" \/><\/figure>\n\n\n\n<p>El Ministerio de Seguridad P\u00fablica, a trav\u00e9s de la Subsecretar\u00eda de Prevenci\u00f3n del Delito continuar\u00e1 desarrollando este tipo de instancias durante el segundo semestre del a\u00f1o, promoviendo el trabajo colaborativo con los gobiernos locales y el uso estrat\u00e9gico de los datos como base para la prevenci\u00f3n y mitigaci\u00f3n del delito.<\/p>\n","protected":false},"excerpt":{"rendered":"Con el objetivo de fortalecer las capacidades t\u00e9cnicas de los equipos municipales encargados de la seguridad p\u00fablica comunal,&hellip;\n","protected":false},"author":2,"featured_media":4342,"comment_status":"open","ping_status":"open","sticky":false,"template":"","format":"standard","meta":{"_monsterinsights_skip_tracking":false,"_monsterinsights_sitenote_active":false,"_monsterinsights_sitenote_note":"","_monsterinsights_sitenote_category":0,"footnotes":""},"categories":[8],"tags":[],"class_list":{"0":"post-4341","1":"post","2":"type-post","3":"status-publish","4":"format-standard","5":"has-post-thumbnail","7":"category-portada"},"aioseo_notices":[],"_links":{"self":[{"href":"https:\/\/www.rengoenlanoticia.cl\/prensa\/wp-json\/wp\/v2\/posts\/4341","targetHints":{"allow":["GET"]}}],"collection":[{"href":"https:\/\/www.rengoenlanoticia.cl\/prensa\/wp-json\/wp\/v2\/posts"}],"about":[{"href":"https:\/\/www.rengoenlanoticia.cl\/prensa\/wp-json\/wp\/v2\/types\/post"}],"author":[{"embeddable":true,"href":"https:\/\/www.rengoenlanoticia.cl\/prensa\/wp-json\/wp\/v2\/users\/2"}],"replies":[{"embeddable":true,"href":"https:\/\/www.rengoenlanoticia.cl\/prensa\/wp-json\/wp\/v2\/comments?post=4341"}],"version-history":[{"count":3,"href":"https:\/\/www.rengoenlanoticia.cl\/prensa\/wp-json\/wp\/v2\/posts\/4341\/revisions"}],"predecessor-version":[{"id":4349,"href":"https:\/\/www.rengoenlanoticia.cl\/prensa\/wp-json\/wp\/v2\/posts\/4341\/revisions\/4349"}],"wp:featuredmedia":[{"embeddable":true,"href":"https:\/\/www.rengoenlanoticia.cl\/prensa\/wp-json\/wp\/v2\/media\/4342"}],"wp:attachment":[{"href":"https:\/\/www.rengoenlanoticia.cl\/prensa\/wp-json\/wp\/v2\/media?parent=4341"}],"wp:term":[{"taxonomy":"category","embeddable":true,"href":"https:\/\/www.rengoenlanoticia.cl\/prensa\/wp-json\/wp\/v2\/categories?post=4341"},{"taxonomy":"post_tag","embeddable":true,"href":"https:\/\/www.rengoenlanoticia.cl\/prensa\/wp-json\/wp\/v2\/tags?post=4341"}],"curies":[{"name":"wp","href":"https:\/\/api.w.org\/{rel}","templated":true}]}}