{"id":4332,"date":"2025-07-10T16:00:48","date_gmt":"2025-07-10T16:00:48","guid":{"rendered":"https:\/\/www.rengoenlanoticia.cl\/prensa\/?p=4332"},"modified":"2025-07-10T16:00:51","modified_gmt":"2025-07-10T16:00:51","slug":"diputada-romero-propone-reactivar-ife-y-aprobar-sala-cuna-universal-para-enfrentar-desempleo-femenino","status":"publish","type":"post","link":"https:\/\/www.rengoenlanoticia.cl\/prensa\/2025\/07\/10\/diputada-romero-propone-reactivar-ife-y-aprobar-sala-cuna-universal-para-enfrentar-desempleo-femenino\/","title":{"rendered":"Diputada Romero propone reactivar IFE y aprobar sala cuna universal para enfrentar desempleo femenino\u00bb"},"content":{"rendered":"\n<p>Por primera vez en cuatro a\u00f1os, la desocupaci\u00f3n femenina en Chile super\u00f3 los dos d\u00edgitos, alcanzando un 10,1%.<\/p>\n\n\n\n<p>La diputada de la Comisi\u00f3n de Mujeres, Natalia Romero, se refiri\u00f3 a la preocupante cifra de desempleo femenino que afecta actualmente a la zona, la cual alcanz\u00f3 un 10% durante el \u00faltimo trimestre, seg\u00fan cifras oficiales del INE.<\/p>\n\n\n\n<p>Al respecto, lament\u00f3 que \u201cestamos viviendo un verdadero terremoto laboral, que est\u00e1 afectando con mayor fuerza a las mujeres, sin que las actuales autoridades adopten alg\u00fan tipo de medida para revertir esta cr\u00edtica situaci\u00f3n\u201d, y recalc\u00f3 que la diferencia de casi dos puntos porcentuales entre hombres (8,1) y mujeres refleja una preocupante desigualdad en el acceso al trabajo.<\/p>\n\n\n\n<p>Frente a este panorama, la legisladora propuso que el Gobierno retome y adapte el esp\u00edritu del Ingreso Familiar de Emergencia (IFE), entregado durante la pandemia, para crear un nuevo subsidio que incentive la contrataci\u00f3n femenina y refuerce los ingresos de las mujeres m\u00e1s afectadas.<\/p>\n\n\n\n<p>Adem\u00e1s, llam\u00f3 a destrabar de manera urgente el proyecto de Sala Cuna Universal, que lleva a\u00f1os sin avances en el Congreso. \u201cEs hora de aprobar esta iniciativa que beneficiar\u00eda a todas las madres del pa\u00eds, sin importar si son trabajadoras dependientes, independientes o asesoras del hogar. Necesitamos un subsidio real para el cuidado de los hijos que permita a las mujeres reinsertarse con dignidad al mundo laboral\u201d, enfatiz\u00f3.<\/p>\n\n\n\n<p>La diputada Romero fue enf\u00e1tica en se\u00f1alar que, de no existir voluntad del Ejecutivo para avanzar con esta propuesta, \u201cser\u00e1 un compromiso prioritario en un eventual gobierno nuestro, donde las madres trabajadoras s\u00ed sean una real prioridad\u201d.<\/p>\n\n\n\n<p>Finalmente, la diputada hizo un llamado a todas las fuerzas pol\u00edticas a actuar con sentido de urgencia. \u201cMientras no entreguemos oportunidades concretas para las mujeres de todas las edades y, sobre todo, para las madres, no podremos revertir estas graves y preocupantes cifras. De nosotros depende cambiar esta realidad\u201d, cerr\u00f3.<\/p>\n","protected":false},"excerpt":{"rendered":"Por primera vez en cuatro a\u00f1os, la desocupaci\u00f3n femenina en Chile super\u00f3 los dos d\u00edgitos, alcanzando un 10,1%.&hellip;\n","protected":false},"author":1,"featured_media":4333,"comment_status":"open","ping_status":"open","sticky":false,"template":"","format":"standard","meta":{"_monsterinsights_skip_tracking":false,"_monsterinsights_sitenote_active":false,"_monsterinsights_sitenote_note":"","_monsterinsights_sitenote_category":0,"footnotes":""},"categories":[11,8],"tags":[],"class_list":{"0":"post-4332","1":"post","2":"type-post","3":"status-publish","4":"format-standard","5":"has-post-thumbnail","7":"category-politica","8":"category-portada"},"aioseo_notices":[],"_links":{"self":[{"href":"https:\/\/www.rengoenlanoticia.cl\/prensa\/wp-json\/wp\/v2\/posts\/4332","targetHints":{"allow":["GET"]}}],"collection":[{"href":"https:\/\/www.rengoenlanoticia.cl\/prensa\/wp-json\/wp\/v2\/posts"}],"about":[{"href":"https:\/\/www.rengoenlanoticia.cl\/prensa\/wp-json\/wp\/v2\/types\/post"}],"author":[{"embeddable":true,"href":"https:\/\/www.rengoenlanoticia.cl\/prensa\/wp-json\/wp\/v2\/users\/1"}],"replies":[{"embeddable":true,"href":"https:\/\/www.rengoenlanoticia.cl\/prensa\/wp-json\/wp\/v2\/comments?post=4332"}],"version-history":[{"count":3,"href":"https:\/\/www.rengoenlanoticia.cl\/prensa\/wp-json\/wp\/v2\/posts\/4332\/revisions"}],"predecessor-version":[{"id":4336,"href":"https:\/\/www.rengoenlanoticia.cl\/prensa\/wp-json\/wp\/v2\/posts\/4332\/revisions\/4336"}],"wp:featuredmedia":[{"embeddable":true,"href":"https:\/\/www.rengoenlanoticia.cl\/prensa\/wp-json\/wp\/v2\/media\/4333"}],"wp:attachment":[{"href":"https:\/\/www.rengoenlanoticia.cl\/prensa\/wp-json\/wp\/v2\/media?parent=4332"}],"wp:term":[{"taxonomy":"category","embeddable":true,"href":"https:\/\/www.rengoenlanoticia.cl\/prensa\/wp-json\/wp\/v2\/categories?post=4332"},{"taxonomy":"post_tag","embeddable":true,"href":"https:\/\/www.rengoenlanoticia.cl\/prensa\/wp-json\/wp\/v2\/tags?post=4332"}],"curies":[{"name":"wp","href":"https:\/\/api.w.org\/{rel}","templated":true}]}}