{"id":4324,"date":"2025-07-10T15:55:55","date_gmt":"2025-07-10T15:55:55","guid":{"rendered":"https:\/\/www.rengoenlanoticia.cl\/prensa\/?p=4324"},"modified":"2025-07-10T15:55:57","modified_gmt":"2025-07-10T15:55:57","slug":"grata-visita-en-la-4ta-comisaria-de-rengo","status":"publish","type":"post","link":"https:\/\/www.rengoenlanoticia.cl\/prensa\/2025\/07\/10\/grata-visita-en-la-4ta-comisaria-de-rengo\/","title":{"rendered":"Grata visita en la 4ta. Comisar\u00eda de Rengo"},"content":{"rendered":"\n<p>La 4ta. Comisar\u00eda de Carabineros de Rengo recibi\u00f3 con alegr\u00eda la visita de un grupo de personas mayores, quienes forman parte del Programa \u00abAdultos Mayores Autovalentes\u00bb del CESFAM Rienzi Valencia. Actividad coordinada en conjunto con la Encargada de comunicaciones de la Direcci\u00f3n de Salud municipal.<\/p>\n\n\n\n<figure class=\"wp-block-image size-large\"><img loading=\"lazy\" decoding=\"async\" width=\"1024\" height=\"461\" src=\"https:\/\/www.rengoenlanoticia.cl\/prensa\/wp-content\/uploads\/2025\/07\/WhatsApp-Image-2025-07-09-at-18.04.37-1024x461.jpeg\" alt=\"\" class=\"wp-image-4328\" srcset=\"https:\/\/www.rengoenlanoticia.cl\/prensa\/wp-content\/uploads\/2025\/07\/WhatsApp-Image-2025-07-09-at-18.04.37-1024x461.jpeg 1024w, https:\/\/www.rengoenlanoticia.cl\/prensa\/wp-content\/uploads\/2025\/07\/WhatsApp-Image-2025-07-09-at-18.04.37-300x135.jpeg 300w, https:\/\/www.rengoenlanoticia.cl\/prensa\/wp-content\/uploads\/2025\/07\/WhatsApp-Image-2025-07-09-at-18.04.37-768x346.jpeg 768w, https:\/\/www.rengoenlanoticia.cl\/prensa\/wp-content\/uploads\/2025\/07\/WhatsApp-Image-2025-07-09-at-18.04.37-1536x692.jpeg 1536w, https:\/\/www.rengoenlanoticia.cl\/prensa\/wp-content\/uploads\/2025\/07\/WhatsApp-Image-2025-07-09-at-18.04.37-110x50.jpeg 110w, https:\/\/www.rengoenlanoticia.cl\/prensa\/wp-content\/uploads\/2025\/07\/WhatsApp-Image-2025-07-09-at-18.04.37-200x90.jpeg 200w, https:\/\/www.rengoenlanoticia.cl\/prensa\/wp-content\/uploads\/2025\/07\/WhatsApp-Image-2025-07-09-at-18.04.37-380x171.jpeg 380w, https:\/\/www.rengoenlanoticia.cl\/prensa\/wp-content\/uploads\/2025\/07\/WhatsApp-Image-2025-07-09-at-18.04.37-255x115.jpeg 255w, https:\/\/www.rengoenlanoticia.cl\/prensa\/wp-content\/uploads\/2025\/07\/WhatsApp-Image-2025-07-09-at-18.04.37-550x248.jpeg 550w, https:\/\/www.rengoenlanoticia.cl\/prensa\/wp-content\/uploads\/2025\/07\/WhatsApp-Image-2025-07-09-at-18.04.37-800x361.jpeg 800w, https:\/\/www.rengoenlanoticia.cl\/prensa\/wp-content\/uploads\/2025\/07\/WhatsApp-Image-2025-07-09-at-18.04.37-1160x523.jpeg 1160w, https:\/\/www.rengoenlanoticia.cl\/prensa\/wp-content\/uploads\/2025\/07\/WhatsApp-Image-2025-07-09-at-18.04.37.jpeg 1600w\" sizes=\"auto, (max-width: 1024px) 100vw, 1024px\" \/><\/figure>\n\n\n\n<p>Durante la jornada, los visitantes recorrieron las instalaciones, compartieron con el personal policial y participaron en una amena charla sobre seguridad, autocuidado y prevenci\u00f3n. Esta instancia fortaleci\u00f3 los lazos entre Carabineros y la comunidad, promoviendo el respeto, la inclusi\u00f3n y el compromiso con nuestros adultos mayores.<\/p>\n\n\n\n<p> Una experiencia enriquecedora que refleja el esp\u00edritu de cercan\u00eda y servicio que caracteriza a Carabineros de Chile.<\/p>\n\n\n\n<figure class=\"wp-block-image size-full\"><img loading=\"lazy\" decoding=\"async\" width=\"711\" height=\"649\" src=\"https:\/\/www.rengoenlanoticia.cl\/prensa\/wp-content\/uploads\/2025\/07\/WhatsApp-Image-2025-07-09-at-18.03.58.jpeg\" alt=\"\" class=\"wp-image-4325\" srcset=\"https:\/\/www.rengoenlanoticia.cl\/prensa\/wp-content\/uploads\/2025\/07\/WhatsApp-Image-2025-07-09-at-18.03.58.jpeg 711w, https:\/\/www.rengoenlanoticia.cl\/prensa\/wp-content\/uploads\/2025\/07\/WhatsApp-Image-2025-07-09-at-18.03.58-300x274.jpeg 300w, https:\/\/www.rengoenlanoticia.cl\/prensa\/wp-content\/uploads\/2025\/07\/WhatsApp-Image-2025-07-09-at-18.03.58-110x100.jpeg 110w, https:\/\/www.rengoenlanoticia.cl\/prensa\/wp-content\/uploads\/2025\/07\/WhatsApp-Image-2025-07-09-at-18.03.58-200x183.jpeg 200w, https:\/\/www.rengoenlanoticia.cl\/prensa\/wp-content\/uploads\/2025\/07\/WhatsApp-Image-2025-07-09-at-18.03.58-380x347.jpeg 380w, https:\/\/www.rengoenlanoticia.cl\/prensa\/wp-content\/uploads\/2025\/07\/WhatsApp-Image-2025-07-09-at-18.03.58-255x233.jpeg 255w, https:\/\/www.rengoenlanoticia.cl\/prensa\/wp-content\/uploads\/2025\/07\/WhatsApp-Image-2025-07-09-at-18.03.58-550x502.jpeg 550w\" sizes=\"auto, (max-width: 711px) 100vw, 711px\" \/><\/figure>\n","protected":false},"excerpt":{"rendered":"La 4ta. Comisar\u00eda de Carabineros de Rengo recibi\u00f3 con alegr\u00eda la visita de un grupo de personas mayores,&hellip;\n","protected":false},"author":2,"featured_media":4327,"comment_status":"open","ping_status":"open","sticky":false,"template":"","format":"standard","meta":{"_monsterinsights_skip_tracking":false,"_monsterinsights_sitenote_active":false,"_monsterinsights_sitenote_note":"","_monsterinsights_sitenote_category":0,"footnotes":""},"categories":[8],"tags":[],"class_list":{"0":"post-4324","1":"post","2":"type-post","3":"status-publish","4":"format-standard","5":"has-post-thumbnail","7":"category-portada"},"aioseo_notices":[],"_links":{"self":[{"href":"https:\/\/www.rengoenlanoticia.cl\/prensa\/wp-json\/wp\/v2\/posts\/4324","targetHints":{"allow":["GET"]}}],"collection":[{"href":"https:\/\/www.rengoenlanoticia.cl\/prensa\/wp-json\/wp\/v2\/posts"}],"about":[{"href":"https:\/\/www.rengoenlanoticia.cl\/prensa\/wp-json\/wp\/v2\/types\/post"}],"author":[{"embeddable":true,"href":"https:\/\/www.rengoenlanoticia.cl\/prensa\/wp-json\/wp\/v2\/users\/2"}],"replies":[{"embeddable":true,"href":"https:\/\/www.rengoenlanoticia.cl\/prensa\/wp-json\/wp\/v2\/comments?post=4324"}],"version-history":[{"count":3,"href":"https:\/\/www.rengoenlanoticia.cl\/prensa\/wp-json\/wp\/v2\/posts\/4324\/revisions"}],"predecessor-version":[{"id":4331,"href":"https:\/\/www.rengoenlanoticia.cl\/prensa\/wp-json\/wp\/v2\/posts\/4324\/revisions\/4331"}],"wp:featuredmedia":[{"embeddable":true,"href":"https:\/\/www.rengoenlanoticia.cl\/prensa\/wp-json\/wp\/v2\/media\/4327"}],"wp:attachment":[{"href":"https:\/\/www.rengoenlanoticia.cl\/prensa\/wp-json\/wp\/v2\/media?parent=4324"}],"wp:term":[{"taxonomy":"category","embeddable":true,"href":"https:\/\/www.rengoenlanoticia.cl\/prensa\/wp-json\/wp\/v2\/categories?post=4324"},{"taxonomy":"post_tag","embeddable":true,"href":"https:\/\/www.rengoenlanoticia.cl\/prensa\/wp-json\/wp\/v2\/tags?post=4324"}],"curies":[{"name":"wp","href":"https:\/\/api.w.org\/{rel}","templated":true}]}}