{"id":4318,"date":"2025-07-11T02:05:16","date_gmt":"2025-07-11T02:05:16","guid":{"rendered":"https:\/\/www.rengoenlanoticia.cl\/prensa\/?p=4318"},"modified":"2025-07-11T02:08:44","modified_gmt":"2025-07-11T02:08:44","slug":"proyecto-de-hospital-de-rengo-ha-sido-aprobado-por-unanimidad-en-el-sistema-de-evaluacion-ambiental-sea","status":"publish","type":"post","link":"https:\/\/www.rengoenlanoticia.cl\/prensa\/2025\/07\/11\/proyecto-de-hospital-de-rengo-ha-sido-aprobado-por-unanimidad-en-el-sistema-de-evaluacion-ambiental-sea\/","title":{"rendered":"Proyecto de Hospital de Rengo ha sido aprobado por unanimidad en el Sistema de Evaluaci\u00f3n Ambiental (SEA)."},"content":{"rendered":"\n<p> Un hito trascendental para la Regi\u00f3n de O&#8217;Higgins se concret\u00f3 hoy con la aprobaci\u00f3n un\u00e1nime del proyecto de construcci\u00f3n del nuevo Hospital de Rengo por parte del Sistema de Evaluaci\u00f3n Ambiental (SEA). Esta decisi\u00f3n, largamente esperada por la comunidad, marca un hito y es una de las obras de infraestructura de salud m\u00e1s significativas de la zona, proyectada para beneficiar a miles de habitantes.<\/p>\n\n\n\n<p>El proyecto, que representa una inversi\u00f3n superior a los 156 millones de d\u00f3lares, no solo transformar\u00e1 la capacidad de atenci\u00f3n m\u00e9dica en la comuna de Rengo y sus alrededores, sino que tambi\u00e9n se perfila como un potente motor de desarrollo econ\u00f3mico y social. Se estima que la construcci\u00f3n de los 67.507 metros cuadrados del hospital generar\u00e1 alrededor de 550 puestos de trabajo directos, dinamizando el mercado laboral local y regional durante su fase de edificaci\u00f3n.<\/p>\n\n\n\n<figure class=\"wp-block-image size-large\"><img loading=\"lazy\" decoding=\"async\" width=\"1024\" height=\"501\" src=\"https:\/\/www.rengoenlanoticia.cl\/prensa\/wp-content\/uploads\/2025\/07\/WhatsApp-Image-2025-07-10-at-16.15.49-1024x501.jpeg\" alt=\"\" class=\"wp-image-4339\" srcset=\"https:\/\/www.rengoenlanoticia.cl\/prensa\/wp-content\/uploads\/2025\/07\/WhatsApp-Image-2025-07-10-at-16.15.49-1024x501.jpeg 1024w, https:\/\/www.rengoenlanoticia.cl\/prensa\/wp-content\/uploads\/2025\/07\/WhatsApp-Image-2025-07-10-at-16.15.49-300x147.jpeg 300w, https:\/\/www.rengoenlanoticia.cl\/prensa\/wp-content\/uploads\/2025\/07\/WhatsApp-Image-2025-07-10-at-16.15.49-768x376.jpeg 768w, https:\/\/www.rengoenlanoticia.cl\/prensa\/wp-content\/uploads\/2025\/07\/WhatsApp-Image-2025-07-10-at-16.15.49-110x54.jpeg 110w, https:\/\/www.rengoenlanoticia.cl\/prensa\/wp-content\/uploads\/2025\/07\/WhatsApp-Image-2025-07-10-at-16.15.49-200x98.jpeg 200w, https:\/\/www.rengoenlanoticia.cl\/prensa\/wp-content\/uploads\/2025\/07\/WhatsApp-Image-2025-07-10-at-16.15.49-380x186.jpeg 380w, https:\/\/www.rengoenlanoticia.cl\/prensa\/wp-content\/uploads\/2025\/07\/WhatsApp-Image-2025-07-10-at-16.15.49-255x125.jpeg 255w, https:\/\/www.rengoenlanoticia.cl\/prensa\/wp-content\/uploads\/2025\/07\/WhatsApp-Image-2025-07-10-at-16.15.49-550x269.jpeg 550w, https:\/\/www.rengoenlanoticia.cl\/prensa\/wp-content\/uploads\/2025\/07\/WhatsApp-Image-2025-07-10-at-16.15.49-800x391.jpeg 800w, https:\/\/www.rengoenlanoticia.cl\/prensa\/wp-content\/uploads\/2025\/07\/WhatsApp-Image-2025-07-10-at-16.15.49-1160x567.jpeg 1160w, https:\/\/www.rengoenlanoticia.cl\/prensa\/wp-content\/uploads\/2025\/07\/WhatsApp-Image-2025-07-10-at-16.15.49.jpeg 1280w\" sizes=\"auto, (max-width: 1024px) 100vw, 1024px\" \/><\/figure>\n\n\n\n<p>Una vez finalizadas las obras y con el hospital en plena operaci\u00f3n, se proyecta la creaci\u00f3n de 1.600 empleos permanentes, lo que contribuir\u00e1 significativamente a la estabilidad econ\u00f3mica de numerosas familias y al fortalecimiento de la fuerza laboral en el sector de la salud.<\/p>\n\n\n\n<p>La aprobaci\u00f3n un\u00e1nime en el SEA subraya el cumplimiento de todos los est\u00e1ndares ambientales y la exhaustiva evaluaci\u00f3n de impacto que ha caracterizado a este proyecto. Las autoridades destacaron el riguroso proceso de an\u00e1lisis y la participaci\u00f3n de diversos actores para garantizar que la construcci\u00f3n y operaci\u00f3n del hospital se realicen bajo los m\u00e1s altos est\u00e1ndares de sustentabilidad y respeto por el entorno.<\/p>\n\n\n\n<figure class=\"wp-block-image size-large\"><img loading=\"lazy\" decoding=\"async\" width=\"1024\" height=\"576\" src=\"https:\/\/www.rengoenlanoticia.cl\/prensa\/wp-content\/uploads\/2025\/07\/WhatsApp-Image-2025-07-10-at-16.15.50-1024x576.jpeg\" alt=\"\" class=\"wp-image-4340\" srcset=\"https:\/\/www.rengoenlanoticia.cl\/prensa\/wp-content\/uploads\/2025\/07\/WhatsApp-Image-2025-07-10-at-16.15.50-1024x576.jpeg 1024w, https:\/\/www.rengoenlanoticia.cl\/prensa\/wp-content\/uploads\/2025\/07\/WhatsApp-Image-2025-07-10-at-16.15.50-300x169.jpeg 300w, https:\/\/www.rengoenlanoticia.cl\/prensa\/wp-content\/uploads\/2025\/07\/WhatsApp-Image-2025-07-10-at-16.15.50-768x432.jpeg 768w, https:\/\/www.rengoenlanoticia.cl\/prensa\/wp-content\/uploads\/2025\/07\/WhatsApp-Image-2025-07-10-at-16.15.50-1536x864.jpeg 1536w, https:\/\/www.rengoenlanoticia.cl\/prensa\/wp-content\/uploads\/2025\/07\/WhatsApp-Image-2025-07-10-at-16.15.50-110x62.jpeg 110w, https:\/\/www.rengoenlanoticia.cl\/prensa\/wp-content\/uploads\/2025\/07\/WhatsApp-Image-2025-07-10-at-16.15.50-200x113.jpeg 200w, https:\/\/www.rengoenlanoticia.cl\/prensa\/wp-content\/uploads\/2025\/07\/WhatsApp-Image-2025-07-10-at-16.15.50-380x214.jpeg 380w, https:\/\/www.rengoenlanoticia.cl\/prensa\/wp-content\/uploads\/2025\/07\/WhatsApp-Image-2025-07-10-at-16.15.50-255x143.jpeg 255w, https:\/\/www.rengoenlanoticia.cl\/prensa\/wp-content\/uploads\/2025\/07\/WhatsApp-Image-2025-07-10-at-16.15.50-550x309.jpeg 550w, https:\/\/www.rengoenlanoticia.cl\/prensa\/wp-content\/uploads\/2025\/07\/WhatsApp-Image-2025-07-10-at-16.15.50-800x450.jpeg 800w, https:\/\/www.rengoenlanoticia.cl\/prensa\/wp-content\/uploads\/2025\/07\/WhatsApp-Image-2025-07-10-at-16.15.50-1160x653.jpeg 1160w, https:\/\/www.rengoenlanoticia.cl\/prensa\/wp-content\/uploads\/2025\/07\/WhatsApp-Image-2025-07-10-at-16.15.50.jpeg 1600w\" sizes=\"auto, (max-width: 1024px) 100vw, 1024px\" \/><\/figure>\n\n\n\n<p>El Delegado Presidencial de la Regi\u00f3n de O&#8217;Higgins, Fabio L\u00f3pez Aguilera, quien preside esta instancia, en un emotivo momento previo a la votaci\u00f3n, expres\u00f3 su profundo compromiso con la iniciativa:<\/p>\n\n\n\n<p>\u00abHoy es un d\u00eda de tremenda alegr\u00eda y orgullo para nuestra regi\u00f3n. Antes de emitir mi voto, perm\u00edtanme una peque\u00f1a licencia personal. Este proyecto, el nuevo Hospital de Rengo, y tambi\u00e9n el de Pichilemu, han sido para m\u00ed como hijos. Los vi nacer en sus fases m\u00e1s tempranas, me toc\u00f3 defenderlos, pelear por ellos con muchas personas para que se pudiera financiar y desarrollar la iniciativa que hoy vemos avanzar.<\/p>\n\n\n\n<p>Ha sido un camino largo, vi\u00e9ndolo en sus distintas etapas y desde mis diferentes roles en el servicio p\u00fablico. Es parte de lo hermoso de ser servidor p\u00fablico. Y ahora, verlo en esta etapa crucial, desde este rol que nunca imagin\u00e9 ocupar, y presenciar este momento tan importante, no solo para el Gobierno, sino por el impacto que tendr\u00e1 en toda la regi\u00f3n de O&#8217;Higgins, es realmente emocionante.<\/p>\n\n\n\n<p>Dicho esto, y en l\u00ednea con la recomendaci\u00f3n del Servicio de Evaluaci\u00f3n Ambiental, apruebo este proyecto. Lo hago porque cumple cabalmente con toda la normativa ambiental aplicable, con todos los requisitos para la obtenci\u00f3n de los permisos ambientales asociados. El proyecto no genera caracter\u00edsticas, efectos o circunstancias descritas en el art\u00edculo 11 de la ley 19.300, adem\u00e1s el titular presenta los antecedentes para otorgar los permisos ambientales sectoriales solicitados en la presente declaraci\u00f3n de impacto ambiental.<\/p>\n\n\n\n<p>\u00a1Este hospital es una realidad que beneficiar\u00e1 a todos y cada uno de ustedes! Es un paso gigante hacia una mejor salud y m\u00e1s oportunidades para nuestra gente.\u00bb<\/p>\n\n\n\n<figure class=\"wp-block-image size-large\"><img loading=\"lazy\" decoding=\"async\" width=\"1024\" height=\"576\" src=\"https:\/\/www.rengoenlanoticia.cl\/prensa\/wp-content\/uploads\/2025\/07\/WhatsApp-Image-2025-07-10-at-16.15.49-1-1024x576.jpeg\" alt=\"\" class=\"wp-image-4338\" srcset=\"https:\/\/www.rengoenlanoticia.cl\/prensa\/wp-content\/uploads\/2025\/07\/WhatsApp-Image-2025-07-10-at-16.15.49-1-1024x576.jpeg 1024w, https:\/\/www.rengoenlanoticia.cl\/prensa\/wp-content\/uploads\/2025\/07\/WhatsApp-Image-2025-07-10-at-16.15.49-1-300x169.jpeg 300w, https:\/\/www.rengoenlanoticia.cl\/prensa\/wp-content\/uploads\/2025\/07\/WhatsApp-Image-2025-07-10-at-16.15.49-1-768x432.jpeg 768w, https:\/\/www.rengoenlanoticia.cl\/prensa\/wp-content\/uploads\/2025\/07\/WhatsApp-Image-2025-07-10-at-16.15.49-1-1536x864.jpeg 1536w, https:\/\/www.rengoenlanoticia.cl\/prensa\/wp-content\/uploads\/2025\/07\/WhatsApp-Image-2025-07-10-at-16.15.49-1-110x62.jpeg 110w, https:\/\/www.rengoenlanoticia.cl\/prensa\/wp-content\/uploads\/2025\/07\/WhatsApp-Image-2025-07-10-at-16.15.49-1-200x113.jpeg 200w, https:\/\/www.rengoenlanoticia.cl\/prensa\/wp-content\/uploads\/2025\/07\/WhatsApp-Image-2025-07-10-at-16.15.49-1-380x214.jpeg 380w, https:\/\/www.rengoenlanoticia.cl\/prensa\/wp-content\/uploads\/2025\/07\/WhatsApp-Image-2025-07-10-at-16.15.49-1-255x143.jpeg 255w, https:\/\/www.rengoenlanoticia.cl\/prensa\/wp-content\/uploads\/2025\/07\/WhatsApp-Image-2025-07-10-at-16.15.49-1-550x309.jpeg 550w, https:\/\/www.rengoenlanoticia.cl\/prensa\/wp-content\/uploads\/2025\/07\/WhatsApp-Image-2025-07-10-at-16.15.49-1-800x450.jpeg 800w, https:\/\/www.rengoenlanoticia.cl\/prensa\/wp-content\/uploads\/2025\/07\/WhatsApp-Image-2025-07-10-at-16.15.49-1-1160x653.jpeg 1160w, https:\/\/www.rengoenlanoticia.cl\/prensa\/wp-content\/uploads\/2025\/07\/WhatsApp-Image-2025-07-10-at-16.15.49-1.jpeg 1600w\" sizes=\"auto, (max-width: 1024px) 100vw, 1024px\" \/><\/figure>\n\n\n\n<p>Al respecto la Seremi del MOP O\u2019Higgins, destac\u00f3 que \u201cestamos cada vez m\u00e1s cerca del inicio de la construcci\u00f3n del hospital de Rengo, desde el Ministerio de Obras P\u00fablicas, celebramos este logro que marca el inicio de una transformaci\u00f3n significativa en la edificaci\u00f3n de la salud p\u00fablica en la regi\u00f3n. Esta obra no solo fortalecer\u00e1 la red hospitalaria, sino que tambi\u00e9n impulsar\u00e1 el desarrollo urbano y econ\u00f3mico de la comuna, beneficiando directamente a miles de personas en la regi\u00f3n\u00bb.<\/p>\n\n\n\n<p>El nuevo Hospital de Rengo promete ser un recinto de mediana a alta complejidad, equipado con tecnolog\u00eda de vanguardia y dise\u00f1ado para ofrecer una atenci\u00f3n de calidad. Este avance es fundamental para la modernizaci\u00f3n de la red asistencial de la regi\u00f3n y para garantizar el acceso a servicios de salud oportunos y eficientes para todos.<\/p>\n\n\n\n<p>Se espera que las obras comiencen en los pr\u00f3ximos meses, tras los \u00faltimos tr\u00e1mites administrativos, para dar paso a la materializaci\u00f3n de este anhelado proyecto que transformar\u00e1 la calidad de vida de los habitantes de Rengo y las comunas aleda\u00f1as.<\/p>\n\n\n\n<figure class=\"wp-block-video\"><video controls src=\"https:\/\/www.rengoenlanoticia.cl\/prensa\/wp-content\/uploads\/2025\/07\/WhatsApp-Video-2025-07-10-at-11.21.39.mp4\"><\/video><\/figure>\n","protected":false},"excerpt":{"rendered":"Un hito trascendental para la Regi\u00f3n de O&#8217;Higgins se concret\u00f3 hoy con la aprobaci\u00f3n un\u00e1nime del proyecto de&hellip;\n","protected":false},"author":2,"featured_media":4337,"comment_status":"open","ping_status":"open","sticky":false,"template":"","format":"standard","meta":{"_monsterinsights_skip_tracking":false,"_monsterinsights_sitenote_active":false,"_monsterinsights_sitenote_note":"","_monsterinsights_sitenote_category":0,"footnotes":""},"categories":[8],"tags":[],"class_list":{"0":"post-4318","1":"post","2":"type-post","3":"status-publish","4":"format-standard","5":"has-post-thumbnail","7":"category-portada"},"aioseo_notices":[],"_links":{"self":[{"href":"https:\/\/www.rengoenlanoticia.cl\/prensa\/wp-json\/wp\/v2\/posts\/4318","targetHints":{"allow":["GET"]}}],"collection":[{"href":"https:\/\/www.rengoenlanoticia.cl\/prensa\/wp-json\/wp\/v2\/posts"}],"about":[{"href":"https:\/\/www.rengoenlanoticia.cl\/prensa\/wp-json\/wp\/v2\/types\/post"}],"author":[{"embeddable":true,"href":"https:\/\/www.rengoenlanoticia.cl\/prensa\/wp-json\/wp\/v2\/users\/2"}],"replies":[{"embeddable":true,"href":"https:\/\/www.rengoenlanoticia.cl\/prensa\/wp-json\/wp\/v2\/comments?post=4318"}],"version-history":[{"count":5,"href":"https:\/\/www.rengoenlanoticia.cl\/prensa\/wp-json\/wp\/v2\/posts\/4318\/revisions"}],"predecessor-version":[{"id":4347,"href":"https:\/\/www.rengoenlanoticia.cl\/prensa\/wp-json\/wp\/v2\/posts\/4318\/revisions\/4347"}],"wp:featuredmedia":[{"embeddable":true,"href":"https:\/\/www.rengoenlanoticia.cl\/prensa\/wp-json\/wp\/v2\/media\/4337"}],"wp:attachment":[{"href":"https:\/\/www.rengoenlanoticia.cl\/prensa\/wp-json\/wp\/v2\/media?parent=4318"}],"wp:term":[{"taxonomy":"category","embeddable":true,"href":"https:\/\/www.rengoenlanoticia.cl\/prensa\/wp-json\/wp\/v2\/categories?post=4318"},{"taxonomy":"post_tag","embeddable":true,"href":"https:\/\/www.rengoenlanoticia.cl\/prensa\/wp-json\/wp\/v2\/tags?post=4318"}],"curies":[{"name":"wp","href":"https:\/\/api.w.org\/{rel}","templated":true}]}}