{"id":4310,"date":"2025-07-10T15:31:49","date_gmt":"2025-07-10T15:31:49","guid":{"rendered":"https:\/\/www.rengoenlanoticia.cl\/prensa\/?p=4310"},"modified":"2025-07-10T15:33:08","modified_gmt":"2025-07-10T15:33:08","slug":"coltauco-recupera-espacios-publicos-afectados-por-inundaciones-para-habilitar-plazas-ciudadanas","status":"publish","type":"post","link":"https:\/\/www.rengoenlanoticia.cl\/prensa\/2025\/07\/10\/coltauco-recupera-espacios-publicos-afectados-por-inundaciones-para-habilitar-plazas-ciudadanas\/","title":{"rendered":"Coltauco recupera espacios p\u00fablicos afectados por inundaciones para habilitar plazas ciudadanas"},"content":{"rendered":"\n<p>Proyectos fueron financiados por el Gobierno Regional de<br>O&#8217;Higgins, a trav\u00e9s de un trabajo colaborativo con el municipio.<\/p>\n\n\n\n<p> Durante el invierno de 2023 la comuna de Coltauco fue afectada por graves inundaciones que causaron serios perjuicios a miles de vecinas y vecinos. Particularmente, las villas El Molino y Las Araucarias sufrieron las consecuencias del desborde del r\u00edo Cachapoal, por lo que el municipio de Coltauco present\u00f3 un proyecto al Gobierno Regional para recuperar espacios p\u00fablicos abandonados y en malas condiciones, para transformarlos en plazas ciudadanas, con \u00e1reas verdes, para el beneficio de su comunidad.<\/p>\n\n\n\n<figure class=\"wp-block-image size-large\"><img loading=\"lazy\" decoding=\"async\" width=\"1024\" height=\"683\" src=\"https:\/\/www.rengoenlanoticia.cl\/prensa\/wp-content\/uploads\/2025\/07\/WhatsApp-Image-2025-07-09-at-15.31.16-1-1024x683.jpeg\" alt=\"\" class=\"wp-image-4311\" srcset=\"https:\/\/www.rengoenlanoticia.cl\/prensa\/wp-content\/uploads\/2025\/07\/WhatsApp-Image-2025-07-09-at-15.31.16-1-1024x683.jpeg 1024w, https:\/\/www.rengoenlanoticia.cl\/prensa\/wp-content\/uploads\/2025\/07\/WhatsApp-Image-2025-07-09-at-15.31.16-1-300x200.jpeg 300w, https:\/\/www.rengoenlanoticia.cl\/prensa\/wp-content\/uploads\/2025\/07\/WhatsApp-Image-2025-07-09-at-15.31.16-1-768x512.jpeg 768w, https:\/\/www.rengoenlanoticia.cl\/prensa\/wp-content\/uploads\/2025\/07\/WhatsApp-Image-2025-07-09-at-15.31.16-1-1536x1024.jpeg 1536w, https:\/\/www.rengoenlanoticia.cl\/prensa\/wp-content\/uploads\/2025\/07\/WhatsApp-Image-2025-07-09-at-15.31.16-1-2048x1365.jpeg 2048w, https:\/\/www.rengoenlanoticia.cl\/prensa\/wp-content\/uploads\/2025\/07\/WhatsApp-Image-2025-07-09-at-15.31.16-1-110x73.jpeg 110w, https:\/\/www.rengoenlanoticia.cl\/prensa\/wp-content\/uploads\/2025\/07\/WhatsApp-Image-2025-07-09-at-15.31.16-1-200x133.jpeg 200w, https:\/\/www.rengoenlanoticia.cl\/prensa\/wp-content\/uploads\/2025\/07\/WhatsApp-Image-2025-07-09-at-15.31.16-1-380x253.jpeg 380w, https:\/\/www.rengoenlanoticia.cl\/prensa\/wp-content\/uploads\/2025\/07\/WhatsApp-Image-2025-07-09-at-15.31.16-1-255x170.jpeg 255w, https:\/\/www.rengoenlanoticia.cl\/prensa\/wp-content\/uploads\/2025\/07\/WhatsApp-Image-2025-07-09-at-15.31.16-1-550x367.jpeg 550w, https:\/\/www.rengoenlanoticia.cl\/prensa\/wp-content\/uploads\/2025\/07\/WhatsApp-Image-2025-07-09-at-15.31.16-1-800x533.jpeg 800w, https:\/\/www.rengoenlanoticia.cl\/prensa\/wp-content\/uploads\/2025\/07\/WhatsApp-Image-2025-07-09-at-15.31.16-1-1160x773.jpeg 1160w, https:\/\/www.rengoenlanoticia.cl\/prensa\/wp-content\/uploads\/2025\/07\/WhatsApp-Image-2025-07-09-at-15.31.16-1-scaled.jpeg 2560w\" sizes=\"auto, (max-width: 1024px) 100vw, 1024px\" \/><\/figure>\n\n\n\n<p>Ambas iniciativas fueron inauguradas por el Gobernador Regional Pablo Silva Amaya, junto con el alcalde F\u00e9lix S\u00e1nchez, los consejeros regionales Jacqueline Jorquera y Alex Ram\u00edrez, adem\u00e1s de concejales, en una jornada donde tambi\u00e9n se inauguraron salas del polideportivo en el estadio municipal, y se entreg\u00f3 oficialmente un cami\u00f3n para el uso del departamento de Operaciones del municipio, a trav\u00e9s de una inversi\u00f3n global superior a los 437 millones de pesos, provenientes del Gobierno Regional.<\/p>\n\n\n\n<p>El Gobernador Regional Pablo Silva Amaya, destac\u00f3 la importancia de estos proyectos para promover el deporte y la recuperaci\u00f3n de espacios p\u00fablicos en la comuna de Coltauco. \u201cEstamos muy contentos de inaugurar estos proyectos que surgieron como necesidad municipal, y que fueron priorizados por el Gobierno Regional, buscando habilitar espacios para el deporte, sobre todo para ni\u00f1os y adolescentes, y recuperar espacios que se inundaron y ahora se transformaron en plazas hermosas para la comunidad. Adem\u00e1s, entregamos un cami\u00f3n para el departamento de Operaciones del municipio. Coltauco es una comuna bell\u00edsima, donde estamos trabajando en forma colaborativa con el alcalde, su concejo municipal, y por supuesto con el Consejo Regional\u201d, enfatiz\u00f3.<\/p>\n\n\n\n<p>La m\u00e1xima autoridad regional agreg\u00f3 que \u201cla recuperaci\u00f3n de estos espacios p\u00fablicos es espectacular, con juegos infantiles y \u00e1reas verdes, donde los ni\u00f1os y la comunidad se toman estos lugares, en un proceso de seguridad p\u00fablica muy importante, con buena iluminaci\u00f3n y espacios recreativos para toda la comunidad\u201d.<\/p>\n\n\n\n<figure class=\"wp-block-image size-large\"><img loading=\"lazy\" decoding=\"async\" width=\"1024\" height=\"683\" src=\"https:\/\/www.rengoenlanoticia.cl\/prensa\/wp-content\/uploads\/2025\/07\/WhatsApp-Image-2025-07-09-at-15.32.27-1-1024x683.jpeg\" alt=\"\" class=\"wp-image-4313\" srcset=\"https:\/\/www.rengoenlanoticia.cl\/prensa\/wp-content\/uploads\/2025\/07\/WhatsApp-Image-2025-07-09-at-15.32.27-1-1024x683.jpeg 1024w, https:\/\/www.rengoenlanoticia.cl\/prensa\/wp-content\/uploads\/2025\/07\/WhatsApp-Image-2025-07-09-at-15.32.27-1-300x200.jpeg 300w, https:\/\/www.rengoenlanoticia.cl\/prensa\/wp-content\/uploads\/2025\/07\/WhatsApp-Image-2025-07-09-at-15.32.27-1-768x512.jpeg 768w, https:\/\/www.rengoenlanoticia.cl\/prensa\/wp-content\/uploads\/2025\/07\/WhatsApp-Image-2025-07-09-at-15.32.27-1-1536x1024.jpeg 1536w, https:\/\/www.rengoenlanoticia.cl\/prensa\/wp-content\/uploads\/2025\/07\/WhatsApp-Image-2025-07-09-at-15.32.27-1-2048x1365.jpeg 2048w, https:\/\/www.rengoenlanoticia.cl\/prensa\/wp-content\/uploads\/2025\/07\/WhatsApp-Image-2025-07-09-at-15.32.27-1-110x73.jpeg 110w, https:\/\/www.rengoenlanoticia.cl\/prensa\/wp-content\/uploads\/2025\/07\/WhatsApp-Image-2025-07-09-at-15.32.27-1-200x133.jpeg 200w, https:\/\/www.rengoenlanoticia.cl\/prensa\/wp-content\/uploads\/2025\/07\/WhatsApp-Image-2025-07-09-at-15.32.27-1-380x253.jpeg 380w, https:\/\/www.rengoenlanoticia.cl\/prensa\/wp-content\/uploads\/2025\/07\/WhatsApp-Image-2025-07-09-at-15.32.27-1-255x170.jpeg 255w, https:\/\/www.rengoenlanoticia.cl\/prensa\/wp-content\/uploads\/2025\/07\/WhatsApp-Image-2025-07-09-at-15.32.27-1-550x367.jpeg 550w, https:\/\/www.rengoenlanoticia.cl\/prensa\/wp-content\/uploads\/2025\/07\/WhatsApp-Image-2025-07-09-at-15.32.27-1-800x533.jpeg 800w, https:\/\/www.rengoenlanoticia.cl\/prensa\/wp-content\/uploads\/2025\/07\/WhatsApp-Image-2025-07-09-at-15.32.27-1-1160x773.jpeg 1160w, https:\/\/www.rengoenlanoticia.cl\/prensa\/wp-content\/uploads\/2025\/07\/WhatsApp-Image-2025-07-09-at-15.32.27-1-scaled.jpeg 2560w\" sizes=\"auto, (max-width: 1024px) 100vw, 1024px\" \/><\/figure>\n\n\n\n<p>En tanto, el alcalde F\u00e9lix S\u00e1nchez, resalt\u00f3 la importancia de la jornada de inauguraciones en su comuna. \u201cEl d\u00eda de hoy ha sido satisfactorio para nuestra comuna de Coltauco. Hemos inaugurado proyectos emblem\u00e1ticos despu\u00e9s de las inundaciones que tuvimos el a\u00f1o 2023, hoy estamos inaugurando plazas y \u00e1reas verdes que estaban destruidas, solamente con el \u00fanico objetivo de favorecer a nuestros vecinos de la comuna de Coltauco. Quiero agradecer el Gobernador Pablo Silva Amaya, a los consejeros regionales, a los concejales, y principalmente a la gente que ha trabajado junto con nosotros para dar soluciones concretas a las necesidades de las vecinas y vecinos de la comuna\u201d.<\/p>\n\n\n\n<p>Impresiones de vecinos beneficiados<\/p>\n\n\n\n<p>En relaci\u00f3n a las salas del polideportivo, la seleccionada nacional de Taekwondo Colomba Torres, manifest\u00f3 que \u201cpara nosotros es muy importante contar con estos espacios, ya que hemos tenido que viajar a muchos lados para entrenar, nos han robado muchas veces nuestra implementaci\u00f3n deportiva, entonces para nosotros tener un lugar que sea propio y seguro, es incre\u00edble. Nosotros tenemos muchos deportistas destacados, seleccionados nacionales, y que el Gobierno Regional y municipio se preocupen de ayudar, es lo m\u00e1s importante\u201d.<\/p>\n\n\n\n<figure class=\"wp-block-image size-large\"><img loading=\"lazy\" decoding=\"async\" width=\"1024\" height=\"683\" src=\"https:\/\/www.rengoenlanoticia.cl\/prensa\/wp-content\/uploads\/2025\/07\/WhatsApp-Image-2025-07-09-at-15.31.16-1024x683.jpeg\" alt=\"\" class=\"wp-image-4312\" srcset=\"https:\/\/www.rengoenlanoticia.cl\/prensa\/wp-content\/uploads\/2025\/07\/WhatsApp-Image-2025-07-09-at-15.31.16-1024x683.jpeg 1024w, https:\/\/www.rengoenlanoticia.cl\/prensa\/wp-content\/uploads\/2025\/07\/WhatsApp-Image-2025-07-09-at-15.31.16-300x200.jpeg 300w, https:\/\/www.rengoenlanoticia.cl\/prensa\/wp-content\/uploads\/2025\/07\/WhatsApp-Image-2025-07-09-at-15.31.16-768x512.jpeg 768w, https:\/\/www.rengoenlanoticia.cl\/prensa\/wp-content\/uploads\/2025\/07\/WhatsApp-Image-2025-07-09-at-15.31.16-1536x1024.jpeg 1536w, https:\/\/www.rengoenlanoticia.cl\/prensa\/wp-content\/uploads\/2025\/07\/WhatsApp-Image-2025-07-09-at-15.31.16-2048x1365.jpeg 2048w, https:\/\/www.rengoenlanoticia.cl\/prensa\/wp-content\/uploads\/2025\/07\/WhatsApp-Image-2025-07-09-at-15.31.16-110x73.jpeg 110w, https:\/\/www.rengoenlanoticia.cl\/prensa\/wp-content\/uploads\/2025\/07\/WhatsApp-Image-2025-07-09-at-15.31.16-200x133.jpeg 200w, https:\/\/www.rengoenlanoticia.cl\/prensa\/wp-content\/uploads\/2025\/07\/WhatsApp-Image-2025-07-09-at-15.31.16-380x253.jpeg 380w, https:\/\/www.rengoenlanoticia.cl\/prensa\/wp-content\/uploads\/2025\/07\/WhatsApp-Image-2025-07-09-at-15.31.16-255x170.jpeg 255w, https:\/\/www.rengoenlanoticia.cl\/prensa\/wp-content\/uploads\/2025\/07\/WhatsApp-Image-2025-07-09-at-15.31.16-550x367.jpeg 550w, https:\/\/www.rengoenlanoticia.cl\/prensa\/wp-content\/uploads\/2025\/07\/WhatsApp-Image-2025-07-09-at-15.31.16-800x533.jpeg 800w, https:\/\/www.rengoenlanoticia.cl\/prensa\/wp-content\/uploads\/2025\/07\/WhatsApp-Image-2025-07-09-at-15.31.16-1160x773.jpeg 1160w, https:\/\/www.rengoenlanoticia.cl\/prensa\/wp-content\/uploads\/2025\/07\/WhatsApp-Image-2025-07-09-at-15.31.16-scaled.jpeg 2560w\" sizes=\"auto, (max-width: 1024px) 100vw, 1024px\" \/><\/figure>\n\n\n\n<p>En tanto, V\u00edctor Droguett, presidente de la Junta de Vecinos Unidos de Villa El Molino, expres\u00f3 que \u201cesta nueva plaza fue una lucha por varios a\u00f1os, es muy bonita porque tenemos juegos para los ni\u00f1os, m\u00e1s seguridad con el alumbrado, con mayor seguridad ciudadana, tenemos bancas y m\u00e1s comodidad para todas nuestras familias, lo que genera m\u00e1s uni\u00f3n entre vecinas y vecinos, y un mejor futuro para nuestros hijos y nietos\u201d.<\/p>\n\n\n\n<p>Asimismo, Mar\u00eda Paz Correa, presidenta de la Junta de Vecinos de la Villa Las Araucarias, manifest\u00f3 que \u201clo importante de esta plaza es que la gente se pueda unir, que tengamos sentido de pertenencia y podamos disfrutar este espacio entre las familias y vecinos. Agradecemos al Gobernador y a cada una de las personas que hicieron posible este sue\u00f1o. Este espacio era un peladero, solo hab\u00eda tierra; con este proyecto mejoramos los espacios, le pusimos pasto, instalamos juegos infantiles, m\u00e1quinas para hacer ejercicio y lo iluminamos, para el beneficio de todas las vecinas y vecinos, particularmente nuestros ni\u00f1os\u201d.<\/p>\n","protected":false},"excerpt":{"rendered":"Proyectos fueron financiados por el Gobierno Regional deO&#8217;Higgins, a trav\u00e9s de un trabajo colaborativo con el municipio. Durante&hellip;\n","protected":false},"author":2,"featured_media":4314,"comment_status":"open","ping_status":"open","sticky":false,"template":"","format":"standard","meta":{"_monsterinsights_skip_tracking":false,"_monsterinsights_sitenote_active":false,"_monsterinsights_sitenote_note":"","_monsterinsights_sitenote_category":0,"footnotes":""},"categories":[8],"tags":[],"class_list":{"0":"post-4310","1":"post","2":"type-post","3":"status-publish","4":"format-standard","5":"has-post-thumbnail","7":"category-portada"},"aioseo_notices":[],"_links":{"self":[{"href":"https:\/\/www.rengoenlanoticia.cl\/prensa\/wp-json\/wp\/v2\/posts\/4310","targetHints":{"allow":["GET"]}}],"collection":[{"href":"https:\/\/www.rengoenlanoticia.cl\/prensa\/wp-json\/wp\/v2\/posts"}],"about":[{"href":"https:\/\/www.rengoenlanoticia.cl\/prensa\/wp-json\/wp\/v2\/types\/post"}],"author":[{"embeddable":true,"href":"https:\/\/www.rengoenlanoticia.cl\/prensa\/wp-json\/wp\/v2\/users\/2"}],"replies":[{"embeddable":true,"href":"https:\/\/www.rengoenlanoticia.cl\/prensa\/wp-json\/wp\/v2\/comments?post=4310"}],"version-history":[{"count":3,"href":"https:\/\/www.rengoenlanoticia.cl\/prensa\/wp-json\/wp\/v2\/posts\/4310\/revisions"}],"predecessor-version":[{"id":4317,"href":"https:\/\/www.rengoenlanoticia.cl\/prensa\/wp-json\/wp\/v2\/posts\/4310\/revisions\/4317"}],"wp:featuredmedia":[{"embeddable":true,"href":"https:\/\/www.rengoenlanoticia.cl\/prensa\/wp-json\/wp\/v2\/media\/4314"}],"wp:attachment":[{"href":"https:\/\/www.rengoenlanoticia.cl\/prensa\/wp-json\/wp\/v2\/media?parent=4310"}],"wp:term":[{"taxonomy":"category","embeddable":true,"href":"https:\/\/www.rengoenlanoticia.cl\/prensa\/wp-json\/wp\/v2\/categories?post=4310"},{"taxonomy":"post_tag","embeddable":true,"href":"https:\/\/www.rengoenlanoticia.cl\/prensa\/wp-json\/wp\/v2\/tags?post=4310"}],"curies":[{"name":"wp","href":"https:\/\/api.w.org\/{rel}","templated":true}]}}