{"id":4305,"date":"2025-07-10T01:42:15","date_gmt":"2025-07-10T01:42:15","guid":{"rendered":"https:\/\/www.rengoenlanoticia.cl\/prensa\/?p=4305"},"modified":"2025-07-10T01:42:35","modified_gmt":"2025-07-10T01:42:35","slug":"firma-de-contrato-barrial-en-barrio-sanfurgo-de-santa-cruz-da-luz-verde-a-obras-del-quiero-mi-barrio","status":"publish","type":"post","link":"https:\/\/www.rengoenlanoticia.cl\/prensa\/2025\/07\/10\/firma-de-contrato-barrial-en-barrio-sanfurgo-de-santa-cruz-da-luz-verde-a-obras-del-quiero-mi-barrio\/","title":{"rendered":"Firma de contrato barrial en Barrio Sanfurgo de Santa Cruz da luz verde a obras del quiero mi barrio"},"content":{"rendered":"\n<p>El Minvu O\u2019Higgins, la Municipalidad de Santa Cruz y el Consejo Vecinal de Desarrollo (CVD) firmaron el contrato barrial que marca el inicio oficial de las obras priorizadas en el Plan de Gesti\u00f3n Social y el Plan de Gesti\u00f3n de Obras del programa Quiero Mi Barrio.<\/p>\n\n\n\n<p>Con la firma del contrato barrial, el Barrio Sanfurgo de Santa Cruz inicia oficialmente la ejecuci\u00f3n de obras que mejorar\u00e1n significativamente su infraestructura y calidad de vida. Este importante avance se enmarca dentro del programa <strong>Quiero Mi Barrio<\/strong>, que promueve la revitalizaci\u00f3n urbana y social a trav\u00e9s del trabajo conjunto entre las comunidades y el Estado.<\/p>\n\n\n\n<p>El contrato fue suscrito entre el <strong>Ministerio de Vivienda y Urbanismo (Minvu)<\/strong>, la <strong>Municipalidad de Santa Cruz<\/strong> y el <strong>Consejo Vecinal de Desarrollo (CVD)<\/strong><strong>, <\/strong>lo que permite dar el vamos a las obras priorizadas en el <strong>Plan de Gesti\u00f3n Social<\/strong> y el <strong>Plan de Gesti\u00f3n de Obras<\/strong> dise\u00f1ados para el sector.<\/p>\n\n\n\n<p>Las intervenciones contemplan mejoras en \u00e1reas de equipamiento comunitario, espacios p\u00fablicos, \u00e1reas verdes y sedes sociales, con especial \u00e9nfasis en las villas Arauco y El Rosario, y la poblaci\u00f3n Sanfurgo, sectores clave dentro del plan de mejoramiento.<\/p>\n\n\n\n<p>El <strong>seremi de Vivienda y Urbanismo de la Regi\u00f3n de O\u2019Higgins, Luis Barboza<\/strong>, destac\u00f3 la importancia del Quiero Mi Barrio. <em>\u201cEl programa es una herramienta que nos permite transformar los territorios desde las propias comunidades. Este tipo de intervenciones no solo mejoran la infraestructura, tambi\u00e9n fortalecen el tejido social y la participaci\u00f3n vecinal. Hoy reafirmamos nuestro compromiso con los barrios de la regi\u00f3n\u201d<\/em><em>.<\/em><\/p>\n\n\n\n<figure class=\"wp-block-image size-full\"><img loading=\"lazy\" decoding=\"async\" width=\"1024\" height=\"577\" src=\"https:\/\/www.rengoenlanoticia.cl\/prensa\/wp-content\/uploads\/2025\/07\/20250707_190152.jpg\" alt=\"\" class=\"wp-image-4306\" srcset=\"https:\/\/www.rengoenlanoticia.cl\/prensa\/wp-content\/uploads\/2025\/07\/20250707_190152.jpg 1024w, https:\/\/www.rengoenlanoticia.cl\/prensa\/wp-content\/uploads\/2025\/07\/20250707_190152-300x169.jpg 300w, https:\/\/www.rengoenlanoticia.cl\/prensa\/wp-content\/uploads\/2025\/07\/20250707_190152-768x433.jpg 768w, https:\/\/www.rengoenlanoticia.cl\/prensa\/wp-content\/uploads\/2025\/07\/20250707_190152-110x62.jpg 110w, https:\/\/www.rengoenlanoticia.cl\/prensa\/wp-content\/uploads\/2025\/07\/20250707_190152-200x113.jpg 200w, https:\/\/www.rengoenlanoticia.cl\/prensa\/wp-content\/uploads\/2025\/07\/20250707_190152-380x214.jpg 380w, https:\/\/www.rengoenlanoticia.cl\/prensa\/wp-content\/uploads\/2025\/07\/20250707_190152-255x144.jpg 255w, https:\/\/www.rengoenlanoticia.cl\/prensa\/wp-content\/uploads\/2025\/07\/20250707_190152-550x310.jpg 550w, https:\/\/www.rengoenlanoticia.cl\/prensa\/wp-content\/uploads\/2025\/07\/20250707_190152-800x451.jpg 800w\" sizes=\"auto, (max-width: 1024px) 100vw, 1024px\" \/><\/figure>\n\n\n\n<p>Por su parte, el <strong>alcalde de Santa Cruz, Yamil Ethit<\/strong>, valor\u00f3 el progreso: <em>\u201cEstamos firmando un convenio con la Seremi de Vivienda de nuestra regi\u00f3n, para poder implementar una etapa del Quiero Mi Barrio en las \u00e1reas de equipamiento, \u00e1reas verdes y sedes sociales de las villas Arauco y El Rosario de Santa Cruz. Es una parte de los mejoramientos que vienen en el Barrio Sanfurgo\u201d<\/em><em>.<\/em><\/p>\n\n\n\n<p>En tanto, la presidenta del Consejo Vecinal de Desarrollo, <strong>Luz Ahumada<\/strong>, expres\u00f3 la alegr\u00eda de los vecinos: <em>\u201cEstamos muy contentos como vecinos. Por fin vemos que se concretan cosas importantes para nuestro barrio. Llevamos tiempo so\u00f1ando con esto y ahora pronto comenzar\u00e1n las obras que tanto esperamos\u201d<\/em><em>.<\/em> Este hito marca el inicio de una etapa de transformaci\u00f3n para el Barrio Sanfurgo, reafirmando el compromiso del Minvu O\u2019Higgins con la creaci\u00f3n de barrios m\u00e1s dignos, inclusivos y sustentables<\/p>\n","protected":false},"excerpt":{"rendered":"El Minvu O\u2019Higgins, la Municipalidad de Santa Cruz y el Consejo Vecinal de Desarrollo (CVD) firmaron el contrato&hellip;\n","protected":false},"author":2,"featured_media":4307,"comment_status":"open","ping_status":"open","sticky":false,"template":"","format":"standard","meta":{"_monsterinsights_skip_tracking":false,"_monsterinsights_sitenote_active":false,"_monsterinsights_sitenote_note":"","_monsterinsights_sitenote_category":0,"footnotes":""},"categories":[8],"tags":[],"class_list":{"0":"post-4305","1":"post","2":"type-post","3":"status-publish","4":"format-standard","5":"has-post-thumbnail","7":"category-portada"},"aioseo_notices":[],"_links":{"self":[{"href":"https:\/\/www.rengoenlanoticia.cl\/prensa\/wp-json\/wp\/v2\/posts\/4305","targetHints":{"allow":["GET"]}}],"collection":[{"href":"https:\/\/www.rengoenlanoticia.cl\/prensa\/wp-json\/wp\/v2\/posts"}],"about":[{"href":"https:\/\/www.rengoenlanoticia.cl\/prensa\/wp-json\/wp\/v2\/types\/post"}],"author":[{"embeddable":true,"href":"https:\/\/www.rengoenlanoticia.cl\/prensa\/wp-json\/wp\/v2\/users\/2"}],"replies":[{"embeddable":true,"href":"https:\/\/www.rengoenlanoticia.cl\/prensa\/wp-json\/wp\/v2\/comments?post=4305"}],"version-history":[{"count":2,"href":"https:\/\/www.rengoenlanoticia.cl\/prensa\/wp-json\/wp\/v2\/posts\/4305\/revisions"}],"predecessor-version":[{"id":4309,"href":"https:\/\/www.rengoenlanoticia.cl\/prensa\/wp-json\/wp\/v2\/posts\/4305\/revisions\/4309"}],"wp:featuredmedia":[{"embeddable":true,"href":"https:\/\/www.rengoenlanoticia.cl\/prensa\/wp-json\/wp\/v2\/media\/4307"}],"wp:attachment":[{"href":"https:\/\/www.rengoenlanoticia.cl\/prensa\/wp-json\/wp\/v2\/media?parent=4305"}],"wp:term":[{"taxonomy":"category","embeddable":true,"href":"https:\/\/www.rengoenlanoticia.cl\/prensa\/wp-json\/wp\/v2\/categories?post=4305"},{"taxonomy":"post_tag","embeddable":true,"href":"https:\/\/www.rengoenlanoticia.cl\/prensa\/wp-json\/wp\/v2\/tags?post=4305"}],"curies":[{"name":"wp","href":"https:\/\/api.w.org\/{rel}","templated":true}]}}