{"id":4292,"date":"2025-07-09T20:45:50","date_gmt":"2025-07-09T20:45:50","guid":{"rendered":"https:\/\/www.rengoenlanoticia.cl\/prensa\/?p=4292"},"modified":"2025-07-10T01:33:52","modified_gmt":"2025-07-10T01:33:52","slug":"ley-tommy-rey-avanza-en-la-comision-de-cultura-de-la-camara-de-diputadas-y-diputados","status":"publish","type":"post","link":"https:\/\/www.rengoenlanoticia.cl\/prensa\/2025\/07\/09\/ley-tommy-rey-avanza-en-la-comision-de-cultura-de-la-camara-de-diputadas-y-diputados\/","title":{"rendered":"Ley Tommy Rey Proyecto presentado por la Diputada Marta Gonz\u00e1lez, avanza en la Comisi\u00f3n de Cultura de la C\u00e1mara de Diputados"},"content":{"rendered":"\n<p>Este mi\u00e9rcoles, la Comisi\u00f3n de Cultura, Artes y Comunicaciones aprob\u00f3 en general el proyecto conocido como Ley Tommy Rey, presentado por la Diputada Marta Gonz\u00e1lez e impulsado por la Sociedad Chilena de Autores e Int\u00e9rpretes Musicales (SCD).<\/p>\n\n\n\n<p>Con esta votaci\u00f3n, la iniciativa obtiene luz verde para continuar su tramitaci\u00f3n en el Congreso Nacional y seguir\u00e1 siendo discutida en particular en la misma comisi\u00f3n de origen.<\/p>\n\n\n\n<p>La Ley Tommy Rey busca garantizar una remuneraci\u00f3n justa para artistas int\u00e9rpretes y ejecutantes por la reproducci\u00f3n de su m\u00fasica en plataformas digitales, una demanda hist\u00f3rica del mundo musical chileno. Actualmente, estos artistas reciben regal\u00edas cuando su m\u00fasica se transmite en radios, televisi\u00f3n y supermercados, pero no cuando es reproducida en plataformas digitales.<\/p>\n\n\n\n<p>La Diputada Marta Gonz\u00e1lez, autora del proyecto, valor\u00f3 el respaldo que recibi\u00f3 el coraz\u00f3n de la propuesta: \u201cEstamos muy contentos porque el proyecto de Ley Tommy Rey avanza en la Comisi\u00f3n de Cultura y hoy se vot\u00f3 en general. Hay un consenso en que necesitamos un pago justo y equitativo para los artistas creadores de la m\u00fasica y a los trabajadores conexos a la actividad de la creaci\u00f3n musical\u201d.<\/p>\n\n\n\n<p>Gonz\u00e1lez tambi\u00e9n agradeci\u00f3 el apoyo de la SCD y de los diputados de la Comisi\u00f3n que respaldaron la propuesta que rinde homenaje al fallecido m\u00fasico chileno Tommy Rey, quien, pese a acumular millones de reproducciones en plataformas digitales, nunca recibi\u00f3 pagos por ese uso de su m\u00fasica.<\/p>\n\n\n\n<figure class=\"wp-block-image size-large\"><img loading=\"lazy\" decoding=\"async\" width=\"1024\" height=\"768\" src=\"https:\/\/www.rengoenlanoticia.cl\/prensa\/wp-content\/uploads\/2025\/07\/WhatsApp-Image-2025-07-09-at-15.34.33-1024x768.jpeg\" alt=\"\" class=\"wp-image-4294\" srcset=\"https:\/\/www.rengoenlanoticia.cl\/prensa\/wp-content\/uploads\/2025\/07\/WhatsApp-Image-2025-07-09-at-15.34.33-1024x768.jpeg 1024w, https:\/\/www.rengoenlanoticia.cl\/prensa\/wp-content\/uploads\/2025\/07\/WhatsApp-Image-2025-07-09-at-15.34.33-300x225.jpeg 300w, https:\/\/www.rengoenlanoticia.cl\/prensa\/wp-content\/uploads\/2025\/07\/WhatsApp-Image-2025-07-09-at-15.34.33-768x576.jpeg 768w, https:\/\/www.rengoenlanoticia.cl\/prensa\/wp-content\/uploads\/2025\/07\/WhatsApp-Image-2025-07-09-at-15.34.33-1536x1152.jpeg 1536w, https:\/\/www.rengoenlanoticia.cl\/prensa\/wp-content\/uploads\/2025\/07\/WhatsApp-Image-2025-07-09-at-15.34.33-110x83.jpeg 110w, https:\/\/www.rengoenlanoticia.cl\/prensa\/wp-content\/uploads\/2025\/07\/WhatsApp-Image-2025-07-09-at-15.34.33-200x150.jpeg 200w, https:\/\/www.rengoenlanoticia.cl\/prensa\/wp-content\/uploads\/2025\/07\/WhatsApp-Image-2025-07-09-at-15.34.33-380x285.jpeg 380w, https:\/\/www.rengoenlanoticia.cl\/prensa\/wp-content\/uploads\/2025\/07\/WhatsApp-Image-2025-07-09-at-15.34.33-255x191.jpeg 255w, https:\/\/www.rengoenlanoticia.cl\/prensa\/wp-content\/uploads\/2025\/07\/WhatsApp-Image-2025-07-09-at-15.34.33-550x413.jpeg 550w, https:\/\/www.rengoenlanoticia.cl\/prensa\/wp-content\/uploads\/2025\/07\/WhatsApp-Image-2025-07-09-at-15.34.33-800x600.jpeg 800w, https:\/\/www.rengoenlanoticia.cl\/prensa\/wp-content\/uploads\/2025\/07\/WhatsApp-Image-2025-07-09-at-15.34.33-1160x870.jpeg 1160w, https:\/\/www.rengoenlanoticia.cl\/prensa\/wp-content\/uploads\/2025\/07\/WhatsApp-Image-2025-07-09-at-15.34.33.jpeg 1600w\" sizes=\"auto, (max-width: 1024px) 100vw, 1024px\" \/><\/figure>\n\n\n\n<p>La parlamentaria de la Regi\u00f3n de O\u2019Higgins y ex Presidenta de la Comisi\u00f3n de Cultura a\u00f1adi\u00f3 que ahora \u201cviene la tramitaci\u00f3n en particular, tambi\u00e9n un proceso para hacer indicaciones, y esperamos que este proyecto siga avanzando porque hoy en este mundo digitalizado es muy importante poder resguardar los derechos de los artistas frente a las grandes empresas globales como plataformas digitales\u201d.<\/p>\n\n\n\n<p>En tanto, Rodrigo Osorio -\u201dDon Rorro\u201d- , vocalista de la banda Sinergia y presidente de la SCD, destac\u00f3 la importancia del avance legislativo del proyecto: \u201cAgradecer el compromiso de la Diputada Marta Gonz\u00e1lez y a todos los parlamentarios que votaron a favor, porque votar a favor ya tiene un punto muy importante que es abrir la discusi\u00f3n. Con este tema hay muchas cosas que se dicen que suceden, pero en realidad no suceden. La realidad es que los int\u00e9rpretes y ejecutantes no reciben regal\u00edas de las plataformas digitales\u201d.<\/p>\n\n\n\n<p>Al mismo tiempo, el m\u00fasico afirm\u00f3 que \u201cSe buscan confundir conceptos, y lo importante ac\u00e1 es que haya una remuneraci\u00f3n justa y que puedan vivir de su trabajo. Es fundamental avanzar en esto porque este es el presente y el futuro. Lo que estamos haciendo ahora es para los artistas de ayer, hoy y de ma\u00f1ana\u201d.<\/p>\n\n\n\n<p>El proyecto fue aprobado con <strong>6 votos a favor<\/strong>, <strong>3 en contra<\/strong> y <strong>una abstenci\u00f3n<\/strong>.<\/p>\n\n\n\n<p><\/p>\n","protected":false},"excerpt":{"rendered":"Este mi\u00e9rcoles, la Comisi\u00f3n de Cultura, Artes y Comunicaciones aprob\u00f3 en general el proyecto conocido como Ley Tommy&hellip;\n","protected":false},"author":2,"featured_media":4293,"comment_status":"open","ping_status":"open","sticky":false,"template":"","format":"standard","meta":{"_monsterinsights_skip_tracking":false,"_monsterinsights_sitenote_active":false,"_monsterinsights_sitenote_note":"","_monsterinsights_sitenote_category":0,"footnotes":""},"categories":[11,8],"tags":[],"class_list":{"0":"post-4292","1":"post","2":"type-post","3":"status-publish","4":"format-standard","5":"has-post-thumbnail","7":"category-politica","8":"category-portada"},"aioseo_notices":[],"_links":{"self":[{"href":"https:\/\/www.rengoenlanoticia.cl\/prensa\/wp-json\/wp\/v2\/posts\/4292","targetHints":{"allow":["GET"]}}],"collection":[{"href":"https:\/\/www.rengoenlanoticia.cl\/prensa\/wp-json\/wp\/v2\/posts"}],"about":[{"href":"https:\/\/www.rengoenlanoticia.cl\/prensa\/wp-json\/wp\/v2\/types\/post"}],"author":[{"embeddable":true,"href":"https:\/\/www.rengoenlanoticia.cl\/prensa\/wp-json\/wp\/v2\/users\/2"}],"replies":[{"embeddable":true,"href":"https:\/\/www.rengoenlanoticia.cl\/prensa\/wp-json\/wp\/v2\/comments?post=4292"}],"version-history":[{"count":6,"href":"https:\/\/www.rengoenlanoticia.cl\/prensa\/wp-json\/wp\/v2\/posts\/4292\/revisions"}],"predecessor-version":[{"id":4304,"href":"https:\/\/www.rengoenlanoticia.cl\/prensa\/wp-json\/wp\/v2\/posts\/4292\/revisions\/4304"}],"wp:featuredmedia":[{"embeddable":true,"href":"https:\/\/www.rengoenlanoticia.cl\/prensa\/wp-json\/wp\/v2\/media\/4293"}],"wp:attachment":[{"href":"https:\/\/www.rengoenlanoticia.cl\/prensa\/wp-json\/wp\/v2\/media?parent=4292"}],"wp:term":[{"taxonomy":"category","embeddable":true,"href":"https:\/\/www.rengoenlanoticia.cl\/prensa\/wp-json\/wp\/v2\/categories?post=4292"},{"taxonomy":"post_tag","embeddable":true,"href":"https:\/\/www.rengoenlanoticia.cl\/prensa\/wp-json\/wp\/v2\/tags?post=4292"}],"curies":[{"name":"wp","href":"https:\/\/api.w.org\/{rel}","templated":true}]}}