{"id":4279,"date":"2025-07-09T15:48:11","date_gmt":"2025-07-09T15:48:11","guid":{"rendered":"https:\/\/www.rengoenlanoticia.cl\/prensa\/?p=4279"},"modified":"2025-07-09T15:48:27","modified_gmt":"2025-07-09T15:48:27","slug":"presidente-de-la-corte-de-rancagua-se-reune-con-directivas-de-la-corporacion-opcion-para-abordar-guias-clinicas-para-jovenes-infractores-de-ley","status":"publish","type":"post","link":"https:\/\/www.rengoenlanoticia.cl\/prensa\/2025\/07\/09\/presidente-de-la-corte-de-rancagua-se-reune-con-directivas-de-la-corporacion-opcion-para-abordar-guias-clinicas-para-jovenes-infractores-de-ley\/","title":{"rendered":"Presidente de la Corte de Rancagua se re\u00fane con directivas de la Corporaci\u00f3n Opci\u00f3n para abordar gu\u00edas cl\u00ednicas para j\u00f3venes infractores de ley"},"content":{"rendered":"\n<p>El presidente de la Corte de Apelaciones de Rancagua, ministro Pedro Caro, sostuvo una reuni\u00f3n de coordinaci\u00f3n con representantes de la Corporaci\u00f3n Opci\u00f3n, instancia en que se abord\u00f3 la elaboraci\u00f3n de gu\u00edas cl\u00ednicas para trabajar con j\u00f3venes infractores de ley.<\/p>\n\n\n\n<p>En la ocasi\u00f3n, participaron la coordinadora de proyectos de la Corporaci\u00f3n Opci\u00f3n, Ximena Rojas; la directora de los programas libertad asistida Cachapoal y especial O\u2019Higgins del organismo, Nicole Abarca; el administrador del tribunal de alzada, Juan G\u00f3mez; y el jefe de la Unidad de Control y Gesti\u00f3n de la Corte, Manuel Calder\u00f3n.<\/p>\n\n\n\n<figure class=\"wp-block-image size-large\"><img loading=\"lazy\" decoding=\"async\" width=\"1024\" height=\"682\" src=\"https:\/\/www.rengoenlanoticia.cl\/prensa\/wp-content\/uploads\/2025\/07\/WhatsApp-Image-2025-07-09-at-11.42.40-2-1024x682.jpeg\" alt=\"\" class=\"wp-image-4289\" srcset=\"https:\/\/www.rengoenlanoticia.cl\/prensa\/wp-content\/uploads\/2025\/07\/WhatsApp-Image-2025-07-09-at-11.42.40-2-1024x682.jpeg 1024w, https:\/\/www.rengoenlanoticia.cl\/prensa\/wp-content\/uploads\/2025\/07\/WhatsApp-Image-2025-07-09-at-11.42.40-2-300x200.jpeg 300w, https:\/\/www.rengoenlanoticia.cl\/prensa\/wp-content\/uploads\/2025\/07\/WhatsApp-Image-2025-07-09-at-11.42.40-2-768x512.jpeg 768w, https:\/\/www.rengoenlanoticia.cl\/prensa\/wp-content\/uploads\/2025\/07\/WhatsApp-Image-2025-07-09-at-11.42.40-2-1536x1023.jpeg 1536w, https:\/\/www.rengoenlanoticia.cl\/prensa\/wp-content\/uploads\/2025\/07\/WhatsApp-Image-2025-07-09-at-11.42.40-2-110x73.jpeg 110w, https:\/\/www.rengoenlanoticia.cl\/prensa\/wp-content\/uploads\/2025\/07\/WhatsApp-Image-2025-07-09-at-11.42.40-2-200x133.jpeg 200w, https:\/\/www.rengoenlanoticia.cl\/prensa\/wp-content\/uploads\/2025\/07\/WhatsApp-Image-2025-07-09-at-11.42.40-2-380x253.jpeg 380w, https:\/\/www.rengoenlanoticia.cl\/prensa\/wp-content\/uploads\/2025\/07\/WhatsApp-Image-2025-07-09-at-11.42.40-2-255x170.jpeg 255w, https:\/\/www.rengoenlanoticia.cl\/prensa\/wp-content\/uploads\/2025\/07\/WhatsApp-Image-2025-07-09-at-11.42.40-2-550x366.jpeg 550w, https:\/\/www.rengoenlanoticia.cl\/prensa\/wp-content\/uploads\/2025\/07\/WhatsApp-Image-2025-07-09-at-11.42.40-2-800x533.jpeg 800w, https:\/\/www.rengoenlanoticia.cl\/prensa\/wp-content\/uploads\/2025\/07\/WhatsApp-Image-2025-07-09-at-11.42.40-2-1160x773.jpeg 1160w, https:\/\/www.rengoenlanoticia.cl\/prensa\/wp-content\/uploads\/2025\/07\/WhatsApp-Image-2025-07-09-at-11.42.40-2.jpeg 1600w\" sizes=\"auto, (max-width: 1024px) 100vw, 1024px\" \/><\/figure>\n\n\n\n<p>\u201cHemos sostenido una reuni\u00f3n en que abordamos diversos puntos referentes al tratamiento de adolescentes infractores de ley. La relevancia est\u00e1 en la necesidad de trabajar con este tipo de instituciones que coordinan la reinserci\u00f3n de j\u00f3venes que se han visto involucrado en la comisi\u00f3n de delitos. En particular por la entrada en vigencia de la nueva Ley de Reinserci\u00f3n Social Juvenil, que comienza en esta regi\u00f3n en enero de 2026\u201d, se\u00f1al\u00f3 el presidente del tribunal de alzada, ministro Pedro Caro.<\/p>\n\n\n\n<p>En tanto, Ximena Rojas, coordinadora de proyectos del organismo, indic\u00f3 que \u201cla reuni\u00f3n tiene como objetivo coordinar el lanzamiento de las gu\u00edas cl\u00ednicas que estamos trabajando con j\u00f3venes infractores de ley que est\u00e1n sancionados por los tribunales de garant\u00eda y han cometido alg\u00fan tipo de delito en el marco de la Ley de Responsabilidad Penal Adolescente. Este es un instrumento para la intervenci\u00f3n concreta con los j\u00f3venes y nuestra idea era compartir algunos lineamientos t\u00e9cnicos con el presidente de la Corte de Apelaciones\u201d.<\/p>\n","protected":false},"excerpt":{"rendered":"El presidente de la Corte de Apelaciones de Rancagua, ministro Pedro Caro, sostuvo una reuni\u00f3n de coordinaci\u00f3n con&hellip;\n","protected":false},"author":2,"featured_media":4288,"comment_status":"open","ping_status":"open","sticky":false,"template":"","format":"standard","meta":{"_monsterinsights_skip_tracking":false,"_monsterinsights_sitenote_active":false,"_monsterinsights_sitenote_note":"","_monsterinsights_sitenote_category":0,"footnotes":""},"categories":[8],"tags":[],"class_list":{"0":"post-4279","1":"post","2":"type-post","3":"status-publish","4":"format-standard","5":"has-post-thumbnail","7":"category-portada"},"aioseo_notices":[],"_links":{"self":[{"href":"https:\/\/www.rengoenlanoticia.cl\/prensa\/wp-json\/wp\/v2\/posts\/4279","targetHints":{"allow":["GET"]}}],"collection":[{"href":"https:\/\/www.rengoenlanoticia.cl\/prensa\/wp-json\/wp\/v2\/posts"}],"about":[{"href":"https:\/\/www.rengoenlanoticia.cl\/prensa\/wp-json\/wp\/v2\/types\/post"}],"author":[{"embeddable":true,"href":"https:\/\/www.rengoenlanoticia.cl\/prensa\/wp-json\/wp\/v2\/users\/2"}],"replies":[{"embeddable":true,"href":"https:\/\/www.rengoenlanoticia.cl\/prensa\/wp-json\/wp\/v2\/comments?post=4279"}],"version-history":[{"count":2,"href":"https:\/\/www.rengoenlanoticia.cl\/prensa\/wp-json\/wp\/v2\/posts\/4279\/revisions"}],"predecessor-version":[{"id":4291,"href":"https:\/\/www.rengoenlanoticia.cl\/prensa\/wp-json\/wp\/v2\/posts\/4279\/revisions\/4291"}],"wp:featuredmedia":[{"embeddable":true,"href":"https:\/\/www.rengoenlanoticia.cl\/prensa\/wp-json\/wp\/v2\/media\/4288"}],"wp:attachment":[{"href":"https:\/\/www.rengoenlanoticia.cl\/prensa\/wp-json\/wp\/v2\/media?parent=4279"}],"wp:term":[{"taxonomy":"category","embeddable":true,"href":"https:\/\/www.rengoenlanoticia.cl\/prensa\/wp-json\/wp\/v2\/categories?post=4279"},{"taxonomy":"post_tag","embeddable":true,"href":"https:\/\/www.rengoenlanoticia.cl\/prensa\/wp-json\/wp\/v2\/tags?post=4279"}],"curies":[{"name":"wp","href":"https:\/\/api.w.org\/{rel}","templated":true}]}}