{"id":4278,"date":"2025-07-09T15:23:42","date_gmt":"2025-07-09T15:23:42","guid":{"rendered":"https:\/\/www.rengoenlanoticia.cl\/prensa\/?p=4278"},"modified":"2025-07-09T15:23:44","modified_gmt":"2025-07-09T15:23:44","slug":"patrulla-micc-de-carabineros-detiene-a-sujeto-que-sustrajo-medidores-de-agua-de-una-plaza-de-machali","status":"publish","type":"post","link":"https:\/\/www.rengoenlanoticia.cl\/prensa\/2025\/07\/09\/patrulla-micc-de-carabineros-detiene-a-sujeto-que-sustrajo-medidores-de-agua-de-una-plaza-de-machali\/","title":{"rendered":"Patrulla MICC de Carabineros detiene a sujeto que sustrajo medidores de agua de una plaza de Machal\u00ed"},"content":{"rendered":"\n<p>Carabineros del Modelo de Integraci\u00f3n Carabineros- Comunidad (MICC), detuvo a un individuo que momentos antes hab\u00eda sustra\u00eddo los medidores de agua de una plaza en Villa Las Lomas de Machal\u00ed.<br>Carabineros se encontraba realizando un recorrido en terreno para levantar incivilidades que pudieran afectar al sector, cuando detect\u00f3 al sujeto que hu\u00eda con los medidores, procediendo a su detenci\u00f3n.<br>Al realizar el control de identidad, \u00e9ste arroj\u00f3 que adem\u00e1s manten\u00eda una orden vigente por el delito de Robo en Bienes Nacionales de Uso P\u00fablico. Hoy pasa a control de detenci\u00f3n en el Juzgado de Garant\u00eda de Rancagua.<\/p>\n","protected":false},"excerpt":{"rendered":"Carabineros del Modelo de Integraci\u00f3n Carabineros- Comunidad (MICC), detuvo a un individuo que momentos antes hab\u00eda sustra\u00eddo los&hellip;\n","protected":false},"author":2,"featured_media":4280,"comment_status":"open","ping_status":"open","sticky":false,"template":"","format":"standard","meta":{"_monsterinsights_skip_tracking":false,"_monsterinsights_sitenote_active":false,"_monsterinsights_sitenote_note":"","_monsterinsights_sitenote_category":0,"footnotes":""},"categories":[5,8],"tags":[],"class_list":{"0":"post-4278","1":"post","2":"type-post","3":"status-publish","4":"format-standard","5":"has-post-thumbnail","7":"category-policial","8":"category-portada"},"aioseo_notices":[],"_links":{"self":[{"href":"https:\/\/www.rengoenlanoticia.cl\/prensa\/wp-json\/wp\/v2\/posts\/4278","targetHints":{"allow":["GET"]}}],"collection":[{"href":"https:\/\/www.rengoenlanoticia.cl\/prensa\/wp-json\/wp\/v2\/posts"}],"about":[{"href":"https:\/\/www.rengoenlanoticia.cl\/prensa\/wp-json\/wp\/v2\/types\/post"}],"author":[{"embeddable":true,"href":"https:\/\/www.rengoenlanoticia.cl\/prensa\/wp-json\/wp\/v2\/users\/2"}],"replies":[{"embeddable":true,"href":"https:\/\/www.rengoenlanoticia.cl\/prensa\/wp-json\/wp\/v2\/comments?post=4278"}],"version-history":[{"count":3,"href":"https:\/\/www.rengoenlanoticia.cl\/prensa\/wp-json\/wp\/v2\/posts\/4278\/revisions"}],"predecessor-version":[{"id":4283,"href":"https:\/\/www.rengoenlanoticia.cl\/prensa\/wp-json\/wp\/v2\/posts\/4278\/revisions\/4283"}],"wp:featuredmedia":[{"embeddable":true,"href":"https:\/\/www.rengoenlanoticia.cl\/prensa\/wp-json\/wp\/v2\/media\/4280"}],"wp:attachment":[{"href":"https:\/\/www.rengoenlanoticia.cl\/prensa\/wp-json\/wp\/v2\/media?parent=4278"}],"wp:term":[{"taxonomy":"category","embeddable":true,"href":"https:\/\/www.rengoenlanoticia.cl\/prensa\/wp-json\/wp\/v2\/categories?post=4278"},{"taxonomy":"post_tag","embeddable":true,"href":"https:\/\/www.rengoenlanoticia.cl\/prensa\/wp-json\/wp\/v2\/tags?post=4278"}],"curies":[{"name":"wp","href":"https:\/\/api.w.org\/{rel}","templated":true}]}}