{"id":4269,"date":"2025-07-09T15:17:54","date_gmt":"2025-07-09T15:17:54","guid":{"rendered":"https:\/\/www.rengoenlanoticia.cl\/prensa\/?p=4269"},"modified":"2025-07-09T15:19:09","modified_gmt":"2025-07-09T15:19:09","slug":"defensoria-del-contribuyente-capacita-a-personas-que-trabajan-en-ferias-libres-de-pichilemu-en-tematicas-tributarias","status":"publish","type":"post","link":"https:\/\/www.rengoenlanoticia.cl\/prensa\/2025\/07\/09\/defensoria-del-contribuyente-capacita-a-personas-que-trabajan-en-ferias-libres-de-pichilemu-en-tematicas-tributarias\/","title":{"rendered":"Defensor\u00eda del Contribuyente capacita a personas que trabajan en ferias libres de Pichilemu en tem\u00e1ticas tributarias"},"content":{"rendered":"\n<p>Esta capacitaci\u00f3n se dio en el marco de la Mesa Provincial de Ferias Libres, en la que participaron los comerciantes de ferias libres; y representantes de la Seremi de Econom\u00eda de la Regi\u00f3n de O\u00b4Higgins, de la Seremi de Agricultura de la Regi\u00f3n de O\u00b4Higgins, de Sercotec, de la Delegaci\u00f3n Presidencial Provincial de Cardenal Caro, del Servicio de Impuestos Internos y de la Defensor\u00eda del Contribuyente.<\/p>\n\n\n\n<p>Profesionales de la Defensor\u00eda del Contribuyente (Dedecon) realizaron una importante capacitaci\u00f3n a personas de Pichilemu, con el objeto de orientarlas en tem\u00e1ticas tributarias y de fomento del emprendimiento.<\/p>\n\n\n\n<p>Esta capacitaci\u00f3n se dio en el marco de la Mesa Provincial de Ferias Libres, en la que participaron los comerciantes de ferias libres; y representantes de la Seremi de Econom\u00eda de la Regi\u00f3n de O\u00b4Higgins, de la Seremi de Agricultura de la Regi\u00f3n de O\u00b4Higgins, de Sercotec, de la Delegaci\u00f3n Presidencial Provincial de Cardenal Caro, del Servicio de Impuestos Internos y de la Defensor\u00eda del Contribuyente.<\/p>\n\n\n\n<p>La charla de los profesionales de la Defensor\u00eda del Contribuyente estuvo enfocada en el \u201cR\u00e9gimen especial de Tributaci\u00f3n para Ferias Libres\u201d, instancia a trav\u00e9s de la cual pudieron explicar los alcances normativos de la medida, detallar los beneficios de la formalizaci\u00f3n y los pasos a seguir.<\/p>\n\n\n\n<p>Asimismo los profesionales de la Defensor\u00eda del Contribuyente tambi\u00e9n explicaron lo que es la Dedecon, los servicios que entrega, los diferentes reg\u00edmenes tributarios que existen y la importancia que tiene formalizar un negocio para poder acceder a los beneficios que entrega el Estado al emprendimiento.<\/p>\n\n\n\n<p>\u201cLa idea es que las personas que trabajan en ferias puedan avanzar en sus conocimientos tributarios y puedan resolver sus dudas. La Defensor\u00eda del Contribuyente es un organismo p\u00fablico, que entrega distintos servicios gratuitos, uno de ellos es el de educaci\u00f3n tributaria y acompa\u00f1amiento. Nuestro objetivo es capacitar a los emprendedores de ferias libres a que, primero, se informen de los beneficios de la formalizaci\u00f3n y luego avancen con el proceso de legalizaci\u00f3n de sus negocios\u201d, detall\u00f3 Bernardita Moraga, Jefa de la Divisi\u00f3n de Educaci\u00f3n Tributaria y Acompa\u00f1amiento de la Defensor\u00eda del Contribuyente.<\/p>\n\n\n\n<figure class=\"wp-block-image size-full\"><img loading=\"lazy\" decoding=\"async\" width=\"1024\" height=\"683\" src=\"https:\/\/www.rengoenlanoticia.cl\/prensa\/wp-content\/uploads\/2025\/07\/DSC7306.jpg\" alt=\"\" class=\"wp-image-4275\" srcset=\"https:\/\/www.rengoenlanoticia.cl\/prensa\/wp-content\/uploads\/2025\/07\/DSC7306.jpg 1024w, https:\/\/www.rengoenlanoticia.cl\/prensa\/wp-content\/uploads\/2025\/07\/DSC7306-300x200.jpg 300w, https:\/\/www.rengoenlanoticia.cl\/prensa\/wp-content\/uploads\/2025\/07\/DSC7306-768x512.jpg 768w, https:\/\/www.rengoenlanoticia.cl\/prensa\/wp-content\/uploads\/2025\/07\/DSC7306-110x73.jpg 110w, https:\/\/www.rengoenlanoticia.cl\/prensa\/wp-content\/uploads\/2025\/07\/DSC7306-200x133.jpg 200w, https:\/\/www.rengoenlanoticia.cl\/prensa\/wp-content\/uploads\/2025\/07\/DSC7306-380x253.jpg 380w, https:\/\/www.rengoenlanoticia.cl\/prensa\/wp-content\/uploads\/2025\/07\/DSC7306-255x170.jpg 255w, https:\/\/www.rengoenlanoticia.cl\/prensa\/wp-content\/uploads\/2025\/07\/DSC7306-550x367.jpg 550w, https:\/\/www.rengoenlanoticia.cl\/prensa\/wp-content\/uploads\/2025\/07\/DSC7306-800x534.jpg 800w\" sizes=\"auto, (max-width: 1024px) 100vw, 1024px\" \/><\/figure>\n\n\n\n<p>Las y los emprendedoras que participaron de la capacitaci\u00f3n, valoraron mucho la iniciativa, ya que les permiti\u00f3 adquirir nuevas herramientas y conocimientos que son claves para el futuro de sus negocios.<\/p>\n\n\n\n<p>Es preciso indicar que este tipo de capacitaciones son parte de una estrategia nacional de educaci\u00f3n tributaria, que es uno de los servicios que entrega la Dedecon a los contribuyentes y pymes de todo el pa\u00eds. \u201cContamos con un equipo altamente especializado que fomenta la educaci\u00f3n tributaria a lo largo de todo el pa\u00eds. Contamos con programas de acompa\u00f1amiento tributario enfocados en distintos p\u00fablicos y uno de ellos est\u00e1 dirigido a las personas que trabajan en ferias libres\u201d, explic\u00f3 Bernardita Moraga.<\/p>\n\n\n\n<p>Cualquier requerimiento a la Defensor\u00eda puede hacerse a trav\u00e9s de la p\u00e1gina web <a href=\"http:\/\/www.dedecon.cl\">www.dedecon.cl<\/a> o bien recurriendo a las oficinas de ChileAtiende<\/p>\n","protected":false},"excerpt":{"rendered":"Esta capacitaci\u00f3n se dio en el marco de la Mesa Provincial de Ferias Libres, en la que participaron&hellip;\n","protected":false},"author":2,"featured_media":4271,"comment_status":"open","ping_status":"open","sticky":false,"template":"","format":"standard","meta":{"_monsterinsights_skip_tracking":false,"_monsterinsights_sitenote_active":false,"_monsterinsights_sitenote_note":"","_monsterinsights_sitenote_category":0,"footnotes":""},"categories":[8],"tags":[],"class_list":{"0":"post-4269","1":"post","2":"type-post","3":"status-publish","4":"format-standard","5":"has-post-thumbnail","7":"category-portada"},"aioseo_notices":[],"_links":{"self":[{"href":"https:\/\/www.rengoenlanoticia.cl\/prensa\/wp-json\/wp\/v2\/posts\/4269","targetHints":{"allow":["GET"]}}],"collection":[{"href":"https:\/\/www.rengoenlanoticia.cl\/prensa\/wp-json\/wp\/v2\/posts"}],"about":[{"href":"https:\/\/www.rengoenlanoticia.cl\/prensa\/wp-json\/wp\/v2\/types\/post"}],"author":[{"embeddable":true,"href":"https:\/\/www.rengoenlanoticia.cl\/prensa\/wp-json\/wp\/v2\/users\/2"}],"replies":[{"embeddable":true,"href":"https:\/\/www.rengoenlanoticia.cl\/prensa\/wp-json\/wp\/v2\/comments?post=4269"}],"version-history":[{"count":2,"href":"https:\/\/www.rengoenlanoticia.cl\/prensa\/wp-json\/wp\/v2\/posts\/4269\/revisions"}],"predecessor-version":[{"id":4277,"href":"https:\/\/www.rengoenlanoticia.cl\/prensa\/wp-json\/wp\/v2\/posts\/4269\/revisions\/4277"}],"wp:featuredmedia":[{"embeddable":true,"href":"https:\/\/www.rengoenlanoticia.cl\/prensa\/wp-json\/wp\/v2\/media\/4271"}],"wp:attachment":[{"href":"https:\/\/www.rengoenlanoticia.cl\/prensa\/wp-json\/wp\/v2\/media?parent=4269"}],"wp:term":[{"taxonomy":"category","embeddable":true,"href":"https:\/\/www.rengoenlanoticia.cl\/prensa\/wp-json\/wp\/v2\/categories?post=4269"},{"taxonomy":"post_tag","embeddable":true,"href":"https:\/\/www.rengoenlanoticia.cl\/prensa\/wp-json\/wp\/v2\/tags?post=4269"}],"curies":[{"name":"wp","href":"https:\/\/api.w.org\/{rel}","templated":true}]}}