{"id":4268,"date":"2025-07-09T15:16:18","date_gmt":"2025-07-09T15:16:18","guid":{"rendered":"https:\/\/www.rengoenlanoticia.cl\/prensa\/?p=4268"},"modified":"2025-07-09T15:16:20","modified_gmt":"2025-07-09T15:16:20","slug":"olas-polares-en-el-cono-sur-por-que-el-calentamiento-global-tambien-puede-traer-frio-extremo","status":"publish","type":"post","link":"https:\/\/www.rengoenlanoticia.cl\/prensa\/2025\/07\/09\/olas-polares-en-el-cono-sur-por-que-el-calentamiento-global-tambien-puede-traer-frio-extremo\/","title":{"rendered":"Olas polares en el Cono Sur: \u00bfPor qu\u00e9 el calentamiento global tambi\u00e9n puede traer fr\u00edo extremo?"},"content":{"rendered":"\n<p><br><em>Especialista del CREA-UCSC explica c\u00f3mo el cambio clim\u00e1tico global est\u00e1 detr\u00e1s de los episodios de fr\u00edo intenso que afectan a Chile y plantea los desaf\u00edos que enfrenta el pa\u00eds en adaptaci\u00f3n y planificaci\u00f3n territorial.<\/em><\/p>\n\n\n\n<p>Las bajas temperaturas que han golpeado con fuerza a gran parte del pa\u00eds en las \u00faltimas semanas no son una contradicci\u00f3n del cambio clim\u00e1tico, sino una de sus consecuencias. As\u00ed lo advierte Marcelo Pavez, jefe de la Unidad de Medio Ambiente del Centro Regional de Estudios Ambientales (CREA) de la Universidad Cat\u00f3lica de la Sant\u00edsima Concepci\u00f3n (UCSC), quien explica que estos fen\u00f3menos extremos son parte de un patr\u00f3n clim\u00e1tico global alterado por el calentamiento del planeta.<\/p>\n\n\n\n<p>\u201cEl cambio clim\u00e1tico afecta de manera global al planeta, alterando los patrones clim\u00e1ticos de todas las regiones del mundo e incrementando la presencia de eventos extremos como huracanes, tormentas, olas de fr\u00edo o calor. Como el planeta est\u00e1 interconectado a trav\u00e9s de la circulaci\u00f3n atmosf\u00e9rica, cualquier variaci\u00f3n en la intensidad o periodicidad de alg\u00fan evento resultar\u00e1 en una respuesta en otro lado del mundo\u201d, se\u00f1ala P\u00e1vez.<\/p>\n\n\n\n<p>Uno de los factores clave para entender este fen\u00f3meno es el debilitamiento de los v\u00f3rtices polares, bandas de viento que tradicionalmente act\u00faan como una barrera natural para el aire fr\u00edo. Cuando estas bandas pierden fuerza o se desplazan, el aire g\u00e9lido de los polos se filtra hacia latitudes m\u00e1s bajas.<\/p>\n\n\n\n<p>\u201cEl calentamiento de la atm\u00f3sfera puede debilitar o desplazar los v\u00f3rtices polares, \u00e1rtico en el hemisferio norte y ant\u00e1rtico en el hemisferio sur, permitiendo que ondas de aire fr\u00edo traspasen su extensi\u00f3n hacia zonas m\u00e1s pobladas. Esto es, precisamente, lo que est\u00e1 ocurriendo en estos d\u00edas en la parte m\u00e1s austral del continente americano\u201d, detalla el especialista.<\/p>\n\n\n\n<p>En cuanto a la evidencia cient\u00edfica, Pavez se\u00f1ala que, si bien en el hemisferio norte existen numerosos estudios que vinculan estos desplazamientos con inviernos m\u00e1s crudos en Europa y Norteam\u00e9rica, en el hemisferio sur tambi\u00e9n se han documentado alteraciones. \u201cAlgunos estudios hablan del aumento en la intensidad del v\u00f3rtice polar ant\u00e1rtico en 2019, lo que elev\u00f3 la temperatura en el cono sur y favoreci\u00f3 los incendios forestales en Australia. Hoy, datos de la NOAA indican que desde 2024 este v\u00f3rtice ha mostrado un comportamiento opuesto, liberando masas de aire fr\u00edo hacia Sudam\u00e9rica y Ocean\u00eda\u201d.<\/p>\n\n\n\n<p>Ante este escenario, los desaf\u00edos para la adaptaci\u00f3n clim\u00e1tica son urgentes. El especialista del CREA-UCSC enfatiza que la planificaci\u00f3n urbana y territorial debe basarse en evidencia cient\u00edfica, considerando la variabilidad clim\u00e1tica futura y sus impactos.<\/p>\n\n\n\n<p>\u201cLos cambios previstos deber\u00edan incorporarse en decisiones como el uso del borde costero, zonas inundables o la expansi\u00f3n de monocultivos. Las pol\u00edticas p\u00fablicas deben basarse en datos confiables. Es imperativo tomar medidas urgentes para reducir la problem\u00e1tica del calentamiento global, comenzando por generar conciencia ambiental en la educaci\u00f3n escolar y aplicando una normativa rigurosa a nivel estatal que permita un desarrollo sostenible\u201d, concluy\u00f3 el experto.<\/p>\n","protected":false},"excerpt":{"rendered":"Especialista del CREA-UCSC explica c\u00f3mo el cambio clim\u00e1tico global est\u00e1 detr\u00e1s de los episodios de fr\u00edo intenso que&hellip;\n","protected":false},"author":2,"featured_media":4270,"comment_status":"open","ping_status":"open","sticky":false,"template":"","format":"standard","meta":{"_monsterinsights_skip_tracking":false,"_monsterinsights_sitenote_active":false,"_monsterinsights_sitenote_note":"","_monsterinsights_sitenote_category":0,"footnotes":""},"categories":[8],"tags":[],"class_list":{"0":"post-4268","1":"post","2":"type-post","3":"status-publish","4":"format-standard","5":"has-post-thumbnail","7":"category-portada"},"aioseo_notices":[],"_links":{"self":[{"href":"https:\/\/www.rengoenlanoticia.cl\/prensa\/wp-json\/wp\/v2\/posts\/4268","targetHints":{"allow":["GET"]}}],"collection":[{"href":"https:\/\/www.rengoenlanoticia.cl\/prensa\/wp-json\/wp\/v2\/posts"}],"about":[{"href":"https:\/\/www.rengoenlanoticia.cl\/prensa\/wp-json\/wp\/v2\/types\/post"}],"author":[{"embeddable":true,"href":"https:\/\/www.rengoenlanoticia.cl\/prensa\/wp-json\/wp\/v2\/users\/2"}],"replies":[{"embeddable":true,"href":"https:\/\/www.rengoenlanoticia.cl\/prensa\/wp-json\/wp\/v2\/comments?post=4268"}],"version-history":[{"count":3,"href":"https:\/\/www.rengoenlanoticia.cl\/prensa\/wp-json\/wp\/v2\/posts\/4268\/revisions"}],"predecessor-version":[{"id":4274,"href":"https:\/\/www.rengoenlanoticia.cl\/prensa\/wp-json\/wp\/v2\/posts\/4268\/revisions\/4274"}],"wp:featuredmedia":[{"embeddable":true,"href":"https:\/\/www.rengoenlanoticia.cl\/prensa\/wp-json\/wp\/v2\/media\/4270"}],"wp:attachment":[{"href":"https:\/\/www.rengoenlanoticia.cl\/prensa\/wp-json\/wp\/v2\/media?parent=4268"}],"wp:term":[{"taxonomy":"category","embeddable":true,"href":"https:\/\/www.rengoenlanoticia.cl\/prensa\/wp-json\/wp\/v2\/categories?post=4268"},{"taxonomy":"post_tag","embeddable":true,"href":"https:\/\/www.rengoenlanoticia.cl\/prensa\/wp-json\/wp\/v2\/tags?post=4268"}],"curies":[{"name":"wp","href":"https:\/\/api.w.org\/{rel}","templated":true}]}}