{"id":4263,"date":"2025-07-08T21:14:48","date_gmt":"2025-07-08T21:14:48","guid":{"rendered":"https:\/\/www.rengoenlanoticia.cl\/prensa\/?p=4263"},"modified":"2025-07-08T21:14:49","modified_gmt":"2025-07-08T21:14:49","slug":"musicos-solidarios-llenan-de-melodias-el-hospital-de-rengo","status":"publish","type":"post","link":"https:\/\/www.rengoenlanoticia.cl\/prensa\/2025\/07\/08\/musicos-solidarios-llenan-de-melodias-el-hospital-de-rengo\/","title":{"rendered":"M\u00fasicos solidarios llenan de melod\u00edas el Hospital de Rengo"},"content":{"rendered":"\n<p>\u00b7&nbsp;&nbsp;&nbsp;&nbsp;&nbsp;&nbsp;&nbsp;&nbsp;&nbsp;Luis Morales y David Troncoso, efectuaron una emotiva intervenci\u00f3n musical en salas de espera y unidades cl\u00ednicas, sorprendiendo gratamente a usuarios y funcionarios.<strong><em><\/em><\/strong><\/p>\n\n\n\n<p>Rengo, 8 de julio de 2025.-&nbsp;Con el objetivo de brindar bienestar emocional y espiritual a pacientes y funcionarios del Hospital Ricardo Valenzuela S\u00e1ez de Rengo, se desarroll\u00f3 una conmovedora jornada de musicoterapia en el marco del programa&nbsp;<em>Notas que Sanan<\/em>, impulsado por el Departamento de Humanizaci\u00f3n del establecimiento.<\/p>\n\n\n\n<p>La actividad estuvo a cargo de los destacados m\u00fasicos renguinos y profesores de la Escuela el Naranjal, Luis Morales y David Troncoso, quienes, de manera voluntaria, ofrecieron intervenciones musicales en salas de espera y unidades cl\u00ednicas, creando espacios de calma y alegr\u00eda para quienes transitan por el hospital.<\/p>\n\n\n\n<figure class=\"wp-block-image size-large\"><img loading=\"lazy\" decoding=\"async\" width=\"1024\" height=\"768\" src=\"https:\/\/www.rengoenlanoticia.cl\/prensa\/wp-content\/uploads\/2025\/07\/Musica-HR3-1024x768.jpg\" alt=\"\" class=\"wp-image-4265\" srcset=\"https:\/\/www.rengoenlanoticia.cl\/prensa\/wp-content\/uploads\/2025\/07\/Musica-HR3-1024x768.jpg 1024w, https:\/\/www.rengoenlanoticia.cl\/prensa\/wp-content\/uploads\/2025\/07\/Musica-HR3-300x225.jpg 300w, https:\/\/www.rengoenlanoticia.cl\/prensa\/wp-content\/uploads\/2025\/07\/Musica-HR3-768x576.jpg 768w, https:\/\/www.rengoenlanoticia.cl\/prensa\/wp-content\/uploads\/2025\/07\/Musica-HR3-1536x1152.jpg 1536w, https:\/\/www.rengoenlanoticia.cl\/prensa\/wp-content\/uploads\/2025\/07\/Musica-HR3-2048x1536.jpg 2048w, https:\/\/www.rengoenlanoticia.cl\/prensa\/wp-content\/uploads\/2025\/07\/Musica-HR3-110x83.jpg 110w, https:\/\/www.rengoenlanoticia.cl\/prensa\/wp-content\/uploads\/2025\/07\/Musica-HR3-200x150.jpg 200w, https:\/\/www.rengoenlanoticia.cl\/prensa\/wp-content\/uploads\/2025\/07\/Musica-HR3-380x285.jpg 380w, https:\/\/www.rengoenlanoticia.cl\/prensa\/wp-content\/uploads\/2025\/07\/Musica-HR3-255x191.jpg 255w, https:\/\/www.rengoenlanoticia.cl\/prensa\/wp-content\/uploads\/2025\/07\/Musica-HR3-550x413.jpg 550w, https:\/\/www.rengoenlanoticia.cl\/prensa\/wp-content\/uploads\/2025\/07\/Musica-HR3-800x600.jpg 800w, https:\/\/www.rengoenlanoticia.cl\/prensa\/wp-content\/uploads\/2025\/07\/Musica-HR3-1160x870.jpg 1160w, https:\/\/www.rengoenlanoticia.cl\/prensa\/wp-content\/uploads\/2025\/07\/Musica-HR3-scaled.jpg 2560w\" sizes=\"auto, (max-width: 1024px) 100vw, 1024px\" \/><\/figure>\n\n\n\n<p>Al respecto, la directora del hospital, Margarita Yercic Bravo, valor\u00f3 la iniciativa se\u00f1alando que \u00abesta intervenci\u00f3n musical no solo brind\u00f3 armon\u00eda a nuestros pacientes, usuarios y funcionarios, sino que tambi\u00e9n ofreci\u00f3 un momento grato y un respiro para muchas personas que est\u00e1n atravesando situaciones dif\u00edciles. Iniciativas como \u00e9sta nos recuerdan que el cuidado de la salud va m\u00e1s all\u00e1 de lo cl\u00ednico; el alma tambi\u00e9n necesita ser atendida. La m\u00fasica es una herramienta poderosa para entregar amor, calidez y cercan\u00eda, elementos esenciales en el proceso de atenci\u00f3n en salud\u00bb.<\/p>\n\n\n\n<p>En la misma l\u00ednea, la encargada del Departamento de Humanizaci\u00f3n del Hospital de Rengo, E.U. Marcela Saavedra, destac\u00f3 que \u00abrealizamos esta actividad llamada&nbsp;<em>Notas que Sanan<\/em>&nbsp;gracias a dos m\u00fasicos solidarios de nuestra comuna, Luis Morales y David Troncoso. Desde el Departamento de Humanizaci\u00f3n nos preocupamos de entregar bienestar a nuestros pacientes y usuarios mientras esperan ser atendidos, acompa\u00f1an a familiares en pabell\u00f3n o durante la hospitalizaci\u00f3n. Es una forma de entregar energ\u00eda sanadora y positiva que conecte con la espiritualidad y la sensibilidad de quienes nos visitan o trabajan en este hospital\u00bb.<\/p>\n\n\n\n<p>El flautista y multiinstrumentista Luis Morales, acompa\u00f1ado por el pianista y tambi\u00e9n multiinstrumentista David Troncoso, agradeci\u00f3 la oportunidad de participar en esta experiencia: \u00abEstamos muy agradecidos de poder compartir nuestra mirada musical. Esperamos que la comunidad viva estas instancias, que a trav\u00e9s de las melod\u00edas y manifestaciones art\u00edsticas podamos ser m\u00e1s sensibles al mundo que nos rodea, m\u00e1s atentos a las necesidades y dolores de los dem\u00e1s. Es un honor estar en el Hospital de Rengo y acompa\u00f1ar con m\u00fasica a quienes est\u00e1n atravesando momentos complejos. Deseamos aportar paz, esperanza y alegr\u00eda a los usuarios y funcionarios\u00bb.<\/p>\n\n\n\n<p><strong>Pacientes agradecidos<\/strong><\/p>\n\n\n\n<p>Los usuarios no tardaron en manifestar su emoci\u00f3n frente a esta significativa actividad. Delerita Morales, del sector Esmeralda de Rosario, quien acompa\u00f1aba a su madre a un control, expres\u00f3: \u00abEs una gran instancia y un bonito detalle para quienes viajamos de lejos. Es una doble emoci\u00f3n para quienes amamos la m\u00fasica y la naturaleza, porque estos minutos de melod\u00edas en vivo son un verdadero regalo. Es maravilloso ver que existen personas con talentos \u00fanicos dispuestas a compartirlos\u00bb.<\/p>\n\n\n\n<p>Por su parte, Hern\u00e1n Herrera, usuario de Rengo que se encontraba retirando medicamentos para sus padres, tambi\u00e9n valor\u00f3 la intervenci\u00f3n, destacando que \u00abfue una grata sorpresa, no solo para m\u00ed, a varios nos sac\u00f3 una sonrisa. Es una linda acci\u00f3n. Por lo que he visto en el Hospital de Rengo y por la experiencia de mis padres que se atienden aqu\u00ed, hay una atenci\u00f3n de calidad. Iniciativas como estas son importantes para fortalecer la atenci\u00f3n profesional y humanizada\u00bb.<\/p>\n","protected":false},"excerpt":{"rendered":"\u00b7&nbsp;&nbsp;&nbsp;&nbsp;&nbsp;&nbsp;&nbsp;&nbsp;&nbsp;Luis Morales y David Troncoso, efectuaron una emotiva intervenci\u00f3n musical en salas de espera y unidades cl\u00ednicas, sorprendiendo&hellip;\n","protected":false},"author":2,"featured_media":4264,"comment_status":"open","ping_status":"open","sticky":false,"template":"","format":"standard","meta":{"_monsterinsights_skip_tracking":false,"_monsterinsights_sitenote_active":false,"_monsterinsights_sitenote_note":"","_monsterinsights_sitenote_category":0,"footnotes":""},"categories":[1],"tags":[],"class_list":{"0":"post-4263","1":"post","2":"type-post","3":"status-publish","4":"format-standard","5":"has-post-thumbnail","7":"category-uncategorized"},"aioseo_notices":[],"_links":{"self":[{"href":"https:\/\/www.rengoenlanoticia.cl\/prensa\/wp-json\/wp\/v2\/posts\/4263","targetHints":{"allow":["GET"]}}],"collection":[{"href":"https:\/\/www.rengoenlanoticia.cl\/prensa\/wp-json\/wp\/v2\/posts"}],"about":[{"href":"https:\/\/www.rengoenlanoticia.cl\/prensa\/wp-json\/wp\/v2\/types\/post"}],"author":[{"embeddable":true,"href":"https:\/\/www.rengoenlanoticia.cl\/prensa\/wp-json\/wp\/v2\/users\/2"}],"replies":[{"embeddable":true,"href":"https:\/\/www.rengoenlanoticia.cl\/prensa\/wp-json\/wp\/v2\/comments?post=4263"}],"version-history":[{"count":2,"href":"https:\/\/www.rengoenlanoticia.cl\/prensa\/wp-json\/wp\/v2\/posts\/4263\/revisions"}],"predecessor-version":[{"id":4267,"href":"https:\/\/www.rengoenlanoticia.cl\/prensa\/wp-json\/wp\/v2\/posts\/4263\/revisions\/4267"}],"wp:featuredmedia":[{"embeddable":true,"href":"https:\/\/www.rengoenlanoticia.cl\/prensa\/wp-json\/wp\/v2\/media\/4264"}],"wp:attachment":[{"href":"https:\/\/www.rengoenlanoticia.cl\/prensa\/wp-json\/wp\/v2\/media?parent=4263"}],"wp:term":[{"taxonomy":"category","embeddable":true,"href":"https:\/\/www.rengoenlanoticia.cl\/prensa\/wp-json\/wp\/v2\/categories?post=4263"},{"taxonomy":"post_tag","embeddable":true,"href":"https:\/\/www.rengoenlanoticia.cl\/prensa\/wp-json\/wp\/v2\/tags?post=4263"}],"curies":[{"name":"wp","href":"https:\/\/api.w.org\/{rel}","templated":true}]}}