{"id":4250,"date":"2025-07-08T20:58:29","date_gmt":"2025-07-08T20:58:29","guid":{"rendered":"https:\/\/www.rengoenlanoticia.cl\/prensa\/?p=4250"},"modified":"2025-07-08T20:58:31","modified_gmt":"2025-07-08T20:58:31","slug":"delegacion-mop-ohiggins-visita-plantas-de-osmosis-inversa-en-antofagasta-para-fortalecer-soluciones-de-agua-potable-rural-en-la-region","status":"publish","type":"post","link":"https:\/\/www.rengoenlanoticia.cl\/prensa\/2025\/07\/08\/delegacion-mop-ohiggins-visita-plantas-de-osmosis-inversa-en-antofagasta-para-fortalecer-soluciones-de-agua-potable-rural-en-la-region\/","title":{"rendered":"DELEGACI\u00d3N MOP O\u2019HIGGINS VISITA PLANTAS DE OSMOSIS INVERSA EN ANTOFAGASTA PARA FORTALECER SOLUCIONES DE AGUA POTABLE RURAL EN LA REGI\u00d3N"},"content":{"rendered":"\n<p><strong><em>Funcionarios de la DOH recorrieron instalaciones en Paposo, Quillagua y San Pedro de Atacama para intercambiar experiencias y buenas pr\u00e1cticas en el tratamiento de aguas salinas y salobres.<\/em><\/strong><\/p>\n\n\n\n<p>Hasta la regi\u00f3n de Antofagasta se traslad\u00f3 un equipo de la Subdirecci\u00f3n de Servicios Sanitarios Rurales (SSR) de la Direcci\u00f3n de Obras Hidr\u00e1ulicas (DOH) MOP O\u2019Higgins, para conocer en terreno el funcionamiento de soluciones innovadoras de abastecimiento de agua potable en zonas rurales del norte del pa\u00eds. La delegaci\u00f3n visit\u00f3 las plantas de osmosis inversa del SSR Paposo, Quillagua y San Pedro de Atacama, donde el tratamiento de aguas saladas y salobres permite transformarlas en agua potable apta para el consumo de las comunidades rurales del norte del pa\u00eds.<\/p>\n\n\n\n<p>El equipo regional, encabezado por el subdirector de SSR de O\u2019Higgins, Miguel \u00c1ngel Rivera, junto a los profesionales de la DOH, Sebasti\u00e1n Rosas y Rodrigo Villegas, sostuvo reuniones con el seremi de Obras P\u00fablicas de Antofagasta, Pedro Barrios; la directora regional de Obras Hidr\u00e1ulicas, Gabriela Carrasco; y la subdirectora regional de SSR, Alfonsina Cort\u00e9s, quienes acompa\u00f1aron a la delegaci\u00f3n durante su recorrido.<\/p>\n\n\n\n<figure class=\"wp-block-image size-large\"><img loading=\"lazy\" decoding=\"async\" width=\"1024\" height=\"768\" src=\"https:\/\/www.rengoenlanoticia.cl\/prensa\/wp-content\/uploads\/2025\/07\/Fotos-4-SSR-1024x768.jpeg\" alt=\"\" class=\"wp-image-4253\" srcset=\"https:\/\/www.rengoenlanoticia.cl\/prensa\/wp-content\/uploads\/2025\/07\/Fotos-4-SSR-1024x768.jpeg 1024w, https:\/\/www.rengoenlanoticia.cl\/prensa\/wp-content\/uploads\/2025\/07\/Fotos-4-SSR-300x225.jpeg 300w, https:\/\/www.rengoenlanoticia.cl\/prensa\/wp-content\/uploads\/2025\/07\/Fotos-4-SSR-768x576.jpeg 768w, https:\/\/www.rengoenlanoticia.cl\/prensa\/wp-content\/uploads\/2025\/07\/Fotos-4-SSR-1536x1152.jpeg 1536w, https:\/\/www.rengoenlanoticia.cl\/prensa\/wp-content\/uploads\/2025\/07\/Fotos-4-SSR-110x83.jpeg 110w, https:\/\/www.rengoenlanoticia.cl\/prensa\/wp-content\/uploads\/2025\/07\/Fotos-4-SSR-200x150.jpeg 200w, https:\/\/www.rengoenlanoticia.cl\/prensa\/wp-content\/uploads\/2025\/07\/Fotos-4-SSR-380x285.jpeg 380w, https:\/\/www.rengoenlanoticia.cl\/prensa\/wp-content\/uploads\/2025\/07\/Fotos-4-SSR-255x191.jpeg 255w, https:\/\/www.rengoenlanoticia.cl\/prensa\/wp-content\/uploads\/2025\/07\/Fotos-4-SSR-550x413.jpeg 550w, https:\/\/www.rengoenlanoticia.cl\/prensa\/wp-content\/uploads\/2025\/07\/Fotos-4-SSR-800x600.jpeg 800w, https:\/\/www.rengoenlanoticia.cl\/prensa\/wp-content\/uploads\/2025\/07\/Fotos-4-SSR-1160x870.jpeg 1160w, https:\/\/www.rengoenlanoticia.cl\/prensa\/wp-content\/uploads\/2025\/07\/Fotos-4-SSR.jpeg 1600w\" sizes=\"auto, (max-width: 1024px) 100vw, 1024px\" \/><\/figure>\n\n\n\n<p><strong>\u201cTenemos grandes desaf\u00edos en nuestra regi\u00f3n respecto de la b\u00fasqueda de nuevas fuentes de aguas. Existen territorios declarados en situaci\u00f3n de escasez h\u00eddrica que dependen del abastecimiento mediante camiones aljibe y no cuentan con la posibilidad de crecer a trav\u00e9s de nuevos arranques. Adem\u00e1s, la falta de factibilidad impide el desarrollo de infraestructura esencial como postas, colegios o viviendas. En este contexto, la reciente visita de nuestros funcionarios al norte del pa\u00eds representa un claro ejemplo de nuestro compromiso por aprender, innovar y aplicar tecnolog\u00edas que mejoren la calidad de vida de nuestras comunidades rurales, entregando soluciones concretas para el acceso al agua potable\u201d<\/strong>, destac\u00f3 la seremi Mar\u00eda de los \u00c1ngeles Latorre.<\/p>\n\n\n\n<p>Miguel \u00c1ngel Rivera, Subdirector de SSR del MOP O\u2019Higgins, se\u00f1al\u00f3 que <strong>\u201cesta experiencia nos permite ampliar nuestra mirada sobre las soluciones que podemos implementar en nuestra regi\u00f3n. Aunque somos un mismo pa\u00eds, las realidades territoriales son muy distintas y aprender de ellas es clave para avanzar. Por ello, ver en terreno c\u00f3mo comunidades del norte logran abastecerse de agua potable a partir de fuentes salinas y salobres nos inspira a seguir mejorando en nuestras propias estrategias de gesti\u00f3n h\u00eddrica para beneficio de dos sistemas en la regi\u00f3n de O\u2019Higgins\u201d<\/strong>.<\/p>\n\n\n\n<p>Cabe destacar que dichas instancias permitieron intercambiar experiencias y compartir buenas pr\u00e1cticas en torno a la gesti\u00f3n sanitaria rural, fortaleciendo as\u00ed el trabajo colaborativo entre regiones.<\/p>\n\n\n\n<p>En este sentido, Rodrigo Villegas, profesional de la Direcci\u00f3n de Obras Hidr\u00e1ulicas, indic\u00f3 que <strong>\u201cla DOH est\u00e1 desarrollando el dise\u00f1o de una nueva fuente en Pichilemu, lo que representar\u00e1 un avance significativo para el abastecimiento de agua potable en la comuna. Conocer en terreno las experiencias exitosas del norte del pa\u00eds, ha sido fundamental para enriquecer nuestra visi\u00f3n y fortalecer la propuesta t\u00e9cnica que estamos desarrollando, pues, pudimos constatar que esta tecnolog\u00eda est\u00e1 ampliamente validada y aceptada por las comunidades, lo que nos motiva a replicar soluciones similares en nuestra regi\u00f3n\u201d<\/strong>.<\/p>\n\n\n\n<p>La visita t\u00e9cnica forma parte del compromiso del Ministerio de Obras P\u00fablicas por fortalecer la colaboraci\u00f3n interregional y avanzar en soluciones eficientes, sustentables y adaptadas a las distintas realidades del pa\u00eds para asegurar el acceso al agua potable en el mundo rural.<\/p>\n","protected":false},"excerpt":{"rendered":"Funcionarios de la DOH recorrieron instalaciones en Paposo, Quillagua y San Pedro de Atacama para intercambiar experiencias y&hellip;\n","protected":false},"author":2,"featured_media":4252,"comment_status":"open","ping_status":"open","sticky":false,"template":"","format":"standard","meta":{"_monsterinsights_skip_tracking":false,"_monsterinsights_sitenote_active":false,"_monsterinsights_sitenote_note":"","_monsterinsights_sitenote_category":0,"footnotes":""},"categories":[8],"tags":[],"class_list":{"0":"post-4250","1":"post","2":"type-post","3":"status-publish","4":"format-standard","5":"has-post-thumbnail","7":"category-portada"},"aioseo_notices":[],"_links":{"self":[{"href":"https:\/\/www.rengoenlanoticia.cl\/prensa\/wp-json\/wp\/v2\/posts\/4250","targetHints":{"allow":["GET"]}}],"collection":[{"href":"https:\/\/www.rengoenlanoticia.cl\/prensa\/wp-json\/wp\/v2\/posts"}],"about":[{"href":"https:\/\/www.rengoenlanoticia.cl\/prensa\/wp-json\/wp\/v2\/types\/post"}],"author":[{"embeddable":true,"href":"https:\/\/www.rengoenlanoticia.cl\/prensa\/wp-json\/wp\/v2\/users\/2"}],"replies":[{"embeddable":true,"href":"https:\/\/www.rengoenlanoticia.cl\/prensa\/wp-json\/wp\/v2\/comments?post=4250"}],"version-history":[{"count":3,"href":"https:\/\/www.rengoenlanoticia.cl\/prensa\/wp-json\/wp\/v2\/posts\/4250\/revisions"}],"predecessor-version":[{"id":4256,"href":"https:\/\/www.rengoenlanoticia.cl\/prensa\/wp-json\/wp\/v2\/posts\/4250\/revisions\/4256"}],"wp:featuredmedia":[{"embeddable":true,"href":"https:\/\/www.rengoenlanoticia.cl\/prensa\/wp-json\/wp\/v2\/media\/4252"}],"wp:attachment":[{"href":"https:\/\/www.rengoenlanoticia.cl\/prensa\/wp-json\/wp\/v2\/media?parent=4250"}],"wp:term":[{"taxonomy":"category","embeddable":true,"href":"https:\/\/www.rengoenlanoticia.cl\/prensa\/wp-json\/wp\/v2\/categories?post=4250"},{"taxonomy":"post_tag","embeddable":true,"href":"https:\/\/www.rengoenlanoticia.cl\/prensa\/wp-json\/wp\/v2\/tags?post=4250"}],"curies":[{"name":"wp","href":"https:\/\/api.w.org\/{rel}","templated":true}]}}