{"id":4241,"date":"2025-07-08T20:52:52","date_gmt":"2025-07-08T20:52:52","guid":{"rendered":"https:\/\/www.rengoenlanoticia.cl\/prensa\/?p=4241"},"modified":"2025-07-08T20:53:02","modified_gmt":"2025-07-08T20:53:02","slug":"acompanamiento-territorial-impulsa-proceso-de-certificacion-en-el-modelo-de-salud-familiar","status":"publish","type":"post","link":"https:\/\/www.rengoenlanoticia.cl\/prensa\/2025\/07\/08\/acompanamiento-territorial-impulsa-proceso-de-certificacion-en-el-modelo-de-salud-familiar\/","title":{"rendered":"Acompa\u00f1amiento territorial impulsa proceso de certificaci\u00f3n en el Modelo de Salud Familiar"},"content":{"rendered":"\n<p>\u00b7&nbsp;&nbsp;&nbsp;&nbsp;&nbsp;&nbsp;&nbsp;&nbsp;&nbsp;&nbsp;Durante dos meses, la Comisi\u00f3n de Certificaci\u00f3n recorri\u00f3 distintas comunas entregando orientaci\u00f3n directa a los equipos de salud para fortalecer sus capacidades y avanzar en la pauta de certificaci\u00f3n.<\/p>\n\n\n\n<p>Con el objetivo de brindar asistencia y acompa\u00f1amiento a los equipos de salud de los establecimientos de Atenci\u00f3n Primaria que solicitaron apoyo para el proceso de certificaci\u00f3n en el Modelo de Atenci\u00f3n Integral de Salud Familiar y Comunitario (MAISFC), la comisi\u00f3n de certificaci\u00f3n se traslad\u00f3 durante dos meses a distintas comunas de la regi\u00f3n para trabajar directamente con los equipos locales en la revisi\u00f3n de los indicadores contemplados en la ruta de certificaci\u00f3n.<\/p>\n\n\n\n<p>Las jornadas tuvieron como prop\u00f3sito entregar herramientas y orientaciones necesarias para fortalecer las competencias t\u00e9cnicas de los equipos de salud de los Cesfam Placilla, Cesfam Ch\u00e9pica, Cesfam Centro Rengo, Cesfam Palmilla, Cesfam San Vicente, Cesfam de Rancagua y Cesfam de Coltauco.<\/p>\n\n\n\n<p>Al respecto, la jefa del Departamento del Modelo de Atenci\u00f3n Integral de Salud Familiar y Comunitaria del Servicio de Salud O&#8217;Higgins, Cecilia Aravena, explic\u00f3 que \u201cestas jornadas de acompa\u00f1amiento surgieron a partir de los establecimientos que solicitaron ser certificados en el Modelo de Salud Familiar durante este a\u00f1o 2025. Durante mayo y junio, como comisi\u00f3n evaluadora, realizamos este acompa\u00f1amiento que consiste, principalmente, en revisar junto al equipo gestor del establecimiento el cumplimiento de los criterios establecidos en la pauta de certificaci\u00f3n\u201d.<\/p>\n\n\n\n<p>Sobre los indicadores obligatorios, Aravena precis\u00f3 que \u00ablos establecimientos deben cumplir ciertos criterios fundamentales. Si alguno de estos indicadores no se alcanza, no podr\u00edan ser certificados. Por ello, estamos desarrollando este acompa\u00f1amiento previo a la certificaci\u00f3n oficial, que se realizar\u00e1 entre noviembre y diciembre. La evaluaci\u00f3n de este proceso es muy positiva, primero por la disposici\u00f3n de la comisi\u00f3n evaluadora para programarse y llevar a cabo a cabo estas visitas, y segundo por la dedicaci\u00f3n comprometida y focalizada en los procesos de los equipos de salud\u00bb.<\/p>\n\n\n\n<p>Uno de los establecimientos que particip\u00f3 en este acompa\u00f1amiento fue el Cesfam de Placilla. Su directora, Margarita Fuentes, valor\u00f3 la instancia se\u00f1alando que \u00abel acompa\u00f1amiento ha sido muy positivo para el trabajo de nuestro equipo. El hecho de que vengan, nos escuchen, canalicen nuestras dudas y nos dediquen una ma\u00f1ana completa para asesorarnos es algo muy destacable. La disposici\u00f3n y el compromiso de cada uno de los asesores ha sido siempre excelente y digno de reconocimiento\u00bb.<\/p>\n\n\n\n<p>En la misma l\u00ednea, el director del Cesfam de Ch\u00e9pica, Julio Zapapa, agradeci\u00f3 el apoyo recibido y coment\u00f3 que \u00abfue una jornada muy provechosa. Pudimos revisar tanto los indicadores obligatorios como los no obligatorios, y aclarar varias dudas. Esto nos permitir\u00e1 llegar bien preparados a la certificaci\u00f3n a final de a\u00f1o. Adem\u00e1s, contamos con la participaci\u00f3n de nuestro equipo cl\u00ednico y de la directiva del Consejo de Desarrollo Local de Salud. Valoramos gran n\u00famero de estos aportes, que nos permiten mejorar en el cumplimiento de la pauta y en la a nuestras familias atenci\u00f3n\u201d.<\/p>\n\n\n\n<p>Por su parte, la directora del Cesfam de Palmilla, Luz Cabello, enfatiz\u00f3 que \u00abeste a\u00f1o nos estamos preparando para recertificarnos en el modelo. Como equipo hemos seguido trabajando en este enfoque y la reuni\u00f3n de acompa\u00f1amiento con los asesores fue fundamental para resolver dudas y fortalecer nuestro trabajo. Ha sido un proceso de acompa\u00f1amiento excepcional, que nos deja muy motivados para enfrentar este nuevo desaf\u00edo y lograr, al igual que en el proceso anterior, un resultado exitoso\u00bb.<\/p>\n\n\n\n<p>Cabe destacar que, adem\u00e1s del acompa\u00f1amiento presencial en los territorios, la comisi\u00f3n evaluadora revis\u00f3 registros y verificadores en terreno, manteniendo tambi\u00e9n asesor\u00edas permanentes de manera telem\u00e1tica para dar continuidad al proceso.<\/p>\n","protected":false},"excerpt":{"rendered":"\u00b7&nbsp;&nbsp;&nbsp;&nbsp;&nbsp;&nbsp;&nbsp;&nbsp;&nbsp;&nbsp;Durante dos meses, la Comisi\u00f3n de Certificaci\u00f3n recorri\u00f3 distintas comunas entregando orientaci\u00f3n directa a los equipos de salud&hellip;\n","protected":false},"author":2,"featured_media":4245,"comment_status":"open","ping_status":"open","sticky":false,"template":"","format":"standard","meta":{"_monsterinsights_skip_tracking":false,"_monsterinsights_sitenote_active":false,"_monsterinsights_sitenote_note":"","_monsterinsights_sitenote_category":0,"footnotes":""},"categories":[8],"tags":[],"class_list":{"0":"post-4241","1":"post","2":"type-post","3":"status-publish","4":"format-standard","5":"has-post-thumbnail","7":"category-portada"},"aioseo_notices":[],"_links":{"self":[{"href":"https:\/\/www.rengoenlanoticia.cl\/prensa\/wp-json\/wp\/v2\/posts\/4241","targetHints":{"allow":["GET"]}}],"collection":[{"href":"https:\/\/www.rengoenlanoticia.cl\/prensa\/wp-json\/wp\/v2\/posts"}],"about":[{"href":"https:\/\/www.rengoenlanoticia.cl\/prensa\/wp-json\/wp\/v2\/types\/post"}],"author":[{"embeddable":true,"href":"https:\/\/www.rengoenlanoticia.cl\/prensa\/wp-json\/wp\/v2\/users\/2"}],"replies":[{"embeddable":true,"href":"https:\/\/www.rengoenlanoticia.cl\/prensa\/wp-json\/wp\/v2\/comments?post=4241"}],"version-history":[{"count":3,"href":"https:\/\/www.rengoenlanoticia.cl\/prensa\/wp-json\/wp\/v2\/posts\/4241\/revisions"}],"predecessor-version":[{"id":4251,"href":"https:\/\/www.rengoenlanoticia.cl\/prensa\/wp-json\/wp\/v2\/posts\/4241\/revisions\/4251"}],"wp:featuredmedia":[{"embeddable":true,"href":"https:\/\/www.rengoenlanoticia.cl\/prensa\/wp-json\/wp\/v2\/media\/4245"}],"wp:attachment":[{"href":"https:\/\/www.rengoenlanoticia.cl\/prensa\/wp-json\/wp\/v2\/media?parent=4241"}],"wp:term":[{"taxonomy":"category","embeddable":true,"href":"https:\/\/www.rengoenlanoticia.cl\/prensa\/wp-json\/wp\/v2\/categories?post=4241"},{"taxonomy":"post_tag","embeddable":true,"href":"https:\/\/www.rengoenlanoticia.cl\/prensa\/wp-json\/wp\/v2\/tags?post=4241"}],"curies":[{"name":"wp","href":"https:\/\/api.w.org\/{rel}","templated":true}]}}